{"id":988,"date":"2022-09-22T09:32:45","date_gmt":"2022-09-22T14:32:45","guid":{"rendered":"https:\/\/bydauto.com.co\/blog\/?p=988"},"modified":"2022-09-22T15:44:34","modified_gmt":"2022-09-22T20:44:34","slug":"la-transformacion-de-la-movilidad-tiene-una-fecha-establecida","status":"publish","type":"post","link":"https:\/\/bydauto.com.co\/blog\/la-transformacion-de-la-movilidad-tiene-una-fecha-establecida\/","title":{"rendered":"La transformaci\u00f3n de la movilidad tiene una fecha establecida"},"content":{"rendered":"\n<h2 class=\"wp-block-heading\"><strong _msthash=\"26169\" _msttexthash=\"21529911\">Pa\u00edses de la Uni\u00f3n Europea apoyaron la decisi\u00f3n prohibir la venta de veh\u00edculos nuevos de diesel o gasolina que produzcan emisi\u00f3n de gases CO2, con el prop\u00f3sito de reducir las emisiones a 0 para el a\u00f1o 2035.<\/strong><\/h2>\n\n\n\n<figure class=\"wp-block-image size-large\"><img loading=\"lazy\" decoding=\"async\" width=\"768\" height=\"464\" src=\"https:\/\/bydauto.com.co\/blog\/wp-content\/uploads\/2022\/09\/transformacion-movilidad-tiene-fecha-establecida.jpg\" alt=\"Tres banderas con el s\u00edmbolo de la Uni\u00f3n Europea\" class=\"wp-image-990\" srcset=\"https:\/\/bydauto.com.co\/blog\/wp-content\/uploads\/2022\/09\/transformacion-movilidad-tiene-fecha-establecida.jpg 768w, https:\/\/bydauto.com.co\/blog\/wp-content\/uploads\/2022\/09\/transformacion-movilidad-tiene-fecha-establecida-300x181.jpg 300w\" sizes=\"(max-width: 767px) 89vw, (max-width: 1000px) 54vw, (max-width: 1071px) 543px, 580px\" \/><\/figure>\n\n\n\n<p>Pa\u00edses como Alemania e Italia impulsaron a que los dem\u00e1s miembros de la Uni\u00f3n Europea dieran luz verde para que las energ\u00edas en las que nos movilizamos sean renovables y amigables con el medio ambiente. Esta medida le apunta a eliminar por completo las emisiones de gas de efecto invernadero en los veh\u00edculos y otros medios de transporte.<\/p>\n\n\n\n<p>Durante la reuni\u00f3n se estableci\u00f3 que <strong>las empresas deben dar prioridad a la lucha contra el cambio clim\u00e1tico<\/strong>, de no ser as\u00ed cada vez les ser\u00e1 m\u00e1s dif\u00edcil acceder al mercado europeo. <\/p>\n\n\n\n<p>La industria automotriz tiene el desaf\u00edo de implementar en sus l\u00edneas de producto m\u00e1s veh\u00edculos con tecnolog\u00edas alternativas como carburantes sint\u00e9ticos o h\u00edbridos recargables eliminando por completo cualquier emisi\u00f3n de gas.<\/p>\n\n\n\n<p>Te puede interesar: <a href=\"https:\/\/www.asuntoslegales.com.co\/analisis\/camila-jimenez-lara-521981\/retos-del-pais-frente-a-los-compromisos-en-la-cop-26-3272098\">Compromisos ambientales<\/a><\/p>\n\n\n\n<h3 class=\"wp-block-heading\"><font _mstmutation=\"1\" _msthash=\"10477\" _msttexthash=\"10465\"><strong>Inversi\u00f3n en electrificaci\u00f3n de veh\u00edculos<\/strong> <\/font><\/h3>\n\n\n\n<p>Uno de los prop\u00f3sitos es lograr aumentar la inversi\u00f3n en electrificaci\u00f3n de la industria automotriz para facilitar la transici\u00f3n real en la fecha establecida. <strong>El sector debe acelerar este proceso con veh\u00edculos innovadores<\/strong> que cumplan los requisitos de la industria el\u00e9ctrica.<\/p>\n\n\n\n<p>La transformaci\u00f3n energ\u00e9tica brinda posibilidades de posicionamiento en la industria, ayudando a que las empresas tengan una inversi\u00f3n a futuro. Esto ayuda a reducir la huella ambiental y es vital para el bienestar econ\u00f3mico, el crecimiento del empleo y el desarrollo social de las comunidades involucradas.<\/p>\n\n\n\n<p>Otra inversi\u00f3n que debe realizar la industria automotriz es el aumento de la instalaci\u00f3n de cargadores de veh\u00edculos con bater\u00eda el\u00e9ctrica, apost\u00e1ndole al aumento de compra y el beneficio de quienes ya son usuarios de los veh\u00edculos el\u00e9ctricos.<\/p>\n\n\n\n<figure class=\"wp-block-image size-large\"><img loading=\"lazy\" decoding=\"async\" width=\"768\" height=\"464\" src=\"https:\/\/bydauto.com.co\/blog\/wp-content\/uploads\/2022\/09\/transformacion-movilidad-tiene-fecha-establecida-2.jpg\" alt=\"Tranc\u00f3n por acumulaci\u00f3n de veh\u00edculos en una ciudad \" class=\"wp-image-991\" srcset=\"https:\/\/bydauto.com.co\/blog\/wp-content\/uploads\/2022\/09\/transformacion-movilidad-tiene-fecha-establecida-2.jpg 768w, https:\/\/bydauto.com.co\/blog\/wp-content\/uploads\/2022\/09\/transformacion-movilidad-tiene-fecha-establecida-2-300x181.jpg 300w\" sizes=\"(max-width: 767px) 89vw, (max-width: 1000px) 54vw, (max-width: 1071px) 543px, 580px\" \/><\/figure>\n\n\n\n<h3 class=\"wp-block-heading\"><strong>Contaminaci\u00f3n vehicular <\/strong><\/h3>\n\n\n\n<p>El gas contaminante que tiene m\u00e1s impacto en la atm\u00f3sfera es el vehicular, el mon\u00f3xido de carbono y otras toxinas emitidas por los veh\u00edculos, afecta de manera negativa el medio ambiente y genera problemas de salud en las personas.<\/p>\n\n\n\n<p>Algunas empresas han trabajado desde el a\u00f1o 2000 para reducir la huella de carbono generada por los autom\u00f3viles, pero no ha sido suficiente. Si bien,  ha disminuido debido a la creaci\u00f3n de filtros de part\u00edculas para motores de gasolina y diesel, no es una soluci\u00f3n definitiva.<\/p>\n\n\n\n<p>Te recomendamos leer: <a href=\"https:\/\/bydauto.com.co\/blog\/adquiere-un-vehiculo-electrico-aqui-te-damos-cinco-razones\/\">Razones para comprar un veh\u00edculo el\u00e9ctrico<\/a><\/p>\n\n\n\n<h3 class=\"wp-block-heading\"><strong>La decisi\u00f3n final <\/strong><\/h3>\n\n\n\n<p>Algunas empresas rechazan esta decisi\u00f3n bajo el argumento del tiempo, indicando que es muy pronto para lograr la transici\u00f3n, a pesar de que muchas empresas en el mundo ya han optado por estas energ\u00edas para sus veh\u00edculos. <\/p>\n\n\n\n<p><\/p>\n\n\n\n<p>La medida busca que los fabricantes europeos aceleren la transformaci\u00f3n de sus tecnolog\u00edas. <font _mstmutation=\"1\" _msthash=\"26380\" _msttexthash=\"50813815\">La decisi\u00f3n a\u00fan no es definitiva, pese a que la mayor\u00eda de los pa\u00edses se encuentran de acuerdo, quedan pendientes negociaciones para el logro de esta ley. <\/font><\/p>\n\n\n\n<p><font _mstmutation=\"1\" _msthash=\"26380\" _msttexthash=\"50813815\">Algunos consideran que es un cambio r\u00e1pido, pero <strong _mstmutation=\"1\">el objetivo principal es que las empresas tengan tiempo para un acompa\u00f1amiento y una transici\u00f3n planificada.<\/strong><\/font><\/p>\n\n\n\n<p>Uno de los acuerdos definitivos es que para 2026 la Comisi\u00f3n Europea examine los progresos realizados y los objetivos de las empresas en cuanto a los avances tecnol\u00f3gicos en sus veh\u00edculos, el principal punto a revisar es: veh\u00edculos h\u00edbridos enchufables.<\/p>\n\n\n\n<p><font _mstmutation=\"1\" _msthash=\"20493\" _msttexthash=\"25258610\">En BYD estamos comprometidos con la reducci\u00f3n de la huella de carbono. Conoce nuestro compromiso a trav\u00e9s de <a _mstmutation=\"1\" href=\"https:\/\/bydauto.com.co\/modelos\/\">nuestros modelos el\u00e9ctricos.<\/a> <\/font><\/p>\n\n\n\n<p><font _mstmutation=\"1\" _msthash=\"20493\" _msttexthash=\"25258610\">Contin\u00faa leyendo: <a _mstmutation=\"1\" href=\"https:\/\/bydauto.com.co\/blog\/aumentan-registros-de-carros-electricos\/\">Colombia se mueve con \u00e9xito hacia la movilidad sostenible<\/a><\/font><\/p>\n","protected":false},"excerpt":{"rendered":"<p>Pa\u00edses de la Uni\u00f3n Europea apoyaron la decisi\u00f3n prohibir la venta de veh\u00edculos nuevos de diesel o gasolina que produzcan emisi\u00f3n de gases CO2, con el prop\u00f3sito de reducir las emisiones a 0 para el a\u00f1o 2035. Pa\u00edses como Alemania e Italia impulsaron a que los dem\u00e1s miembros de la Uni\u00f3n Europea dieran luz verde &hellip; <\/p>\n<p class=\"link-more\"><a href=\"https:\/\/bydauto.com.co\/blog\/la-transformacion-de-la-movilidad-tiene-una-fecha-establecida\/\" class=\"more-link\">Seguir leyendo<span class=\"screen-reader-text\"> &#8220;La transformaci\u00f3n de la movilidad tiene una fecha establecida&#8221;<\/span><\/a><\/p>\n","protected":false},"author":4,"featured_media":990,"comment_status":"open","ping_status":"open","sticky":false,"template":"","format":"standard","meta":{"footnotes":""},"categories":[4,9],"tags":[8,7],"class_list":["post-988","post","type-post","status-publish","format-standard","has-post-thumbnail","hentry","category-bydcolombia","category-carros-electricos","tag-industria-automotriz","tag-vehiculos"],"yoast_head":"<!-- This site is optimized with the Yoast SEO plugin v23.6 - https:\/\/yoast.com\/wordpress\/plugins\/seo\/ -->\n<title>UE prohibir\u00e1 la venta de carros de combusti\u00f3n en 2035<\/title>\n<meta name=\"description\" content=\"A partir del 2035 todos los veh\u00edculos ser\u00e1n el\u00e9ctricos, se acaba lacreaci\u00f3n de veh\u00edculos a gasolina o diesel.\" \/>\n<meta name=\"robots\" content=\"index, follow, max-snippet:-1, max-image-preview:large, max-video-preview:-1\" \/>\n<link rel=\"canonical\" href=\"https:\/\/bydauto.com.co\/blog\/la-transformacion-de-la-movilidad-tiene-una-fecha-establecida\/\" \/>\n<meta property=\"og:locale\" content=\"es_ES\" \/>\n<meta property=\"og:type\" content=\"article\" \/>\n<meta property=\"og:title\" content=\"UE prohibir\u00e1 la venta de carros de combusti\u00f3n en 2035\" \/>\n<meta property=\"og:description\" content=\"A partir del 2035 todos los veh\u00edculos ser\u00e1n el\u00e9ctricos, se acaba lacreaci\u00f3n de veh\u00edculos a gasolina o diesel.\" \/>\n<meta property=\"og:url\" content=\"https:\/\/bydauto.com.co\/blog\/la-transformacion-de-la-movilidad-tiene-una-fecha-establecida\/\" \/>\n<meta property=\"og:site_name\" content=\"BYD Auto Colombia\" \/>\n<meta property=\"article:publisher\" content=\"https:\/\/www.facebook.com\/BYDAutoColombia\" \/>\n<meta property=\"article:published_time\" content=\"2022-09-22T14:32:45+00:00\" \/>\n<meta property=\"article:modified_time\" content=\"2022-09-22T20:44:34+00:00\" \/>\n<meta property=\"og:image\" content=\"https:\/\/bydauto.com.co\/blog\/wp-content\/uploads\/2022\/09\/transformacion-movilidad-tiene-fecha-establecida.jpg\" \/>\n\t<meta property=\"og:image:width\" content=\"768\" \/>\n\t<meta property=\"og:image:height\" content=\"464\" \/>\n\t<meta property=\"og:image:type\" content=\"image\/jpeg\" \/>\n<meta name=\"author\" content=\"Daniel Torres\" \/>\n<meta name=\"twitter:label1\" content=\"Escrito por\" \/>\n\t<meta name=\"twitter:data1\" content=\"Daniel Torres\" \/>\n\t<meta name=\"twitter:label2\" content=\"Tiempo de lectura\" \/>\n\t<meta name=\"twitter:data2\" content=\"3 minutos\" \/>\n<script type=\"application\/ld+json\" class=\"yoast-schema-graph\">{\"@context\":\"https:\/\/schema.org\",\"@graph\":[{\"@type\":\"Article\",\"@id\":\"https:\/\/bydauto.com.co\/blog\/la-transformacion-de-la-movilidad-tiene-una-fecha-establecida\/#article\",\"isPartOf\":{\"@id\":\"https:\/\/bydauto.com.co\/blog\/la-transformacion-de-la-movilidad-tiene-una-fecha-establecida\/\"},\"author\":{\"name\":\"Daniel Torres\",\"@id\":\"https:\/\/bydauto.com.co\/blog\/#\/schema\/person\/97e38996cd8677f633cf07d20d82096f\"},\"headline\":\"La transformaci\u00f3n de la movilidad tiene una fecha establecida\",\"datePublished\":\"2022-09-22T14:32:45+00:00\",\"dateModified\":\"2022-09-22T20:44:34+00:00\",\"mainEntityOfPage\":{\"@id\":\"https:\/\/bydauto.com.co\/blog\/la-transformacion-de-la-movilidad-tiene-una-fecha-establecida\/\"},\"wordCount\":651,\"commentCount\":0,\"publisher\":{\"@id\":\"https:\/\/bydauto.com.co\/blog\/#organization\"},\"image\":{\"@id\":\"https:\/\/bydauto.com.co\/blog\/la-transformacion-de-la-movilidad-tiene-una-fecha-establecida\/#primaryimage\"},\"thumbnailUrl\":\"https:\/\/bydauto.com.co\/blog\/wp-content\/uploads\/2022\/09\/transformacion-movilidad-tiene-fecha-establecida.jpg\",\"keywords\":[\"Industria automotriz\",\"veh\u00edculos\"],\"articleSection\":[\"BYD Colombia\",\"Carros el\u00e9ctricos\"],\"inLanguage\":\"es-CO\",\"potentialAction\":[{\"@type\":\"CommentAction\",\"name\":\"Comment\",\"target\":[\"https:\/\/bydauto.com.co\/blog\/la-transformacion-de-la-movilidad-tiene-una-fecha-establecida\/#respond\"]}]},{\"@type\":\"WebPage\",\"@id\":\"https:\/\/bydauto.com.co\/blog\/la-transformacion-de-la-movilidad-tiene-una-fecha-establecida\/\",\"url\":\"https:\/\/bydauto.com.co\/blog\/la-transformacion-de-la-movilidad-tiene-una-fecha-establecida\/\",\"name\":\"UE prohibir\u00e1 la venta de carros de combusti\u00f3n en 2035\",\"isPartOf\":{\"@id\":\"https:\/\/bydauto.com.co\/blog\/#website\"},\"primaryImageOfPage\":{\"@id\":\"https:\/\/bydauto.com.co\/blog\/la-transformacion-de-la-movilidad-tiene-una-fecha-establecida\/#primaryimage\"},\"image\":{\"@id\":\"https:\/\/bydauto.com.co\/blog\/la-transformacion-de-la-movilidad-tiene-una-fecha-establecida\/#primaryimage\"},\"thumbnailUrl\":\"https:\/\/bydauto.com.co\/blog\/wp-content\/uploads\/2022\/09\/transformacion-movilidad-tiene-fecha-establecida.jpg\",\"datePublished\":\"2022-09-22T14:32:45+00:00\",\"dateModified\":\"2022-09-22T20:44:34+00:00\",\"description\":\"A partir del 2035 todos los veh\u00edculos ser\u00e1n el\u00e9ctricos, se acaba lacreaci\u00f3n de veh\u00edculos a gasolina o diesel.\",\"breadcrumb\":{\"@id\":\"https:\/\/bydauto.com.co\/blog\/la-transformacion-de-la-movilidad-tiene-una-fecha-establecida\/#breadcrumb\"},\"inLanguage\":\"es-CO\",\"potentialAction\":[{\"@type\":\"ReadAction\",\"target\":[\"https:\/\/bydauto.com.co\/blog\/la-transformacion-de-la-movilidad-tiene-una-fecha-establecida\/\"]}]},{\"@type\":\"ImageObject\",\"inLanguage\":\"es-CO\",\"@id\":\"https:\/\/bydauto.com.co\/blog\/la-transformacion-de-la-movilidad-tiene-una-fecha-establecida\/#primaryimage\",\"url\":\"https:\/\/bydauto.com.co\/blog\/wp-content\/uploads\/2022\/09\/transformacion-movilidad-tiene-fecha-establecida.jpg\",\"contentUrl\":\"https:\/\/bydauto.com.co\/blog\/wp-content\/uploads\/2022\/09\/transformacion-movilidad-tiene-fecha-establecida.jpg\",\"width\":768,\"height\":464,\"caption\":\"Tres banderas con el s\u00edmbolo de la Uni\u00f3n Europea\"},{\"@type\":\"BreadcrumbList\",\"@id\":\"https:\/\/bydauto.com.co\/blog\/la-transformacion-de-la-movilidad-tiene-una-fecha-establecida\/#breadcrumb\",\"itemListElement\":[{\"@type\":\"ListItem\",\"position\":1,\"name\":\"Home\",\"item\":\"https:\/\/bydauto.com.co\/blog\/\"},{\"@type\":\"ListItem\",\"position\":2,\"name\":\"La transformaci\u00f3n de la movilidad tiene una fecha establecida\"}]},{\"@type\":\"WebSite\",\"@id\":\"https:\/\/bydauto.com.co\/blog\/#website\",\"url\":\"https:\/\/bydauto.com.co\/blog\/\",\"name\":\"BYD Auto Colombia\",\"description\":\"Te damos la bienvenida al blog oficial de BYD Auto Colombia.\",\"publisher\":{\"@id\":\"https:\/\/bydauto.com.co\/blog\/#organization\"},\"potentialAction\":[{\"@type\":\"SearchAction\",\"target\":{\"@type\":\"EntryPoint\",\"urlTemplate\":\"https:\/\/bydauto.com.co\/blog\/?s={search_term_string}\"},\"query-input\":{\"@type\":\"PropertyValueSpecification\",\"valueRequired\":true,\"valueName\":\"search_term_string\"}}],\"inLanguage\":\"es-CO\"},{\"@type\":\"Organization\",\"@id\":\"https:\/\/bydauto.com.co\/blog\/#organization\",\"name\":\"BYD Auto Colombia\",\"url\":\"https:\/\/bydauto.com.co\/blog\/\",\"logo\":{\"@type\":\"ImageObject\",\"inLanguage\":\"es-CO\",\"@id\":\"https:\/\/bydauto.com.co\/blog\/#\/schema\/logo\/image\/\",\"url\":\"https:\/\/bydauto.com.co\/blog\/wp-content\/uploads\/2025\/10\/cropped-logo_oscuro_7862c2d25a.png\",\"contentUrl\":\"https:\/\/bydauto.com.co\/blog\/wp-content\/uploads\/2025\/10\/cropped-logo_oscuro_7862c2d25a.png\",\"width\":1290,\"height\":250,\"caption\":\"BYD Auto Colombia\"},\"image\":{\"@id\":\"https:\/\/bydauto.com.co\/blog\/#\/schema\/logo\/image\/\"},\"sameAs\":[\"https:\/\/www.facebook.com\/BYDAutoColombia\",\"https:\/\/www.instagram.com\/bydautocolombia\/\",\"https:\/\/www.youtube.com\/channel\/UC5T2CarA3VHbF6buuvcWPXA\"]},{\"@type\":\"Person\",\"@id\":\"https:\/\/bydauto.com.co\/blog\/#\/schema\/person\/97e38996cd8677f633cf07d20d82096f\",\"name\":\"Daniel Torres\",\"image\":{\"@type\":\"ImageObject\",\"inLanguage\":\"es-CO\",\"@id\":\"https:\/\/bydauto.com.co\/blog\/#\/schema\/person\/image\/\",\"url\":\"https:\/\/secure.gravatar.com\/avatar\/460795ba393c7da1a1279ef49917f11f?s=96&d=mm&r=g\",\"contentUrl\":\"https:\/\/secure.gravatar.com\/avatar\/460795ba393c7da1a1279ef49917f11f?s=96&d=mm&r=g\",\"caption\":\"Daniel Torres\"},\"url\":\"https:\/\/bydauto.com.co\/blog\/author\/egt\/\"}]}<\/script>\n<!-- \/ Yoast SEO plugin. -->","yoast_head_json":{"title":"UE prohibir\u00e1 la venta de carros de combusti\u00f3n en 2035","description":"A partir del 2035 todos los veh\u00edculos ser\u00e1n el\u00e9ctricos, se acaba lacreaci\u00f3n de veh\u00edculos a gasolina o diesel.","robots":{"index":"index","follow":"follow","max-snippet":"max-snippet:-1","max-image-preview":"max-image-preview:large","max-video-preview":"max-video-preview:-1"},"canonical":"https:\/\/bydauto.com.co\/blog\/la-transformacion-de-la-movilidad-tiene-una-fecha-establecida\/","og_locale":"es_ES","og_type":"article","og_title":"UE prohibir\u00e1 la venta de carros de combusti\u00f3n en 2035","og_description":"A partir del 2035 todos los veh\u00edculos ser\u00e1n el\u00e9ctricos, se acaba lacreaci\u00f3n de veh\u00edculos a gasolina o diesel.","og_url":"https:\/\/bydauto.com.co\/blog\/la-transformacion-de-la-movilidad-tiene-una-fecha-establecida\/","og_site_name":"BYD Auto Colombia","article_publisher":"https:\/\/www.facebook.com\/BYDAutoColombia","article_published_time":"2022-09-22T14:32:45+00:00","article_modified_time":"2022-09-22T20:44:34+00:00","og_image":[{"width":768,"height":464,"url":"https:\/\/bydauto.com.co\/blog\/wp-content\/uploads\/2022\/09\/transformacion-movilidad-tiene-fecha-establecida.jpg","type":"image\/jpeg"}],"author":"Daniel Torres","twitter_misc":{"Escrito por":"Daniel Torres","Tiempo de lectura":"3 minutos"},"schema":{"@context":"https:\/\/schema.org","@graph":[{"@type":"Article","@id":"https:\/\/bydauto.com.co\/blog\/la-transformacion-de-la-movilidad-tiene-una-fecha-establecida\/#article","isPartOf":{"@id":"https:\/\/bydauto.com.co\/blog\/la-transformacion-de-la-movilidad-tiene-una-fecha-establecida\/"},"author":{"name":"Daniel Torres","@id":"https:\/\/bydauto.com.co\/blog\/#\/schema\/person\/97e38996cd8677f633cf07d20d82096f"},"headline":"La transformaci\u00f3n de la movilidad tiene una fecha establecida","datePublished":"2022-09-22T14:32:45+00:00","dateModified":"2022-09-22T20:44:34+00:00","mainEntityOfPage":{"@id":"https:\/\/bydauto.com.co\/blog\/la-transformacion-de-la-movilidad-tiene-una-fecha-establecida\/"},"wordCount":651,"commentCount":0,"publisher":{"@id":"https:\/\/bydauto.com.co\/blog\/#organization"},"image":{"@id":"https:\/\/bydauto.com.co\/blog\/la-transformacion-de-la-movilidad-tiene-una-fecha-establecida\/#primaryimage"},"thumbnailUrl":"https:\/\/bydauto.com.co\/blog\/wp-content\/uploads\/2022\/09\/transformacion-movilidad-tiene-fecha-establecida.jpg","keywords":["Industria automotriz","veh\u00edculos"],"articleSection":["BYD Colombia","Carros el\u00e9ctricos"],"inLanguage":"es-CO","potentialAction":[{"@type":"CommentAction","name":"Comment","target":["https:\/\/bydauto.com.co\/blog\/la-transformacion-de-la-movilidad-tiene-una-fecha-establecida\/#respond"]}]},{"@type":"WebPage","@id":"https:\/\/bydauto.com.co\/blog\/la-transformacion-de-la-movilidad-tiene-una-fecha-establecida\/","url":"https:\/\/bydauto.com.co\/blog\/la-transformacion-de-la-movilidad-tiene-una-fecha-establecida\/","name":"UE prohibir\u00e1 la venta de carros de combusti\u00f3n en 2035","isPartOf":{"@id":"https:\/\/bydauto.com.co\/blog\/#website"},"primaryImageOfPage":{"@id":"https:\/\/bydauto.com.co\/blog\/la-transformacion-de-la-movilidad-tiene-una-fecha-establecida\/#primaryimage"},"image":{"@id":"https:\/\/bydauto.com.co\/blog\/la-transformacion-de-la-movilidad-tiene-una-fecha-establecida\/#primaryimage"},"thumbnailUrl":"https:\/\/bydauto.com.co\/blog\/wp-content\/uploads\/2022\/09\/transformacion-movilidad-tiene-fecha-establecida.jpg","datePublished":"2022-09-22T14:32:45+00:00","dateModified":"2022-09-22T20:44:34+00:00","description":"A partir del 2035 todos los veh\u00edculos ser\u00e1n el\u00e9ctricos, se acaba lacreaci\u00f3n de veh\u00edculos a gasolina o diesel.","breadcrumb":{"@id":"https:\/\/bydauto.com.co\/blog\/la-transformacion-de-la-movilidad-tiene-una-fecha-establecida\/#breadcrumb"},"inLanguage":"es-CO","potentialAction":[{"@type":"ReadAction","target":["https:\/\/bydauto.com.co\/blog\/la-transformacion-de-la-movilidad-tiene-una-fecha-establecida\/"]}]},{"@type":"ImageObject","inLanguage":"es-CO","@id":"https:\/\/bydauto.com.co\/blog\/la-transformacion-de-la-movilidad-tiene-una-fecha-establecida\/#primaryimage","url":"https:\/\/bydauto.com.co\/blog\/wp-content\/uploads\/2022\/09\/transformacion-movilidad-tiene-fecha-establecida.jpg","contentUrl":"https:\/\/bydauto.com.co\/blog\/wp-content\/uploads\/2022\/09\/transformacion-movilidad-tiene-fecha-establecida.jpg","width":768,"height":464,"caption":"Tres banderas con el s\u00edmbolo de la Uni\u00f3n Europea"},{"@type":"BreadcrumbList","@id":"https:\/\/bydauto.com.co\/blog\/la-transformacion-de-la-movilidad-tiene-una-fecha-establecida\/#breadcrumb","itemListElement":[{"@type":"ListItem","position":1,"name":"Home","item":"https:\/\/bydauto.com.co\/blog\/"},{"@type":"ListItem","position":2,"name":"La transformaci\u00f3n de la movilidad tiene una fecha establecida"}]},{"@type":"WebSite","@id":"https:\/\/bydauto.com.co\/blog\/#website","url":"https:\/\/bydauto.com.co\/blog\/","name":"BYD Auto Colombia","description":"Te damos la bienvenida al blog oficial de BYD Auto Colombia.","publisher":{"@id":"https:\/\/bydauto.com.co\/blog\/#organization"},"potentialAction":[{"@type":"SearchAction","target":{"@type":"EntryPoint","urlTemplate":"https:\/\/bydauto.com.co\/blog\/?s={search_term_string}"},"query-input":{"@type":"PropertyValueSpecification","valueRequired":true,"valueName":"search_term_string"}}],"inLanguage":"es-CO"},{"@type":"Organization","@id":"https:\/\/bydauto.com.co\/blog\/#organization","name":"BYD Auto Colombia","url":"https:\/\/bydauto.com.co\/blog\/","logo":{"@type":"ImageObject","inLanguage":"es-CO","@id":"https:\/\/bydauto.com.co\/blog\/#\/schema\/logo\/image\/","url":"https:\/\/bydauto.com.co\/blog\/wp-content\/uploads\/2025\/10\/cropped-logo_oscuro_7862c2d25a.png","contentUrl":"https:\/\/bydauto.com.co\/blog\/wp-content\/uploads\/2025\/10\/cropped-logo_oscuro_7862c2d25a.png","width":1290,"height":250,"caption":"BYD Auto Colombia"},"image":{"@id":"https:\/\/bydauto.com.co\/blog\/#\/schema\/logo\/image\/"},"sameAs":["https:\/\/www.facebook.com\/BYDAutoColombia","https:\/\/www.instagram.com\/bydautocolombia\/","https:\/\/www.youtube.com\/channel\/UC5T2CarA3VHbF6buuvcWPXA"]},{"@type":"Person","@id":"https:\/\/bydauto.com.co\/blog\/#\/schema\/person\/97e38996cd8677f633cf07d20d82096f","name":"Daniel Torres","image":{"@type":"ImageObject","inLanguage":"es-CO","@id":"https:\/\/bydauto.com.co\/blog\/#\/schema\/person\/image\/","url":"https:\/\/secure.gravatar.com\/avatar\/460795ba393c7da1a1279ef49917f11f?s=96&d=mm&r=g","contentUrl":"https:\/\/secure.gravatar.com\/avatar\/460795ba393c7da1a1279ef49917f11f?s=96&d=mm&r=g","caption":"Daniel Torres"},"url":"https:\/\/bydauto.com.co\/blog\/author\/egt\/"}]}},"_links":{"self":[{"href":"https:\/\/bydauto.com.co\/blog\/wp-json\/wp\/v2\/posts\/988"}],"collection":[{"href":"https:\/\/bydauto.com.co\/blog\/wp-json\/wp\/v2\/posts"}],"about":[{"href":"https:\/\/bydauto.com.co\/blog\/wp-json\/wp\/v2\/types\/post"}],"author":[{"embeddable":true,"href":"https:\/\/bydauto.com.co\/blog\/wp-json\/wp\/v2\/users\/4"}],"replies":[{"embeddable":true,"href":"https:\/\/bydauto.com.co\/blog\/wp-json\/wp\/v2\/comments?post=988"}],"version-history":[{"count":9,"href":"https:\/\/bydauto.com.co\/blog\/wp-json\/wp\/v2\/posts\/988\/revisions"}],"predecessor-version":[{"id":1025,"href":"https:\/\/bydauto.com.co\/blog\/wp-json\/wp\/v2\/posts\/988\/revisions\/1025"}],"wp:featuredmedia":[{"embeddable":true,"href":"https:\/\/bydauto.com.co\/blog\/wp-json\/wp\/v2\/media\/990"}],"wp:attachment":[{"href":"https:\/\/bydauto.com.co\/blog\/wp-json\/wp\/v2\/media?parent=988"}],"wp:term":[{"taxonomy":"category","embeddable":true,"href":"https:\/\/bydauto.com.co\/blog\/wp-json\/wp\/v2\/categories?post=988"},{"taxonomy":"post_tag","embeddable":true,"href":"https:\/\/bydauto.com.co\/blog\/wp-json\/wp\/v2\/tags?post=988"}],"curies":[{"name":"wp","href":"https:\/\/api.w.org\/{rel}","templated":true}]}}