{"id":984,"date":"2022-08-23T18:05:19","date_gmt":"2022-08-23T23:05:19","guid":{"rendered":"https:\/\/bydauto.com.co\/blog\/?p=984"},"modified":"2026-02-17T09:39:26","modified_gmt":"2026-02-17T14:39:26","slug":"a-2030-colombia-espera-llegar-a-la-meta-de-600mil-vehiculos-electricos","status":"publish","type":"post","link":"https:\/\/bydauto.com.co\/blog\/a-2030-colombia-espera-llegar-a-la-meta-de-600mil-vehiculos-electricos\/","title":{"rendered":"Colombia llegar\u00e1 a 600 mil veh\u00edculos el\u00e9ctricos en el 2030"},"content":{"rendered":"\n<h2 class=\"wp-block-heading\"><strong>La empresa Motorysa est\u00e1 comprometida con lograr el objetivo de transformar a Colombia en un pa\u00eds sostenible gracias a su movilidad.&nbsp;<\/strong><\/h2>\n\n\n\n<figure class=\"wp-block-image size-large\"><img loading=\"lazy\" decoding=\"async\" width=\"740\" height=\"416\" src=\"https:\/\/bydauto.com.co\/blog\/wp-content\/uploads\/2022\/08\/camionetas-electricas-byd.jpg\" alt=\"\" class=\"wp-image-985\" srcset=\"https:\/\/bydauto.com.co\/blog\/wp-content\/uploads\/2022\/08\/camionetas-electricas-byd.jpg 740w, https:\/\/bydauto.com.co\/blog\/wp-content\/uploads\/2022\/08\/camionetas-electricas-byd-300x169.jpg 300w\" sizes=\"(max-width: 706px) 89vw, (max-width: 767px) 82vw, 740px\" \/><\/figure>\n\n\n\n<p>En el a\u00f1o 2021 Motorysa se convierte en empresa BIC (Sociedades Comerciales de Beneficio e Inter\u00e9s Colectivo). De esta forma, se trabaja combinando las ventajas econ\u00f3micas de los veh\u00edculos el\u00e9ctricos, con el trabajo conjunto para cuidar el medio ambiente, a los trabajadores y al inter\u00e9s de la sociedad.&nbsp;<\/p>\n\n\n\n<h3 class=\"wp-block-heading\"><strong><em _msthash=\"26273\" _msttexthash=\"1802320\">Motorysa y BYD,  Veh\u00edculos el\u00e9ctricos por el planeta<\/em><\/strong>&nbsp;<\/h3>\n\n\n\n<p>Marco Pastrana, presidente de Motorysa afirma la importancia de que Colombia busque que las emisiones de carbono sean equivalentes a cero y as\u00ed cumplir la meta ambiciosa del pa\u00eds, la cual es tener 600 mil unidades el\u00e9ctricas en 2030.&nbsp;<\/p>\n\n\n\n<p><strong>Para el a\u00f1o 2023 llegar\u00e1n nuevos modelos de veh\u00edculos de nueva tecnolog\u00eda BYD y al ser la primera empresa del sector automotor colombiano certificada como carbono neutral por Bereau Veritas<\/strong>, empresa l\u00edder mundial en servicios de Ensayo, Inspecci\u00f3n y Certificaci\u00f3n, para ayudar a las organizaciones a cumplir con los crecientes desaf\u00edos de calidad, seguridad, protecci\u00f3n del medio ambiente y responsabilidad social.<\/p>\n\n\n\n<p>En suma, los ciudadanos del mundo actual est\u00e1n cada vez m\u00e1s interesados en temas ambientales; no obstante, falta mucho por aprender.&nbsp;<\/p>\n\n\n\n<h3 class=\"wp-block-heading\"><strong><em>Bogot\u00e1 es la ciudad que lidera la transici\u00f3n de movilidad sostenible en el pa\u00eds&nbsp;<\/em><\/strong><\/h3>\n\n\n\n<p>Seg\u00fan la Asociaci\u00f3n Nacional de Movilidad Sostenible (Andemos), en lo que va del a\u00f1o 2022 se han registrado cifras importantes en el registro y la compra de veh\u00edculos el\u00e9ctricos.&nbsp;<\/p>\n\n\n\n<p>Hasta el mes de julio, se han matriculado m\u00e1s de 3.873 veh\u00edculos el\u00e9ctricos y entre las distintas ciudades del pa\u00eds, Bogot\u00e1 lidera con 1.581 autos matriculados, presentando un crecimiento del 445% frente a 2021, con 290. En segundo lugar se ubica Bello con 152 veh\u00edculos el\u00e9ctricos matriculados.<\/p>\n\n\n\n<figure class=\"wp-block-image size-large\"><img loading=\"lazy\" decoding=\"async\" width=\"768\" height=\"464\" src=\"https:\/\/bydauto.com.co\/blog\/wp-content\/uploads\/2022\/02\/bus-electrico-cargando.jpg\" alt=\"Veh\u00edculos de trasporte p\u00fablico en Bogot\u00e1 \" class=\"wp-image-825\" srcset=\"https:\/\/bydauto.com.co\/blog\/wp-content\/uploads\/2022\/02\/bus-electrico-cargando.jpg 768w, https:\/\/bydauto.com.co\/blog\/wp-content\/uploads\/2022\/02\/bus-electrico-cargando-300x181.jpg 300w\" sizes=\"(max-width: 767px) 89vw, (max-width: 1000px) 54vw, (max-width: 1071px) 543px, 580px\" \/><\/figure>\n\n\n\n<p>Finalmente, el \u00e9xito de la movilidad el\u00e9ctrica en Bogot\u00e1 se consolida con la flota de veh\u00edculos el\u00e9ctricos del sistema de transporte masivo TransMilenio, ya que hasta el momento cuentan con m\u00e1s de 1.061 buses el\u00e9ctricos, de esta cifra 704 corresponden a buses zonales y 357 a buses alimentadores.&nbsp;<\/p>\n\n\n\n<p>Conoce m\u00e1s sobre el compromiso de Motorysa y BYD a trav\u00e9s de sus <a href=\"https:\/\/bydauto.com.co\/modelos\/\">modelos el\u00e9ctricos por medio de este enlace <\/a>y transiciona a la movilidad sostenible.&nbsp;<\/p>\n\n\n\n<p>Contin\u00faa leyendo: <a href=\"https:\/\/bydauto.com.co\/blog\/byd-es-el-principal-proveedor-de-buses-electricos-en-latinoamerica\/\">El mercado de buses el\u00e9ctricos en Latinoam\u00e9rica est\u00e1 en manos de BYD<\/a><\/p>\n","protected":false},"excerpt":{"rendered":"<p>La empresa Motorysa est\u00e1 comprometida con lograr el objetivo de transformar a Colombia en un pa\u00eds sostenible gracias a su movilidad.&nbsp; En el a\u00f1o 2021 Motorysa se convierte en empresa BIC (Sociedades Comerciales de Beneficio e Inter\u00e9s Colectivo). De esta forma, se trabaja combinando las ventajas econ\u00f3micas de los veh\u00edculos el\u00e9ctricos, con el trabajo conjunto &hellip; <\/p>\n<p class=\"link-more\"><a href=\"https:\/\/bydauto.com.co\/blog\/a-2030-colombia-espera-llegar-a-la-meta-de-600mil-vehiculos-electricos\/\" class=\"more-link\">Seguir leyendo<span class=\"screen-reader-text\"> &#8220;Colombia llegar\u00e1 a 600 mil veh\u00edculos el\u00e9ctricos en el 2030&#8221;<\/span><\/a><\/p>\n","protected":false},"author":2,"featured_media":985,"comment_status":"open","ping_status":"open","sticky":false,"template":"","format":"standard","meta":{"footnotes":""},"categories":[4],"tags":[],"class_list":["post-984","post","type-post","status-publish","format-standard","has-post-thumbnail","hentry","category-bydcolombia"],"yoast_head":"<!-- This site is optimized with the Yoast SEO plugin v23.6 - https:\/\/yoast.com\/wordpress\/plugins\/seo\/ -->\n<title>A 2030 Colombia espera llegar a 600mil veh\u00edculos el\u00e9ctricos<\/title>\n<meta name=\"description\" content=\"Es importante que Colombia busque que las emisiones de carbono sean cero y as\u00ed cumplir la meta de tener 600 mil veh\u00edculos el\u00e9ctricos en 2030.\" \/>\n<meta name=\"robots\" content=\"index, follow, max-snippet:-1, max-image-preview:large, max-video-preview:-1\" \/>\n<link rel=\"canonical\" href=\"https:\/\/bydauto.com.co\/blog\/a-2030-colombia-espera-llegar-a-la-meta-de-600mil-vehiculos-electricos\/\" \/>\n<meta property=\"og:locale\" content=\"es_ES\" \/>\n<meta property=\"og:type\" content=\"article\" \/>\n<meta property=\"og:title\" content=\"A 2030 Colombia espera llegar a 600mil veh\u00edculos el\u00e9ctricos\" \/>\n<meta property=\"og:description\" content=\"Es importante que Colombia busque que las emisiones de carbono sean cero y as\u00ed cumplir la meta de tener 600 mil veh\u00edculos el\u00e9ctricos en 2030.\" \/>\n<meta property=\"og:url\" content=\"https:\/\/bydauto.com.co\/blog\/a-2030-colombia-espera-llegar-a-la-meta-de-600mil-vehiculos-electricos\/\" \/>\n<meta property=\"og:site_name\" content=\"BYD Auto Colombia\" \/>\n<meta property=\"article:publisher\" content=\"https:\/\/www.facebook.com\/BYDAutoColombia\" \/>\n<meta property=\"article:published_time\" content=\"2022-08-23T23:05:19+00:00\" \/>\n<meta property=\"article:modified_time\" content=\"2026-02-17T14:39:26+00:00\" \/>\n<meta property=\"og:image\" content=\"https:\/\/bydauto.com.co\/blog\/wp-content\/uploads\/2022\/08\/camionetas-electricas-byd.jpg\" \/>\n\t<meta property=\"og:image:width\" content=\"740\" \/>\n\t<meta property=\"og:image:height\" content=\"416\" \/>\n\t<meta property=\"og:image:type\" content=\"image\/jpeg\" \/>\n<meta name=\"author\" content=\"Editor\" \/>\n<meta name=\"twitter:label1\" content=\"Escrito por\" \/>\n\t<meta name=\"twitter:data1\" content=\"Editor\" \/>\n\t<meta name=\"twitter:label2\" content=\"Tiempo de lectura\" \/>\n\t<meta name=\"twitter:data2\" content=\"3 minutos\" \/>\n<script type=\"application\/ld+json\" class=\"yoast-schema-graph\">{\"@context\":\"https:\/\/schema.org\",\"@graph\":[{\"@type\":\"Article\",\"@id\":\"https:\/\/bydauto.com.co\/blog\/a-2030-colombia-espera-llegar-a-la-meta-de-600mil-vehiculos-electricos\/#article\",\"isPartOf\":{\"@id\":\"https:\/\/bydauto.com.co\/blog\/a-2030-colombia-espera-llegar-a-la-meta-de-600mil-vehiculos-electricos\/\"},\"author\":{\"name\":\"Editor\",\"@id\":\"https:\/\/bydauto.com.co\/blog\/#\/schema\/person\/0b75a8448b9d269cdbf3fc8db15e1e2b\"},\"headline\":\"Colombia llegar\u00e1 a 600 mil veh\u00edculos el\u00e9ctricos en el 2030\",\"datePublished\":\"2022-08-23T23:05:19+00:00\",\"dateModified\":\"2026-02-17T14:39:26+00:00\",\"mainEntityOfPage\":{\"@id\":\"https:\/\/bydauto.com.co\/blog\/a-2030-colombia-espera-llegar-a-la-meta-de-600mil-vehiculos-electricos\/\"},\"wordCount\":427,\"commentCount\":0,\"publisher\":{\"@id\":\"https:\/\/bydauto.com.co\/blog\/#organization\"},\"image\":{\"@id\":\"https:\/\/bydauto.com.co\/blog\/a-2030-colombia-espera-llegar-a-la-meta-de-600mil-vehiculos-electricos\/#primaryimage\"},\"thumbnailUrl\":\"https:\/\/bydauto.com.co\/blog\/wp-content\/uploads\/2022\/08\/camionetas-electricas-byd.jpg\",\"articleSection\":[\"BYD Colombia\"],\"inLanguage\":\"es-CO\",\"potentialAction\":[{\"@type\":\"CommentAction\",\"name\":\"Comment\",\"target\":[\"https:\/\/bydauto.com.co\/blog\/a-2030-colombia-espera-llegar-a-la-meta-de-600mil-vehiculos-electricos\/#respond\"]}]},{\"@type\":\"WebPage\",\"@id\":\"https:\/\/bydauto.com.co\/blog\/a-2030-colombia-espera-llegar-a-la-meta-de-600mil-vehiculos-electricos\/\",\"url\":\"https:\/\/bydauto.com.co\/blog\/a-2030-colombia-espera-llegar-a-la-meta-de-600mil-vehiculos-electricos\/\",\"name\":\"A 2030 Colombia espera llegar a 600mil veh\u00edculos el\u00e9ctricos\",\"isPartOf\":{\"@id\":\"https:\/\/bydauto.com.co\/blog\/#website\"},\"primaryImageOfPage\":{\"@id\":\"https:\/\/bydauto.com.co\/blog\/a-2030-colombia-espera-llegar-a-la-meta-de-600mil-vehiculos-electricos\/#primaryimage\"},\"image\":{\"@id\":\"https:\/\/bydauto.com.co\/blog\/a-2030-colombia-espera-llegar-a-la-meta-de-600mil-vehiculos-electricos\/#primaryimage\"},\"thumbnailUrl\":\"https:\/\/bydauto.com.co\/blog\/wp-content\/uploads\/2022\/08\/camionetas-electricas-byd.jpg\",\"datePublished\":\"2022-08-23T23:05:19+00:00\",\"dateModified\":\"2026-02-17T14:39:26+00:00\",\"description\":\"Es importante que Colombia busque que las emisiones de carbono sean cero y as\u00ed cumplir la meta de tener 600 mil veh\u00edculos el\u00e9ctricos en 2030.\",\"breadcrumb\":{\"@id\":\"https:\/\/bydauto.com.co\/blog\/a-2030-colombia-espera-llegar-a-la-meta-de-600mil-vehiculos-electricos\/#breadcrumb\"},\"inLanguage\":\"es-CO\",\"potentialAction\":[{\"@type\":\"ReadAction\",\"target\":[\"https:\/\/bydauto.com.co\/blog\/a-2030-colombia-espera-llegar-a-la-meta-de-600mil-vehiculos-electricos\/\"]}]},{\"@type\":\"ImageObject\",\"inLanguage\":\"es-CO\",\"@id\":\"https:\/\/bydauto.com.co\/blog\/a-2030-colombia-espera-llegar-a-la-meta-de-600mil-vehiculos-electricos\/#primaryimage\",\"url\":\"https:\/\/bydauto.com.co\/blog\/wp-content\/uploads\/2022\/08\/camionetas-electricas-byd.jpg\",\"contentUrl\":\"https:\/\/bydauto.com.co\/blog\/wp-content\/uploads\/2022\/08\/camionetas-electricas-byd.jpg\",\"width\":740,\"height\":416,\"caption\":\"Camionetas el\u00e9ctricas marca BYD\"},{\"@type\":\"BreadcrumbList\",\"@id\":\"https:\/\/bydauto.com.co\/blog\/a-2030-colombia-espera-llegar-a-la-meta-de-600mil-vehiculos-electricos\/#breadcrumb\",\"itemListElement\":[{\"@type\":\"ListItem\",\"position\":1,\"name\":\"Home\",\"item\":\"https:\/\/bydauto.com.co\/blog\/\"},{\"@type\":\"ListItem\",\"position\":2,\"name\":\"Colombia llegar\u00e1 a 600 mil veh\u00edculos el\u00e9ctricos en el 2030\"}]},{\"@type\":\"WebSite\",\"@id\":\"https:\/\/bydauto.com.co\/blog\/#website\",\"url\":\"https:\/\/bydauto.com.co\/blog\/\",\"name\":\"BYD Auto Colombia\",\"description\":\"Te damos la bienvenida al blog oficial de BYD Auto Colombia.\",\"publisher\":{\"@id\":\"https:\/\/bydauto.com.co\/blog\/#organization\"},\"potentialAction\":[{\"@type\":\"SearchAction\",\"target\":{\"@type\":\"EntryPoint\",\"urlTemplate\":\"https:\/\/bydauto.com.co\/blog\/?s={search_term_string}\"},\"query-input\":{\"@type\":\"PropertyValueSpecification\",\"valueRequired\":true,\"valueName\":\"search_term_string\"}}],\"inLanguage\":\"es-CO\"},{\"@type\":\"Organization\",\"@id\":\"https:\/\/bydauto.com.co\/blog\/#organization\",\"name\":\"BYD Auto Colombia\",\"url\":\"https:\/\/bydauto.com.co\/blog\/\",\"logo\":{\"@type\":\"ImageObject\",\"inLanguage\":\"es-CO\",\"@id\":\"https:\/\/bydauto.com.co\/blog\/#\/schema\/logo\/image\/\",\"url\":\"https:\/\/bydauto.com.co\/blog\/wp-content\/uploads\/2025\/10\/cropped-logo_oscuro_7862c2d25a.png\",\"contentUrl\":\"https:\/\/bydauto.com.co\/blog\/wp-content\/uploads\/2025\/10\/cropped-logo_oscuro_7862c2d25a.png\",\"width\":1290,\"height\":250,\"caption\":\"BYD Auto Colombia\"},\"image\":{\"@id\":\"https:\/\/bydauto.com.co\/blog\/#\/schema\/logo\/image\/\"},\"sameAs\":[\"https:\/\/www.facebook.com\/BYDAutoColombia\",\"https:\/\/www.instagram.com\/bydautocolombia\/\",\"https:\/\/www.youtube.com\/channel\/UC5T2CarA3VHbF6buuvcWPXA\"]},{\"@type\":\"Person\",\"@id\":\"https:\/\/bydauto.com.co\/blog\/#\/schema\/person\/0b75a8448b9d269cdbf3fc8db15e1e2b\",\"name\":\"Editor\",\"image\":{\"@type\":\"ImageObject\",\"inLanguage\":\"es-CO\",\"@id\":\"https:\/\/bydauto.com.co\/blog\/#\/schema\/person\/image\/\",\"url\":\"https:\/\/secure.gravatar.com\/avatar\/bc676f09e6ed1940147fd5a06cffe208?s=96&d=mm&r=g\",\"contentUrl\":\"https:\/\/secure.gravatar.com\/avatar\/bc676f09e6ed1940147fd5a06cffe208?s=96&d=mm&r=g\",\"caption\":\"Editor\"},\"url\":\"https:\/\/bydauto.com.co\/blog\/author\/editor\/\"}]}<\/script>\n<!-- \/ Yoast SEO plugin. -->","yoast_head_json":{"title":"A 2030 Colombia espera llegar a 600mil veh\u00edculos el\u00e9ctricos","description":"Es importante que Colombia busque que las emisiones de carbono sean cero y as\u00ed cumplir la meta de tener 600 mil veh\u00edculos el\u00e9ctricos en 2030.","robots":{"index":"index","follow":"follow","max-snippet":"max-snippet:-1","max-image-preview":"max-image-preview:large","max-video-preview":"max-video-preview:-1"},"canonical":"https:\/\/bydauto.com.co\/blog\/a-2030-colombia-espera-llegar-a-la-meta-de-600mil-vehiculos-electricos\/","og_locale":"es_ES","og_type":"article","og_title":"A 2030 Colombia espera llegar a 600mil veh\u00edculos el\u00e9ctricos","og_description":"Es importante que Colombia busque que las emisiones de carbono sean cero y as\u00ed cumplir la meta de tener 600 mil veh\u00edculos el\u00e9ctricos en 2030.","og_url":"https:\/\/bydauto.com.co\/blog\/a-2030-colombia-espera-llegar-a-la-meta-de-600mil-vehiculos-electricos\/","og_site_name":"BYD Auto Colombia","article_publisher":"https:\/\/www.facebook.com\/BYDAutoColombia","article_published_time":"2022-08-23T23:05:19+00:00","article_modified_time":"2026-02-17T14:39:26+00:00","og_image":[{"width":740,"height":416,"url":"https:\/\/bydauto.com.co\/blog\/wp-content\/uploads\/2022\/08\/camionetas-electricas-byd.jpg","type":"image\/jpeg"}],"author":"Editor","twitter_misc":{"Escrito por":"Editor","Tiempo de lectura":"3 minutos"},"schema":{"@context":"https:\/\/schema.org","@graph":[{"@type":"Article","@id":"https:\/\/bydauto.com.co\/blog\/a-2030-colombia-espera-llegar-a-la-meta-de-600mil-vehiculos-electricos\/#article","isPartOf":{"@id":"https:\/\/bydauto.com.co\/blog\/a-2030-colombia-espera-llegar-a-la-meta-de-600mil-vehiculos-electricos\/"},"author":{"name":"Editor","@id":"https:\/\/bydauto.com.co\/blog\/#\/schema\/person\/0b75a8448b9d269cdbf3fc8db15e1e2b"},"headline":"Colombia llegar\u00e1 a 600 mil veh\u00edculos el\u00e9ctricos en el 2030","datePublished":"2022-08-23T23:05:19+00:00","dateModified":"2026-02-17T14:39:26+00:00","mainEntityOfPage":{"@id":"https:\/\/bydauto.com.co\/blog\/a-2030-colombia-espera-llegar-a-la-meta-de-600mil-vehiculos-electricos\/"},"wordCount":427,"commentCount":0,"publisher":{"@id":"https:\/\/bydauto.com.co\/blog\/#organization"},"image":{"@id":"https:\/\/bydauto.com.co\/blog\/a-2030-colombia-espera-llegar-a-la-meta-de-600mil-vehiculos-electricos\/#primaryimage"},"thumbnailUrl":"https:\/\/bydauto.com.co\/blog\/wp-content\/uploads\/2022\/08\/camionetas-electricas-byd.jpg","articleSection":["BYD Colombia"],"inLanguage":"es-CO","potentialAction":[{"@type":"CommentAction","name":"Comment","target":["https:\/\/bydauto.com.co\/blog\/a-2030-colombia-espera-llegar-a-la-meta-de-600mil-vehiculos-electricos\/#respond"]}]},{"@type":"WebPage","@id":"https:\/\/bydauto.com.co\/blog\/a-2030-colombia-espera-llegar-a-la-meta-de-600mil-vehiculos-electricos\/","url":"https:\/\/bydauto.com.co\/blog\/a-2030-colombia-espera-llegar-a-la-meta-de-600mil-vehiculos-electricos\/","name":"A 2030 Colombia espera llegar a 600mil veh\u00edculos el\u00e9ctricos","isPartOf":{"@id":"https:\/\/bydauto.com.co\/blog\/#website"},"primaryImageOfPage":{"@id":"https:\/\/bydauto.com.co\/blog\/a-2030-colombia-espera-llegar-a-la-meta-de-600mil-vehiculos-electricos\/#primaryimage"},"image":{"@id":"https:\/\/bydauto.com.co\/blog\/a-2030-colombia-espera-llegar-a-la-meta-de-600mil-vehiculos-electricos\/#primaryimage"},"thumbnailUrl":"https:\/\/bydauto.com.co\/blog\/wp-content\/uploads\/2022\/08\/camionetas-electricas-byd.jpg","datePublished":"2022-08-23T23:05:19+00:00","dateModified":"2026-02-17T14:39:26+00:00","description":"Es importante que Colombia busque que las emisiones de carbono sean cero y as\u00ed cumplir la meta de tener 600 mil veh\u00edculos el\u00e9ctricos en 2030.","breadcrumb":{"@id":"https:\/\/bydauto.com.co\/blog\/a-2030-colombia-espera-llegar-a-la-meta-de-600mil-vehiculos-electricos\/#breadcrumb"},"inLanguage":"es-CO","potentialAction":[{"@type":"ReadAction","target":["https:\/\/bydauto.com.co\/blog\/a-2030-colombia-espera-llegar-a-la-meta-de-600mil-vehiculos-electricos\/"]}]},{"@type":"ImageObject","inLanguage":"es-CO","@id":"https:\/\/bydauto.com.co\/blog\/a-2030-colombia-espera-llegar-a-la-meta-de-600mil-vehiculos-electricos\/#primaryimage","url":"https:\/\/bydauto.com.co\/blog\/wp-content\/uploads\/2022\/08\/camionetas-electricas-byd.jpg","contentUrl":"https:\/\/bydauto.com.co\/blog\/wp-content\/uploads\/2022\/08\/camionetas-electricas-byd.jpg","width":740,"height":416,"caption":"Camionetas el\u00e9ctricas marca BYD"},{"@type":"BreadcrumbList","@id":"https:\/\/bydauto.com.co\/blog\/a-2030-colombia-espera-llegar-a-la-meta-de-600mil-vehiculos-electricos\/#breadcrumb","itemListElement":[{"@type":"ListItem","position":1,"name":"Home","item":"https:\/\/bydauto.com.co\/blog\/"},{"@type":"ListItem","position":2,"name":"Colombia llegar\u00e1 a 600 mil veh\u00edculos el\u00e9ctricos en el 2030"}]},{"@type":"WebSite","@id":"https:\/\/bydauto.com.co\/blog\/#website","url":"https:\/\/bydauto.com.co\/blog\/","name":"BYD Auto Colombia","description":"Te damos la bienvenida al blog oficial de BYD Auto Colombia.","publisher":{"@id":"https:\/\/bydauto.com.co\/blog\/#organization"},"potentialAction":[{"@type":"SearchAction","target":{"@type":"EntryPoint","urlTemplate":"https:\/\/bydauto.com.co\/blog\/?s={search_term_string}"},"query-input":{"@type":"PropertyValueSpecification","valueRequired":true,"valueName":"search_term_string"}}],"inLanguage":"es-CO"},{"@type":"Organization","@id":"https:\/\/bydauto.com.co\/blog\/#organization","name":"BYD Auto Colombia","url":"https:\/\/bydauto.com.co\/blog\/","logo":{"@type":"ImageObject","inLanguage":"es-CO","@id":"https:\/\/bydauto.com.co\/blog\/#\/schema\/logo\/image\/","url":"https:\/\/bydauto.com.co\/blog\/wp-content\/uploads\/2025\/10\/cropped-logo_oscuro_7862c2d25a.png","contentUrl":"https:\/\/bydauto.com.co\/blog\/wp-content\/uploads\/2025\/10\/cropped-logo_oscuro_7862c2d25a.png","width":1290,"height":250,"caption":"BYD Auto Colombia"},"image":{"@id":"https:\/\/bydauto.com.co\/blog\/#\/schema\/logo\/image\/"},"sameAs":["https:\/\/www.facebook.com\/BYDAutoColombia","https:\/\/www.instagram.com\/bydautocolombia\/","https:\/\/www.youtube.com\/channel\/UC5T2CarA3VHbF6buuvcWPXA"]},{"@type":"Person","@id":"https:\/\/bydauto.com.co\/blog\/#\/schema\/person\/0b75a8448b9d269cdbf3fc8db15e1e2b","name":"Editor","image":{"@type":"ImageObject","inLanguage":"es-CO","@id":"https:\/\/bydauto.com.co\/blog\/#\/schema\/person\/image\/","url":"https:\/\/secure.gravatar.com\/avatar\/bc676f09e6ed1940147fd5a06cffe208?s=96&d=mm&r=g","contentUrl":"https:\/\/secure.gravatar.com\/avatar\/bc676f09e6ed1940147fd5a06cffe208?s=96&d=mm&r=g","caption":"Editor"},"url":"https:\/\/bydauto.com.co\/blog\/author\/editor\/"}]}},"_links":{"self":[{"href":"https:\/\/bydauto.com.co\/blog\/wp-json\/wp\/v2\/posts\/984"}],"collection":[{"href":"https:\/\/bydauto.com.co\/blog\/wp-json\/wp\/v2\/posts"}],"about":[{"href":"https:\/\/bydauto.com.co\/blog\/wp-json\/wp\/v2\/types\/post"}],"author":[{"embeddable":true,"href":"https:\/\/bydauto.com.co\/blog\/wp-json\/wp\/v2\/users\/2"}],"replies":[{"embeddable":true,"href":"https:\/\/bydauto.com.co\/blog\/wp-json\/wp\/v2\/comments?post=984"}],"version-history":[{"count":3,"href":"https:\/\/bydauto.com.co\/blog\/wp-json\/wp\/v2\/posts\/984\/revisions"}],"predecessor-version":[{"id":2654,"href":"https:\/\/bydauto.com.co\/blog\/wp-json\/wp\/v2\/posts\/984\/revisions\/2654"}],"wp:featuredmedia":[{"embeddable":true,"href":"https:\/\/bydauto.com.co\/blog\/wp-json\/wp\/v2\/media\/985"}],"wp:attachment":[{"href":"https:\/\/bydauto.com.co\/blog\/wp-json\/wp\/v2\/media?parent=984"}],"wp:term":[{"taxonomy":"category","embeddable":true,"href":"https:\/\/bydauto.com.co\/blog\/wp-json\/wp\/v2\/categories?post=984"},{"taxonomy":"post_tag","embeddable":true,"href":"https:\/\/bydauto.com.co\/blog\/wp-json\/wp\/v2\/tags?post=984"}],"curies":[{"name":"wp","href":"https:\/\/api.w.org\/{rel}","templated":true}]}}