{"id":867,"date":"2022-03-30T21:21:22","date_gmt":"2022-03-31T02:21:22","guid":{"rendered":"https:\/\/bydauto.com.co\/blog\/?p=867"},"modified":"2022-08-04T23:52:44","modified_gmt":"2022-08-05T04:52:44","slug":"aumentan-registros-de-carros-electricos","status":"publish","type":"post","link":"https:\/\/bydauto.com.co\/blog\/aumentan-registros-de-carros-electricos\/","title":{"rendered":"Colombia transiciona con \u00e9xito a la movilidad sostenible"},"content":{"rendered":"\n<h2 class=\"wp-block-heading\"><strong>A enero de 2022 el pa\u00eds cuenta con 6.819 veh\u00edculos el\u00e9ctricos matriculados en el Runt.&nbsp;<\/strong><\/h2>\n\n\n\n<figure class=\"wp-block-gallery columns-1 is-cropped wp-block-gallery-1 is-layout-flex wp-block-gallery-is-layout-flex\"><ul class=\"blocks-gallery-grid\"><li class=\"blocks-gallery-item\"><figure><img loading=\"lazy\" decoding=\"async\" width=\"768\" height=\"464\" src=\"https:\/\/bydauto.com.co\/blog\/wp-content\/uploads\/2022\/03\/vehiculo-electrico-cargando-1.jpg\" alt=\"Persona cargando carro el\u00e9ctrico\" data-id=\"868\" data-full-url=\"https:\/\/bydauto.com.co\/blog\/wp-content\/uploads\/2022\/03\/vehiculo-electrico-cargando-1.jpg\" data-link=\"https:\/\/bydauto.com.co\/blog\/?attachment_id=868\" class=\"wp-image-868\" srcset=\"https:\/\/bydauto.com.co\/blog\/wp-content\/uploads\/2022\/03\/vehiculo-electrico-cargando-1.jpg 768w, https:\/\/bydauto.com.co\/blog\/wp-content\/uploads\/2022\/03\/vehiculo-electrico-cargando-1-300x181.jpg 300w\" sizes=\"(max-width: 767px) 89vw, (max-width: 1000px) 54vw, (max-width: 1071px) 543px, 580px\" \/><\/figure><\/li><\/ul><\/figure>\n\n\n\n<p>La meta trazada en El Plan Nacional de Desarrollo con 6.000 veh\u00edculos el\u00e9ctricos matriculados antes de finalizar el gobierno actual se cumpli\u00f3 y super\u00f3 las expectativas con 6.819.<\/p>\n\n\n\n<h3 class=\"wp-block-heading\"><strong><em>El camino hac\u00eda la movilidad sostenible&nbsp;<\/em><\/strong><\/h3>\n\n\n\n<p>En enero del 2022 se registraron 403 veh\u00edculos el\u00e9ctricos, cifra que influy\u00f3 en la superaci\u00f3n de la meta planteada en El Plan Nacional de Desarrollo, esto contribuyendo al arduo camino de reducir en un 51% las emisiones de Gases de Efecto Invernadero (GEI) a 2030 frente al Acuerdo de Par\u00eds.<\/p>\n\n\n\n<p>Se espera que a lo largo del 2022 estas cifras contin\u00faen en aumento y supere con creces la meta impuesta para el bienestar ambiental y la salud de los Colombianos con respecto a la reducci\u00f3n de gases contaminantes.&nbsp;<\/p>\n\n\n\n<p>Te podr\u00eda interesar: <a href=\"https:\/\/bydauto.com.co\/blog\/bogota-cuenta-con-la-flota-de-transporte-publico-electrico-mas-grande\/\">Bogot\u00e1 cuenta con la flota de transporte p\u00fablico el\u00e9ctrico m\u00e1s grande del mundo<\/a><\/p>\n\n\n\n<h3 class=\"wp-block-heading\"><strong><em>Colombia reafirma el compromiso con la movilidad el\u00e9ctrica<\/em><\/strong><\/h3>\n\n\n\n<p>Las cifras con respecto a la inscripci\u00f3n de veh\u00edculos el\u00e9ctricos en el pa\u00eds es resultado de la implementaci\u00f3n de<strong> <\/strong>la<strong> Ley de Movilidad El\u00e9ctrica, promulgada en 2019.<\/strong><\/p>\n\n\n\n<p>Uno de los aspectos clave de esta ley son los incentivos para los veh\u00edculos el\u00e9ctricos y de bajas emisiones, los cuales aportan a la sostenibilidad y la mejora de la calidad del aire en Colombia.&nbsp;<\/p>\n\n\n\n<figure class=\"wp-block-image size-large\"><img loading=\"lazy\" decoding=\"async\" width=\"768\" height=\"464\" src=\"https:\/\/bydauto.com.co\/blog\/wp-content\/uploads\/2022\/03\/conductor-sonriendo.jpg\" alt=\"\" class=\"wp-image-869\" srcset=\"https:\/\/bydauto.com.co\/blog\/wp-content\/uploads\/2022\/03\/conductor-sonriendo.jpg 768w, https:\/\/bydauto.com.co\/blog\/wp-content\/uploads\/2022\/03\/conductor-sonriendo-300x181.jpg 300w\" sizes=\"(max-width: 767px) 89vw, (max-width: 1000px) 54vw, (max-width: 1071px) 543px, 580px\" \/><\/figure>\n\n\n\n<p><strong>Adquirir un carro el\u00e9ctrico tiene como consecuencia m\u00faltiples incentivos <\/strong>que impactan directamente en la econom\u00eda del due\u00f1o de este tipo de veh\u00edculos, estos son:&nbsp;<\/p>\n\n\n\n<ul class=\"wp-block-list\"><li>Descuento de 10% el Soat&nbsp;<\/li><li>Descuento de 30% en la revisi\u00f3n t\u00e9cnico-mec\u00e1nica&nbsp;<\/li><li>Excepciones al pico y placa y d\u00eda sin carro<\/li><li>Reducci\u00f3n en el pago de impuestos&nbsp;<\/li><li>Exenciones tributarias&nbsp;<\/li><\/ul>\n\n\n\n<p>Sin embargo, existen otros beneficios que no vinculan a la ley, pero que s\u00ed son significativos y notorios al adquirir un carro el\u00e9ctrico, estos son:&nbsp;<\/p>\n\n\n\n<ul class=\"wp-block-list\"><li>El costo de la energ\u00eda es menor en comparaci\u00f3n a otros combustibles<\/li><li>El costo de mantenimiento es menor, no se cambian aceites, correas, l\u00edquidos refrigerantes y mangueras<\/li><\/ul>\n\n\n\n<p>Por ello, te invitamos a convertirte en un protagonista fundamental en la transici\u00f3n a la movilidad sostenible conociendo <a href=\"https:\/\/mitsubishi-motors.com.co\/modelos\/\">nuestros carros el\u00e9ctricos disponibles <\/a>y <a href=\"https:\/\/mitsubishi-motors.com.co\/test-drive\/\">agendando tu test drive en este enlace<\/a> para que vivas la gran experiencia de seguridad, manejo, bienestar, tecnolog\u00eda y movilidad sostenible que te brinda BYD.&nbsp;<\/p>\n\n\n\n<p>Contin\u00faa leyendo: <a href=\"https:\/\/bydauto.com.co\/blog\/novedades-carros-electricos-byd\/\">Aumentan ventas de veh\u00edculos el\u00e9ctricos e h\u00edbridos en Colombia<\/a><\/p>\n","protected":false},"excerpt":{"rendered":"<p>A enero de 2022 el pa\u00eds cuenta con 6.819 veh\u00edculos el\u00e9ctricos matriculados en el Runt.&nbsp; La meta trazada en El Plan Nacional de Desarrollo con 6.000 veh\u00edculos el\u00e9ctricos matriculados antes de finalizar el gobierno actual se cumpli\u00f3 y super\u00f3 las expectativas con 6.819. El camino hac\u00eda la movilidad sostenible&nbsp; En enero del 2022 se registraron &hellip; <\/p>\n<p class=\"link-more\"><a href=\"https:\/\/bydauto.com.co\/blog\/aumentan-registros-de-carros-electricos\/\" class=\"more-link\">Seguir leyendo<span class=\"screen-reader-text\"> &#8220;Colombia transiciona con \u00e9xito a la movilidad sostenible&#8221;<\/span><\/a><\/p>\n","protected":false},"author":2,"featured_media":868,"comment_status":"open","ping_status":"open","sticky":false,"template":"","format":"standard","meta":{"footnotes":""},"categories":[4],"tags":[],"class_list":["post-867","post","type-post","status-publish","format-standard","has-post-thumbnail","hentry","category-bydcolombia"],"yoast_head":"<!-- This site is optimized with the Yoast SEO plugin v23.6 - https:\/\/yoast.com\/wordpress\/plugins\/seo\/ -->\n<title>En Colombia aumentan los registros de veh\u00edculos el\u00e9ctricos en el RUNT<\/title>\n<meta name=\"description\" content=\"El pa\u00eds est\u00e1 transicionando exitosamente hacia la movilidad sostenible gracias a la adquisici\u00f3n de veh\u00edculos el\u00e9ctricos.\" \/>\n<meta name=\"robots\" content=\"index, follow, max-snippet:-1, max-image-preview:large, max-video-preview:-1\" \/>\n<link rel=\"canonical\" href=\"https:\/\/bydauto.com.co\/blog\/aumentan-registros-de-carros-electricos\/\" \/>\n<meta property=\"og:locale\" content=\"es_ES\" \/>\n<meta property=\"og:type\" content=\"article\" \/>\n<meta property=\"og:title\" content=\"En Colombia aumentan los registros de veh\u00edculos el\u00e9ctricos en el RUNT\" \/>\n<meta property=\"og:description\" content=\"El pa\u00eds est\u00e1 transicionando exitosamente hacia la movilidad sostenible gracias a la adquisici\u00f3n de veh\u00edculos el\u00e9ctricos.\" \/>\n<meta property=\"og:url\" content=\"https:\/\/bydauto.com.co\/blog\/aumentan-registros-de-carros-electricos\/\" \/>\n<meta property=\"og:site_name\" content=\"BYD Auto Colombia\" \/>\n<meta property=\"article:publisher\" content=\"https:\/\/www.facebook.com\/BYDAutoColombia\" \/>\n<meta property=\"article:published_time\" content=\"2022-03-31T02:21:22+00:00\" \/>\n<meta property=\"article:modified_time\" content=\"2022-08-05T04:52:44+00:00\" \/>\n<meta property=\"og:image\" content=\"https:\/\/bydauto.com.co\/blog\/wp-content\/uploads\/2022\/03\/vehiculo-electrico-cargando-1.jpg\" \/>\n\t<meta property=\"og:image:width\" content=\"768\" \/>\n\t<meta property=\"og:image:height\" content=\"464\" \/>\n\t<meta property=\"og:image:type\" content=\"image\/jpeg\" \/>\n<meta name=\"author\" content=\"Editor\" \/>\n<meta name=\"twitter:label1\" content=\"Escrito por\" \/>\n\t<meta name=\"twitter:data1\" content=\"Editor\" \/>\n\t<meta name=\"twitter:label2\" content=\"Tiempo de lectura\" \/>\n\t<meta name=\"twitter:data2\" content=\"2 minutos\" \/>\n<script type=\"application\/ld+json\" class=\"yoast-schema-graph\">{\"@context\":\"https:\/\/schema.org\",\"@graph\":[{\"@type\":\"Article\",\"@id\":\"https:\/\/bydauto.com.co\/blog\/aumentan-registros-de-carros-electricos\/#article\",\"isPartOf\":{\"@id\":\"https:\/\/bydauto.com.co\/blog\/aumentan-registros-de-carros-electricos\/\"},\"author\":{\"name\":\"Editor\",\"@id\":\"https:\/\/bydauto.com.co\/blog\/#\/schema\/person\/0b75a8448b9d269cdbf3fc8db15e1e2b\"},\"headline\":\"Colombia transiciona con \u00e9xito a la movilidad sostenible\",\"datePublished\":\"2022-03-31T02:21:22+00:00\",\"dateModified\":\"2022-08-05T04:52:44+00:00\",\"mainEntityOfPage\":{\"@id\":\"https:\/\/bydauto.com.co\/blog\/aumentan-registros-de-carros-electricos\/\"},\"wordCount\":440,\"commentCount\":0,\"publisher\":{\"@id\":\"https:\/\/bydauto.com.co\/blog\/#organization\"},\"image\":{\"@id\":\"https:\/\/bydauto.com.co\/blog\/aumentan-registros-de-carros-electricos\/#primaryimage\"},\"thumbnailUrl\":\"https:\/\/bydauto.com.co\/blog\/wp-content\/uploads\/2022\/03\/vehiculo-electrico-cargando-1.jpg\",\"articleSection\":[\"BYD Colombia\"],\"inLanguage\":\"es-CO\",\"potentialAction\":[{\"@type\":\"CommentAction\",\"name\":\"Comment\",\"target\":[\"https:\/\/bydauto.com.co\/blog\/aumentan-registros-de-carros-electricos\/#respond\"]}]},{\"@type\":\"WebPage\",\"@id\":\"https:\/\/bydauto.com.co\/blog\/aumentan-registros-de-carros-electricos\/\",\"url\":\"https:\/\/bydauto.com.co\/blog\/aumentan-registros-de-carros-electricos\/\",\"name\":\"En Colombia aumentan los registros de veh\u00edculos el\u00e9ctricos en el RUNT\",\"isPartOf\":{\"@id\":\"https:\/\/bydauto.com.co\/blog\/#website\"},\"primaryImageOfPage\":{\"@id\":\"https:\/\/bydauto.com.co\/blog\/aumentan-registros-de-carros-electricos\/#primaryimage\"},\"image\":{\"@id\":\"https:\/\/bydauto.com.co\/blog\/aumentan-registros-de-carros-electricos\/#primaryimage\"},\"thumbnailUrl\":\"https:\/\/bydauto.com.co\/blog\/wp-content\/uploads\/2022\/03\/vehiculo-electrico-cargando-1.jpg\",\"datePublished\":\"2022-03-31T02:21:22+00:00\",\"dateModified\":\"2022-08-05T04:52:44+00:00\",\"description\":\"El pa\u00eds est\u00e1 transicionando exitosamente hacia la movilidad sostenible gracias a la adquisici\u00f3n de veh\u00edculos el\u00e9ctricos.\",\"breadcrumb\":{\"@id\":\"https:\/\/bydauto.com.co\/blog\/aumentan-registros-de-carros-electricos\/#breadcrumb\"},\"inLanguage\":\"es-CO\",\"potentialAction\":[{\"@type\":\"ReadAction\",\"target\":[\"https:\/\/bydauto.com.co\/blog\/aumentan-registros-de-carros-electricos\/\"]}]},{\"@type\":\"ImageObject\",\"inLanguage\":\"es-CO\",\"@id\":\"https:\/\/bydauto.com.co\/blog\/aumentan-registros-de-carros-electricos\/#primaryimage\",\"url\":\"https:\/\/bydauto.com.co\/blog\/wp-content\/uploads\/2022\/03\/vehiculo-electrico-cargando-1.jpg\",\"contentUrl\":\"https:\/\/bydauto.com.co\/blog\/wp-content\/uploads\/2022\/03\/vehiculo-electrico-cargando-1.jpg\",\"width\":768,\"height\":464,\"caption\":\"Persona cargando carro el\u00e9ctrico\"},{\"@type\":\"BreadcrumbList\",\"@id\":\"https:\/\/bydauto.com.co\/blog\/aumentan-registros-de-carros-electricos\/#breadcrumb\",\"itemListElement\":[{\"@type\":\"ListItem\",\"position\":1,\"name\":\"Home\",\"item\":\"https:\/\/bydauto.com.co\/blog\/\"},{\"@type\":\"ListItem\",\"position\":2,\"name\":\"Colombia transiciona con \u00e9xito a la movilidad sostenible\"}]},{\"@type\":\"WebSite\",\"@id\":\"https:\/\/bydauto.com.co\/blog\/#website\",\"url\":\"https:\/\/bydauto.com.co\/blog\/\",\"name\":\"BYD Auto Colombia\",\"description\":\"Te damos la bienvenida al blog oficial de BYD Auto Colombia.\",\"publisher\":{\"@id\":\"https:\/\/bydauto.com.co\/blog\/#organization\"},\"potentialAction\":[{\"@type\":\"SearchAction\",\"target\":{\"@type\":\"EntryPoint\",\"urlTemplate\":\"https:\/\/bydauto.com.co\/blog\/?s={search_term_string}\"},\"query-input\":{\"@type\":\"PropertyValueSpecification\",\"valueRequired\":true,\"valueName\":\"search_term_string\"}}],\"inLanguage\":\"es-CO\"},{\"@type\":\"Organization\",\"@id\":\"https:\/\/bydauto.com.co\/blog\/#organization\",\"name\":\"BYD Auto Colombia\",\"url\":\"https:\/\/bydauto.com.co\/blog\/\",\"logo\":{\"@type\":\"ImageObject\",\"inLanguage\":\"es-CO\",\"@id\":\"https:\/\/bydauto.com.co\/blog\/#\/schema\/logo\/image\/\",\"url\":\"https:\/\/bydauto.com.co\/blog\/wp-content\/uploads\/2025\/10\/cropped-logo_oscuro_7862c2d25a.png\",\"contentUrl\":\"https:\/\/bydauto.com.co\/blog\/wp-content\/uploads\/2025\/10\/cropped-logo_oscuro_7862c2d25a.png\",\"width\":1290,\"height\":250,\"caption\":\"BYD Auto Colombia\"},\"image\":{\"@id\":\"https:\/\/bydauto.com.co\/blog\/#\/schema\/logo\/image\/\"},\"sameAs\":[\"https:\/\/www.facebook.com\/BYDAutoColombia\",\"https:\/\/www.instagram.com\/bydautocolombia\/\",\"https:\/\/www.youtube.com\/channel\/UC5T2CarA3VHbF6buuvcWPXA\"]},{\"@type\":\"Person\",\"@id\":\"https:\/\/bydauto.com.co\/blog\/#\/schema\/person\/0b75a8448b9d269cdbf3fc8db15e1e2b\",\"name\":\"Editor\",\"image\":{\"@type\":\"ImageObject\",\"inLanguage\":\"es-CO\",\"@id\":\"https:\/\/bydauto.com.co\/blog\/#\/schema\/person\/image\/\",\"url\":\"https:\/\/secure.gravatar.com\/avatar\/bc676f09e6ed1940147fd5a06cffe208?s=96&d=mm&r=g\",\"contentUrl\":\"https:\/\/secure.gravatar.com\/avatar\/bc676f09e6ed1940147fd5a06cffe208?s=96&d=mm&r=g\",\"caption\":\"Editor\"},\"url\":\"https:\/\/bydauto.com.co\/blog\/author\/editor\/\"}]}<\/script>\n<!-- \/ Yoast SEO plugin. -->","yoast_head_json":{"title":"En Colombia aumentan los registros de veh\u00edculos el\u00e9ctricos en el RUNT","description":"El pa\u00eds est\u00e1 transicionando exitosamente hacia la movilidad sostenible gracias a la adquisici\u00f3n de veh\u00edculos el\u00e9ctricos.","robots":{"index":"index","follow":"follow","max-snippet":"max-snippet:-1","max-image-preview":"max-image-preview:large","max-video-preview":"max-video-preview:-1"},"canonical":"https:\/\/bydauto.com.co\/blog\/aumentan-registros-de-carros-electricos\/","og_locale":"es_ES","og_type":"article","og_title":"En Colombia aumentan los registros de veh\u00edculos el\u00e9ctricos en el RUNT","og_description":"El pa\u00eds est\u00e1 transicionando exitosamente hacia la movilidad sostenible gracias a la adquisici\u00f3n de veh\u00edculos el\u00e9ctricos.","og_url":"https:\/\/bydauto.com.co\/blog\/aumentan-registros-de-carros-electricos\/","og_site_name":"BYD Auto Colombia","article_publisher":"https:\/\/www.facebook.com\/BYDAutoColombia","article_published_time":"2022-03-31T02:21:22+00:00","article_modified_time":"2022-08-05T04:52:44+00:00","og_image":[{"width":768,"height":464,"url":"https:\/\/bydauto.com.co\/blog\/wp-content\/uploads\/2022\/03\/vehiculo-electrico-cargando-1.jpg","type":"image\/jpeg"}],"author":"Editor","twitter_misc":{"Escrito por":"Editor","Tiempo de lectura":"2 minutos"},"schema":{"@context":"https:\/\/schema.org","@graph":[{"@type":"Article","@id":"https:\/\/bydauto.com.co\/blog\/aumentan-registros-de-carros-electricos\/#article","isPartOf":{"@id":"https:\/\/bydauto.com.co\/blog\/aumentan-registros-de-carros-electricos\/"},"author":{"name":"Editor","@id":"https:\/\/bydauto.com.co\/blog\/#\/schema\/person\/0b75a8448b9d269cdbf3fc8db15e1e2b"},"headline":"Colombia transiciona con \u00e9xito a la movilidad sostenible","datePublished":"2022-03-31T02:21:22+00:00","dateModified":"2022-08-05T04:52:44+00:00","mainEntityOfPage":{"@id":"https:\/\/bydauto.com.co\/blog\/aumentan-registros-de-carros-electricos\/"},"wordCount":440,"commentCount":0,"publisher":{"@id":"https:\/\/bydauto.com.co\/blog\/#organization"},"image":{"@id":"https:\/\/bydauto.com.co\/blog\/aumentan-registros-de-carros-electricos\/#primaryimage"},"thumbnailUrl":"https:\/\/bydauto.com.co\/blog\/wp-content\/uploads\/2022\/03\/vehiculo-electrico-cargando-1.jpg","articleSection":["BYD Colombia"],"inLanguage":"es-CO","potentialAction":[{"@type":"CommentAction","name":"Comment","target":["https:\/\/bydauto.com.co\/blog\/aumentan-registros-de-carros-electricos\/#respond"]}]},{"@type":"WebPage","@id":"https:\/\/bydauto.com.co\/blog\/aumentan-registros-de-carros-electricos\/","url":"https:\/\/bydauto.com.co\/blog\/aumentan-registros-de-carros-electricos\/","name":"En Colombia aumentan los registros de veh\u00edculos el\u00e9ctricos en el RUNT","isPartOf":{"@id":"https:\/\/bydauto.com.co\/blog\/#website"},"primaryImageOfPage":{"@id":"https:\/\/bydauto.com.co\/blog\/aumentan-registros-de-carros-electricos\/#primaryimage"},"image":{"@id":"https:\/\/bydauto.com.co\/blog\/aumentan-registros-de-carros-electricos\/#primaryimage"},"thumbnailUrl":"https:\/\/bydauto.com.co\/blog\/wp-content\/uploads\/2022\/03\/vehiculo-electrico-cargando-1.jpg","datePublished":"2022-03-31T02:21:22+00:00","dateModified":"2022-08-05T04:52:44+00:00","description":"El pa\u00eds est\u00e1 transicionando exitosamente hacia la movilidad sostenible gracias a la adquisici\u00f3n de veh\u00edculos el\u00e9ctricos.","breadcrumb":{"@id":"https:\/\/bydauto.com.co\/blog\/aumentan-registros-de-carros-electricos\/#breadcrumb"},"inLanguage":"es-CO","potentialAction":[{"@type":"ReadAction","target":["https:\/\/bydauto.com.co\/blog\/aumentan-registros-de-carros-electricos\/"]}]},{"@type":"ImageObject","inLanguage":"es-CO","@id":"https:\/\/bydauto.com.co\/blog\/aumentan-registros-de-carros-electricos\/#primaryimage","url":"https:\/\/bydauto.com.co\/blog\/wp-content\/uploads\/2022\/03\/vehiculo-electrico-cargando-1.jpg","contentUrl":"https:\/\/bydauto.com.co\/blog\/wp-content\/uploads\/2022\/03\/vehiculo-electrico-cargando-1.jpg","width":768,"height":464,"caption":"Persona cargando carro el\u00e9ctrico"},{"@type":"BreadcrumbList","@id":"https:\/\/bydauto.com.co\/blog\/aumentan-registros-de-carros-electricos\/#breadcrumb","itemListElement":[{"@type":"ListItem","position":1,"name":"Home","item":"https:\/\/bydauto.com.co\/blog\/"},{"@type":"ListItem","position":2,"name":"Colombia transiciona con \u00e9xito a la movilidad sostenible"}]},{"@type":"WebSite","@id":"https:\/\/bydauto.com.co\/blog\/#website","url":"https:\/\/bydauto.com.co\/blog\/","name":"BYD Auto Colombia","description":"Te damos la bienvenida al blog oficial de BYD Auto Colombia.","publisher":{"@id":"https:\/\/bydauto.com.co\/blog\/#organization"},"potentialAction":[{"@type":"SearchAction","target":{"@type":"EntryPoint","urlTemplate":"https:\/\/bydauto.com.co\/blog\/?s={search_term_string}"},"query-input":{"@type":"PropertyValueSpecification","valueRequired":true,"valueName":"search_term_string"}}],"inLanguage":"es-CO"},{"@type":"Organization","@id":"https:\/\/bydauto.com.co\/blog\/#organization","name":"BYD Auto Colombia","url":"https:\/\/bydauto.com.co\/blog\/","logo":{"@type":"ImageObject","inLanguage":"es-CO","@id":"https:\/\/bydauto.com.co\/blog\/#\/schema\/logo\/image\/","url":"https:\/\/bydauto.com.co\/blog\/wp-content\/uploads\/2025\/10\/cropped-logo_oscuro_7862c2d25a.png","contentUrl":"https:\/\/bydauto.com.co\/blog\/wp-content\/uploads\/2025\/10\/cropped-logo_oscuro_7862c2d25a.png","width":1290,"height":250,"caption":"BYD Auto Colombia"},"image":{"@id":"https:\/\/bydauto.com.co\/blog\/#\/schema\/logo\/image\/"},"sameAs":["https:\/\/www.facebook.com\/BYDAutoColombia","https:\/\/www.instagram.com\/bydautocolombia\/","https:\/\/www.youtube.com\/channel\/UC5T2CarA3VHbF6buuvcWPXA"]},{"@type":"Person","@id":"https:\/\/bydauto.com.co\/blog\/#\/schema\/person\/0b75a8448b9d269cdbf3fc8db15e1e2b","name":"Editor","image":{"@type":"ImageObject","inLanguage":"es-CO","@id":"https:\/\/bydauto.com.co\/blog\/#\/schema\/person\/image\/","url":"https:\/\/secure.gravatar.com\/avatar\/bc676f09e6ed1940147fd5a06cffe208?s=96&d=mm&r=g","contentUrl":"https:\/\/secure.gravatar.com\/avatar\/bc676f09e6ed1940147fd5a06cffe208?s=96&d=mm&r=g","caption":"Editor"},"url":"https:\/\/bydauto.com.co\/blog\/author\/editor\/"}]}},"_links":{"self":[{"href":"https:\/\/bydauto.com.co\/blog\/wp-json\/wp\/v2\/posts\/867"}],"collection":[{"href":"https:\/\/bydauto.com.co\/blog\/wp-json\/wp\/v2\/posts"}],"about":[{"href":"https:\/\/bydauto.com.co\/blog\/wp-json\/wp\/v2\/types\/post"}],"author":[{"embeddable":true,"href":"https:\/\/bydauto.com.co\/blog\/wp-json\/wp\/v2\/users\/2"}],"replies":[{"embeddable":true,"href":"https:\/\/bydauto.com.co\/blog\/wp-json\/wp\/v2\/comments?post=867"}],"version-history":[{"count":2,"href":"https:\/\/bydauto.com.co\/blog\/wp-json\/wp\/v2\/posts\/867\/revisions"}],"predecessor-version":[{"id":944,"href":"https:\/\/bydauto.com.co\/blog\/wp-json\/wp\/v2\/posts\/867\/revisions\/944"}],"wp:featuredmedia":[{"embeddable":true,"href":"https:\/\/bydauto.com.co\/blog\/wp-json\/wp\/v2\/media\/868"}],"wp:attachment":[{"href":"https:\/\/bydauto.com.co\/blog\/wp-json\/wp\/v2\/media?parent=867"}],"wp:term":[{"taxonomy":"category","embeddable":true,"href":"https:\/\/bydauto.com.co\/blog\/wp-json\/wp\/v2\/categories?post=867"},{"taxonomy":"post_tag","embeddable":true,"href":"https:\/\/bydauto.com.co\/blog\/wp-json\/wp\/v2\/tags?post=867"}],"curies":[{"name":"wp","href":"https:\/\/api.w.org\/{rel}","templated":true}]}}