{"id":629,"date":"2021-08-24T10:16:01","date_gmt":"2021-08-24T15:16:01","guid":{"rendered":"https:\/\/bydauto.com.co\/blog\/?p=629"},"modified":"2021-09-07T12:57:56","modified_gmt":"2021-09-07T17:57:56","slug":"estaciones-de-recarga-para-carros-electricos","status":"publish","type":"post","link":"https:\/\/bydauto.com.co\/blog\/estaciones-de-recarga-para-carros-electricos\/","title":{"rendered":"Enel X lanza un servicio de recarga para carros el\u00e9ctricos"},"content":{"rendered":"\n<h2 class=\"wp-block-heading\"><strong>Las estaciones de recarga para carros el\u00e9ctricos es una de las principales preocupaciones de las personas que se suman a la nueva movilidad sostenible.<\/strong><\/h2>\n\n\n\n<figure class=\"wp-block-image size-large\"><img loading=\"lazy\" decoding=\"async\" width=\"768\" height=\"464\" src=\"https:\/\/bydauto.com.co\/blog\/wp-content\/uploads\/2021\/08\/punto-de-carga-movil-enel-x.jpg\" alt=\"Estaciones de recarga para carros el\u00e9ctricos Enel X\" class=\"wp-image-631\" srcset=\"https:\/\/bydauto.com.co\/blog\/wp-content\/uploads\/2021\/08\/punto-de-carga-movil-enel-x.jpg 768w, https:\/\/bydauto.com.co\/blog\/wp-content\/uploads\/2021\/08\/punto-de-carga-movil-enel-x-300x181.jpg 300w\" sizes=\"(max-width: 767px) 89vw, (max-width: 1000px) 54vw, (max-width: 1071px) 543px, 580px\" \/><figcaption>Imagen cortes\u00eda: www.larepublica.co<\/figcaption><\/figure>\n\n\n\n<p><strong>Pensando en esta necesidad, Enel X lanz\u00f3 un nuevo servicio de alquiler de estaciones de recarga para carros el\u00e9ctricos llamado Charging as Service<\/strong>, un modelo con el que pretende satisfacer las necesidades de carga el\u00e9ctrica para veh\u00edculos espec\u00edficamente para empresas que cuentan con flotas de autos el\u00e9ctricos.<\/p>\n\n\n\n<h3 class=\"wp-block-heading\"><em>En qu\u00e9 consiste el servicio<\/em><\/h3>\n\n\n\n<p><strong>Enel X, la l\u00ednea de negocios de Enel-Codensa lanz\u00f3 el nuevo servicio de estaciones de recarga para carros el\u00e9ctricos con el que procura superar una de las grandes barreras para la implementaci\u00f3n de flotas de veh\u00edculos electrificados, la recarga.<\/strong><\/p>\n\n\n\n<p>La intenci\u00f3n es motivar a esas empresas que est\u00e1n pensando o que han implementado flotas de carros el\u00e9ctricos, dando una alternativa a los costos asociados a la construcci\u00f3n, funcionamiento y mantenimiento de los puntos de carga.<\/p>\n\n\n\n<p>Charging as Service, como fue denominado el servicio de estaciones de carga para carros el\u00e9ctricos, es un modelo de negocio en el cual las empresas pagan por el servicio de suministro el\u00e9ctrico para la operaci\u00f3n de su flota de veh\u00edculos sin la necesidad de asumir econ\u00f3micamente la construcci\u00f3n de los puntos de carga y los adaptadores. Esto trae como resultado que las empresas solo paguen por los kilovatios-hora consumidos mensualmente m\u00e1s el IVA asociado.<\/p>\n\n\n\n<figure class=\"wp-block-image size-large\"><img loading=\"lazy\" decoding=\"async\" width=\"768\" height=\"464\" src=\"https:\/\/bydauto.com.co\/blog\/wp-content\/uploads\/2021\/08\/punto-de-carga-enel.jpg\" alt=\"Punto de carga Enel X\" class=\"wp-image-630\" srcset=\"https:\/\/bydauto.com.co\/blog\/wp-content\/uploads\/2021\/08\/punto-de-carga-enel.jpg 768w, https:\/\/bydauto.com.co\/blog\/wp-content\/uploads\/2021\/08\/punto-de-carga-enel-300x181.jpg 300w\" sizes=\"(max-width: 767px) 89vw, (max-width: 1000px) 54vw, (max-width: 1071px) 543px, 580px\" \/><\/figure>\n\n\n\n<p>Te recomendamos: <a href=\"https:\/\/bydauto.com.co\/blog\/tipos-de-cargadores-para-carros-electricos\/\">Tipos de cargadores y modos de recarga para carros el\u00e9ctricos<\/a><\/p>\n\n\n\n<h3 class=\"wp-block-heading\"><strong><em>C\u00f3mo funcionar\u00e1n las estaciones de recarga para carros el\u00e9ctricos<\/em><\/strong><\/h3>\n\n\n\n<p>En palabras de Carlos Mario Restrepo, responsable de Enel X Colombia \u201cEl modelo de Charging as a Service es el mismo que implementamos con TransMilenio para el proyecto de los patios el\u00e9ctricos del Sistema Integrado de Transporte P\u00fablico, pero adaptado a una peque\u00f1a y mediana escala para los clientes B2B y B2G. Con estas soluciones innovadoras esperamos derrumbar las barreras de la Transici\u00f3n Energ\u00e9tica para que todos puedan sumarse al desarrollo sostenible de las ciudades\u201d<\/p>\n\n\n\n<p><strong>En este orden de ideas, el equipo de Enel X se encargar\u00e1 de configurar las estaciones de recarga para carros el\u00e9ctricos mediante la selecci\u00f3n e instalaci\u00f3n de cargadores para cualquier tipo de veh\u00edculos<\/strong>, la adecuaci\u00f3n de las redes el\u00e9ctricas, la provisi\u00f3n de energ\u00eda y la localizaci\u00f3n del espacio f\u00edsico donde se ubicar\u00e1n los dispositivos.<\/p>\n\n\n\n<p><strong>A trav\u00e9s de este nuevo negocio de estaciones de recarga para carros el\u00e9ctricos, Enel X pretende satisfacer las necesidades de esas empresas que le est\u00e1n apostando a la movilidad el\u00e9ctrica<\/strong>, acortando las brechas que nos separan de un mundo libre de emisiones.<\/p>\n\n\n\n<p>Te puede gustar: <a href=\"https:\/\/bydauto.com.co\/blog\/electrolineras-en-bogota-conocelas\/\">D\u00f3nde est\u00e1n las electrolineras en Bogot\u00e1<\/a><\/p>\n\n\n\n<p><\/p>\n\n\n\n<p>Te invitamos a <a href=\"https:\/\/bydauto.com.co\/modelos\/\">conocer los modelos de carros el\u00e9ctricos BYD en este enlace<\/a> <a href=\"https:\/\/bydauto.com.co\/test-drive\/\">y agendar tu test drive aqu\u00ed<\/a> para que vivas la experiencia de la nueva movilidad moderna, tecnol\u00f3gica y sostenible.<\/p>\n","protected":false},"excerpt":{"rendered":"<p>Las estaciones de recarga para carros el\u00e9ctricos es una de las principales preocupaciones de las personas que se suman a la nueva movilidad sostenible. Pensando en esta necesidad, Enel X lanz\u00f3 un nuevo servicio de alquiler de estaciones de recarga para carros el\u00e9ctricos llamado Charging as Service, un modelo con el que pretende satisfacer las &hellip; <\/p>\n<p class=\"link-more\"><a href=\"https:\/\/bydauto.com.co\/blog\/estaciones-de-recarga-para-carros-electricos\/\" class=\"more-link\">Seguir leyendo<span class=\"screen-reader-text\"> &#8220;Enel X lanza un servicio de recarga para carros el\u00e9ctricos&#8221;<\/span><\/a><\/p>\n","protected":false},"author":4,"featured_media":631,"comment_status":"open","ping_status":"open","sticky":false,"template":"","format":"standard","meta":{"footnotes":""},"categories":[4],"tags":[],"class_list":["post-629","post","type-post","status-publish","format-standard","has-post-thumbnail","hentry","category-bydcolombia"],"yoast_head":"<!-- This site is optimized with the Yoast SEO plugin v23.6 - https:\/\/yoast.com\/wordpress\/plugins\/seo\/ -->\n<title>Estaciones de recarga para carros el\u00e9ctricos de Enel X en Colombia<\/title>\n<meta name=\"description\" content=\"Enel X lanz\u00f3 un nuevo servicio de estaciones de recarga para carros el\u00e9ctricos que pretende acortar las brechas para la movilidad sostenible\" \/>\n<meta name=\"robots\" content=\"index, follow, max-snippet:-1, max-image-preview:large, max-video-preview:-1\" \/>\n<link rel=\"canonical\" href=\"https:\/\/bydauto.com.co\/blog\/estaciones-de-recarga-para-carros-electricos\/\" \/>\n<meta property=\"og:locale\" content=\"es_ES\" \/>\n<meta property=\"og:type\" content=\"article\" \/>\n<meta property=\"og:title\" content=\"Estaciones de recarga para carros el\u00e9ctricos de Enel X en Colombia\" \/>\n<meta property=\"og:description\" content=\"Enel X lanz\u00f3 un nuevo servicio de estaciones de recarga para carros el\u00e9ctricos que pretende acortar las brechas para la movilidad sostenible\" \/>\n<meta property=\"og:url\" content=\"https:\/\/bydauto.com.co\/blog\/estaciones-de-recarga-para-carros-electricos\/\" \/>\n<meta property=\"og:site_name\" content=\"BYD Auto Colombia\" \/>\n<meta property=\"article:publisher\" content=\"https:\/\/www.facebook.com\/BYDAutoColombia\" \/>\n<meta property=\"article:published_time\" content=\"2021-08-24T15:16:01+00:00\" \/>\n<meta property=\"article:modified_time\" content=\"2021-09-07T17:57:56+00:00\" \/>\n<meta property=\"og:image\" content=\"https:\/\/bydauto.com.co\/blog\/wp-content\/uploads\/2021\/08\/punto-de-carga-movil-enel-x.jpg\" \/>\n\t<meta property=\"og:image:width\" content=\"768\" \/>\n\t<meta property=\"og:image:height\" content=\"464\" \/>\n\t<meta property=\"og:image:type\" content=\"image\/jpeg\" \/>\n<meta name=\"author\" content=\"Daniel Torres\" \/>\n<meta name=\"twitter:label1\" content=\"Escrito por\" \/>\n\t<meta name=\"twitter:data1\" content=\"Daniel Torres\" \/>\n\t<meta name=\"twitter:label2\" content=\"Tiempo de lectura\" \/>\n\t<meta name=\"twitter:data2\" content=\"3 minutos\" \/>\n<script type=\"application\/ld+json\" class=\"yoast-schema-graph\">{\"@context\":\"https:\/\/schema.org\",\"@graph\":[{\"@type\":\"Article\",\"@id\":\"https:\/\/bydauto.com.co\/blog\/estaciones-de-recarga-para-carros-electricos\/#article\",\"isPartOf\":{\"@id\":\"https:\/\/bydauto.com.co\/blog\/estaciones-de-recarga-para-carros-electricos\/\"},\"author\":{\"name\":\"Daniel Torres\",\"@id\":\"https:\/\/bydauto.com.co\/blog\/#\/schema\/person\/97e38996cd8677f633cf07d20d82096f\"},\"headline\":\"Enel X lanza un servicio de recarga para carros el\u00e9ctricos\",\"datePublished\":\"2021-08-24T15:16:01+00:00\",\"dateModified\":\"2021-09-07T17:57:56+00:00\",\"mainEntityOfPage\":{\"@id\":\"https:\/\/bydauto.com.co\/blog\/estaciones-de-recarga-para-carros-electricos\/\"},\"wordCount\":526,\"commentCount\":0,\"publisher\":{\"@id\":\"https:\/\/bydauto.com.co\/blog\/#organization\"},\"image\":{\"@id\":\"https:\/\/bydauto.com.co\/blog\/estaciones-de-recarga-para-carros-electricos\/#primaryimage\"},\"thumbnailUrl\":\"https:\/\/bydauto.com.co\/blog\/wp-content\/uploads\/2021\/08\/punto-de-carga-movil-enel-x.jpg\",\"articleSection\":[\"BYD Colombia\"],\"inLanguage\":\"es-CO\",\"potentialAction\":[{\"@type\":\"CommentAction\",\"name\":\"Comment\",\"target\":[\"https:\/\/bydauto.com.co\/blog\/estaciones-de-recarga-para-carros-electricos\/#respond\"]}]},{\"@type\":\"WebPage\",\"@id\":\"https:\/\/bydauto.com.co\/blog\/estaciones-de-recarga-para-carros-electricos\/\",\"url\":\"https:\/\/bydauto.com.co\/blog\/estaciones-de-recarga-para-carros-electricos\/\",\"name\":\"Estaciones de recarga para carros el\u00e9ctricos de Enel X en Colombia\",\"isPartOf\":{\"@id\":\"https:\/\/bydauto.com.co\/blog\/#website\"},\"primaryImageOfPage\":{\"@id\":\"https:\/\/bydauto.com.co\/blog\/estaciones-de-recarga-para-carros-electricos\/#primaryimage\"},\"image\":{\"@id\":\"https:\/\/bydauto.com.co\/blog\/estaciones-de-recarga-para-carros-electricos\/#primaryimage\"},\"thumbnailUrl\":\"https:\/\/bydauto.com.co\/blog\/wp-content\/uploads\/2021\/08\/punto-de-carga-movil-enel-x.jpg\",\"datePublished\":\"2021-08-24T15:16:01+00:00\",\"dateModified\":\"2021-09-07T17:57:56+00:00\",\"description\":\"Enel X lanz\u00f3 un nuevo servicio de estaciones de recarga para carros el\u00e9ctricos que pretende acortar las brechas para la movilidad sostenible\",\"breadcrumb\":{\"@id\":\"https:\/\/bydauto.com.co\/blog\/estaciones-de-recarga-para-carros-electricos\/#breadcrumb\"},\"inLanguage\":\"es-CO\",\"potentialAction\":[{\"@type\":\"ReadAction\",\"target\":[\"https:\/\/bydauto.com.co\/blog\/estaciones-de-recarga-para-carros-electricos\/\"]}]},{\"@type\":\"ImageObject\",\"inLanguage\":\"es-CO\",\"@id\":\"https:\/\/bydauto.com.co\/blog\/estaciones-de-recarga-para-carros-electricos\/#primaryimage\",\"url\":\"https:\/\/bydauto.com.co\/blog\/wp-content\/uploads\/2021\/08\/punto-de-carga-movil-enel-x.jpg\",\"contentUrl\":\"https:\/\/bydauto.com.co\/blog\/wp-content\/uploads\/2021\/08\/punto-de-carga-movil-enel-x.jpg\",\"width\":768,\"height\":464,\"caption\":\"Imagen cortes\u00eda: www.larepublica.com\"},{\"@type\":\"BreadcrumbList\",\"@id\":\"https:\/\/bydauto.com.co\/blog\/estaciones-de-recarga-para-carros-electricos\/#breadcrumb\",\"itemListElement\":[{\"@type\":\"ListItem\",\"position\":1,\"name\":\"Home\",\"item\":\"https:\/\/bydauto.com.co\/blog\/\"},{\"@type\":\"ListItem\",\"position\":2,\"name\":\"Enel X lanza un servicio de recarga para carros el\u00e9ctricos\"}]},{\"@type\":\"WebSite\",\"@id\":\"https:\/\/bydauto.com.co\/blog\/#website\",\"url\":\"https:\/\/bydauto.com.co\/blog\/\",\"name\":\"BYD Auto Colombia\",\"description\":\"Te damos la bienvenida al blog oficial de BYD Auto Colombia.\",\"publisher\":{\"@id\":\"https:\/\/bydauto.com.co\/blog\/#organization\"},\"potentialAction\":[{\"@type\":\"SearchAction\",\"target\":{\"@type\":\"EntryPoint\",\"urlTemplate\":\"https:\/\/bydauto.com.co\/blog\/?s={search_term_string}\"},\"query-input\":{\"@type\":\"PropertyValueSpecification\",\"valueRequired\":true,\"valueName\":\"search_term_string\"}}],\"inLanguage\":\"es-CO\"},{\"@type\":\"Organization\",\"@id\":\"https:\/\/bydauto.com.co\/blog\/#organization\",\"name\":\"BYD Auto Colombia\",\"url\":\"https:\/\/bydauto.com.co\/blog\/\",\"logo\":{\"@type\":\"ImageObject\",\"inLanguage\":\"es-CO\",\"@id\":\"https:\/\/bydauto.com.co\/blog\/#\/schema\/logo\/image\/\",\"url\":\"https:\/\/bydauto.com.co\/blog\/wp-content\/uploads\/2025\/10\/cropped-logo_oscuro_7862c2d25a.png\",\"contentUrl\":\"https:\/\/bydauto.com.co\/blog\/wp-content\/uploads\/2025\/10\/cropped-logo_oscuro_7862c2d25a.png\",\"width\":1290,\"height\":250,\"caption\":\"BYD Auto Colombia\"},\"image\":{\"@id\":\"https:\/\/bydauto.com.co\/blog\/#\/schema\/logo\/image\/\"},\"sameAs\":[\"https:\/\/www.facebook.com\/BYDAutoColombia\",\"https:\/\/www.instagram.com\/bydautocolombia\/\",\"https:\/\/www.youtube.com\/channel\/UC5T2CarA3VHbF6buuvcWPXA\"]},{\"@type\":\"Person\",\"@id\":\"https:\/\/bydauto.com.co\/blog\/#\/schema\/person\/97e38996cd8677f633cf07d20d82096f\",\"name\":\"Daniel Torres\",\"image\":{\"@type\":\"ImageObject\",\"inLanguage\":\"es-CO\",\"@id\":\"https:\/\/bydauto.com.co\/blog\/#\/schema\/person\/image\/\",\"url\":\"https:\/\/secure.gravatar.com\/avatar\/460795ba393c7da1a1279ef49917f11f?s=96&d=mm&r=g\",\"contentUrl\":\"https:\/\/secure.gravatar.com\/avatar\/460795ba393c7da1a1279ef49917f11f?s=96&d=mm&r=g\",\"caption\":\"Daniel Torres\"},\"url\":\"https:\/\/bydauto.com.co\/blog\/author\/egt\/\"}]}<\/script>\n<!-- \/ Yoast SEO plugin. -->","yoast_head_json":{"title":"Estaciones de recarga para carros el\u00e9ctricos de Enel X en Colombia","description":"Enel X lanz\u00f3 un nuevo servicio de estaciones de recarga para carros el\u00e9ctricos que pretende acortar las brechas para la movilidad sostenible","robots":{"index":"index","follow":"follow","max-snippet":"max-snippet:-1","max-image-preview":"max-image-preview:large","max-video-preview":"max-video-preview:-1"},"canonical":"https:\/\/bydauto.com.co\/blog\/estaciones-de-recarga-para-carros-electricos\/","og_locale":"es_ES","og_type":"article","og_title":"Estaciones de recarga para carros el\u00e9ctricos de Enel X en Colombia","og_description":"Enel X lanz\u00f3 un nuevo servicio de estaciones de recarga para carros el\u00e9ctricos que pretende acortar las brechas para la movilidad sostenible","og_url":"https:\/\/bydauto.com.co\/blog\/estaciones-de-recarga-para-carros-electricos\/","og_site_name":"BYD Auto Colombia","article_publisher":"https:\/\/www.facebook.com\/BYDAutoColombia","article_published_time":"2021-08-24T15:16:01+00:00","article_modified_time":"2021-09-07T17:57:56+00:00","og_image":[{"width":768,"height":464,"url":"https:\/\/bydauto.com.co\/blog\/wp-content\/uploads\/2021\/08\/punto-de-carga-movil-enel-x.jpg","type":"image\/jpeg"}],"author":"Daniel Torres","twitter_misc":{"Escrito por":"Daniel Torres","Tiempo de lectura":"3 minutos"},"schema":{"@context":"https:\/\/schema.org","@graph":[{"@type":"Article","@id":"https:\/\/bydauto.com.co\/blog\/estaciones-de-recarga-para-carros-electricos\/#article","isPartOf":{"@id":"https:\/\/bydauto.com.co\/blog\/estaciones-de-recarga-para-carros-electricos\/"},"author":{"name":"Daniel Torres","@id":"https:\/\/bydauto.com.co\/blog\/#\/schema\/person\/97e38996cd8677f633cf07d20d82096f"},"headline":"Enel X lanza un servicio de recarga para carros el\u00e9ctricos","datePublished":"2021-08-24T15:16:01+00:00","dateModified":"2021-09-07T17:57:56+00:00","mainEntityOfPage":{"@id":"https:\/\/bydauto.com.co\/blog\/estaciones-de-recarga-para-carros-electricos\/"},"wordCount":526,"commentCount":0,"publisher":{"@id":"https:\/\/bydauto.com.co\/blog\/#organization"},"image":{"@id":"https:\/\/bydauto.com.co\/blog\/estaciones-de-recarga-para-carros-electricos\/#primaryimage"},"thumbnailUrl":"https:\/\/bydauto.com.co\/blog\/wp-content\/uploads\/2021\/08\/punto-de-carga-movil-enel-x.jpg","articleSection":["BYD Colombia"],"inLanguage":"es-CO","potentialAction":[{"@type":"CommentAction","name":"Comment","target":["https:\/\/bydauto.com.co\/blog\/estaciones-de-recarga-para-carros-electricos\/#respond"]}]},{"@type":"WebPage","@id":"https:\/\/bydauto.com.co\/blog\/estaciones-de-recarga-para-carros-electricos\/","url":"https:\/\/bydauto.com.co\/blog\/estaciones-de-recarga-para-carros-electricos\/","name":"Estaciones de recarga para carros el\u00e9ctricos de Enel X en Colombia","isPartOf":{"@id":"https:\/\/bydauto.com.co\/blog\/#website"},"primaryImageOfPage":{"@id":"https:\/\/bydauto.com.co\/blog\/estaciones-de-recarga-para-carros-electricos\/#primaryimage"},"image":{"@id":"https:\/\/bydauto.com.co\/blog\/estaciones-de-recarga-para-carros-electricos\/#primaryimage"},"thumbnailUrl":"https:\/\/bydauto.com.co\/blog\/wp-content\/uploads\/2021\/08\/punto-de-carga-movil-enel-x.jpg","datePublished":"2021-08-24T15:16:01+00:00","dateModified":"2021-09-07T17:57:56+00:00","description":"Enel X lanz\u00f3 un nuevo servicio de estaciones de recarga para carros el\u00e9ctricos que pretende acortar las brechas para la movilidad sostenible","breadcrumb":{"@id":"https:\/\/bydauto.com.co\/blog\/estaciones-de-recarga-para-carros-electricos\/#breadcrumb"},"inLanguage":"es-CO","potentialAction":[{"@type":"ReadAction","target":["https:\/\/bydauto.com.co\/blog\/estaciones-de-recarga-para-carros-electricos\/"]}]},{"@type":"ImageObject","inLanguage":"es-CO","@id":"https:\/\/bydauto.com.co\/blog\/estaciones-de-recarga-para-carros-electricos\/#primaryimage","url":"https:\/\/bydauto.com.co\/blog\/wp-content\/uploads\/2021\/08\/punto-de-carga-movil-enel-x.jpg","contentUrl":"https:\/\/bydauto.com.co\/blog\/wp-content\/uploads\/2021\/08\/punto-de-carga-movil-enel-x.jpg","width":768,"height":464,"caption":"Imagen cortes\u00eda: www.larepublica.com"},{"@type":"BreadcrumbList","@id":"https:\/\/bydauto.com.co\/blog\/estaciones-de-recarga-para-carros-electricos\/#breadcrumb","itemListElement":[{"@type":"ListItem","position":1,"name":"Home","item":"https:\/\/bydauto.com.co\/blog\/"},{"@type":"ListItem","position":2,"name":"Enel X lanza un servicio de recarga para carros el\u00e9ctricos"}]},{"@type":"WebSite","@id":"https:\/\/bydauto.com.co\/blog\/#website","url":"https:\/\/bydauto.com.co\/blog\/","name":"BYD Auto Colombia","description":"Te damos la bienvenida al blog oficial de BYD Auto Colombia.","publisher":{"@id":"https:\/\/bydauto.com.co\/blog\/#organization"},"potentialAction":[{"@type":"SearchAction","target":{"@type":"EntryPoint","urlTemplate":"https:\/\/bydauto.com.co\/blog\/?s={search_term_string}"},"query-input":{"@type":"PropertyValueSpecification","valueRequired":true,"valueName":"search_term_string"}}],"inLanguage":"es-CO"},{"@type":"Organization","@id":"https:\/\/bydauto.com.co\/blog\/#organization","name":"BYD Auto Colombia","url":"https:\/\/bydauto.com.co\/blog\/","logo":{"@type":"ImageObject","inLanguage":"es-CO","@id":"https:\/\/bydauto.com.co\/blog\/#\/schema\/logo\/image\/","url":"https:\/\/bydauto.com.co\/blog\/wp-content\/uploads\/2025\/10\/cropped-logo_oscuro_7862c2d25a.png","contentUrl":"https:\/\/bydauto.com.co\/blog\/wp-content\/uploads\/2025\/10\/cropped-logo_oscuro_7862c2d25a.png","width":1290,"height":250,"caption":"BYD Auto Colombia"},"image":{"@id":"https:\/\/bydauto.com.co\/blog\/#\/schema\/logo\/image\/"},"sameAs":["https:\/\/www.facebook.com\/BYDAutoColombia","https:\/\/www.instagram.com\/bydautocolombia\/","https:\/\/www.youtube.com\/channel\/UC5T2CarA3VHbF6buuvcWPXA"]},{"@type":"Person","@id":"https:\/\/bydauto.com.co\/blog\/#\/schema\/person\/97e38996cd8677f633cf07d20d82096f","name":"Daniel Torres","image":{"@type":"ImageObject","inLanguage":"es-CO","@id":"https:\/\/bydauto.com.co\/blog\/#\/schema\/person\/image\/","url":"https:\/\/secure.gravatar.com\/avatar\/460795ba393c7da1a1279ef49917f11f?s=96&d=mm&r=g","contentUrl":"https:\/\/secure.gravatar.com\/avatar\/460795ba393c7da1a1279ef49917f11f?s=96&d=mm&r=g","caption":"Daniel Torres"},"url":"https:\/\/bydauto.com.co\/blog\/author\/egt\/"}]}},"_links":{"self":[{"href":"https:\/\/bydauto.com.co\/blog\/wp-json\/wp\/v2\/posts\/629"}],"collection":[{"href":"https:\/\/bydauto.com.co\/blog\/wp-json\/wp\/v2\/posts"}],"about":[{"href":"https:\/\/bydauto.com.co\/blog\/wp-json\/wp\/v2\/types\/post"}],"author":[{"embeddable":true,"href":"https:\/\/bydauto.com.co\/blog\/wp-json\/wp\/v2\/users\/4"}],"replies":[{"embeddable":true,"href":"https:\/\/bydauto.com.co\/blog\/wp-json\/wp\/v2\/comments?post=629"}],"version-history":[{"count":1,"href":"https:\/\/bydauto.com.co\/blog\/wp-json\/wp\/v2\/posts\/629\/revisions"}],"predecessor-version":[{"id":632,"href":"https:\/\/bydauto.com.co\/blog\/wp-json\/wp\/v2\/posts\/629\/revisions\/632"}],"wp:featuredmedia":[{"embeddable":true,"href":"https:\/\/bydauto.com.co\/blog\/wp-json\/wp\/v2\/media\/631"}],"wp:attachment":[{"href":"https:\/\/bydauto.com.co\/blog\/wp-json\/wp\/v2\/media?parent=629"}],"wp:term":[{"taxonomy":"category","embeddable":true,"href":"https:\/\/bydauto.com.co\/blog\/wp-json\/wp\/v2\/categories?post=629"},{"taxonomy":"post_tag","embeddable":true,"href":"https:\/\/bydauto.com.co\/blog\/wp-json\/wp\/v2\/tags?post=629"}],"curies":[{"name":"wp","href":"https:\/\/api.w.org\/{rel}","templated":true}]}}