{"id":60,"date":"2020-08-27T16:07:34","date_gmt":"2020-08-27T21:07:34","guid":{"rendered":"https:\/\/blog.bydauto.com.co\/?p=60"},"modified":"2020-08-27T16:17:08","modified_gmt":"2020-08-27T21:17:08","slug":"vehiculos-electricos-nueva-era-movilidad","status":"publish","type":"post","link":"https:\/\/bydauto.com.co\/blog\/vehiculos-electricos-nueva-era-movilidad\/","title":{"rendered":"Motorysa y BYD El\u00e9ctricos, juntos en la nueva era de la movilidad sostenible en Colombia"},"content":{"rendered":"\n<h2 class=\"wp-block-heading\"><strong>Solidez, reputaci\u00f3n, liderazgo mundial, calidad, tecnolog\u00eda avanzada, energ\u00edas limpias y movilidad sostenible.<\/strong><\/h2>\n\n\n\n<figure class=\"wp-block-image size-large\"><img loading=\"lazy\" decoding=\"async\" width=\"768\" height=\"464\" src=\"https:\/\/blog.bydauto.com.co\/wp-content\/uploads\/2020\/08\/vehiculos-electricos-byd-tang.jpg\" alt=\"BYD el futuro de los autos el\u00e9ctricos\" class=\"wp-image-41\" srcset=\"https:\/\/bydauto.com.co\/blog\/wp-content\/uploads\/2020\/08\/vehiculos-electricos-byd-tang.jpg 768w, https:\/\/bydauto.com.co\/blog\/wp-content\/uploads\/2020\/08\/vehiculos-electricos-byd-tang-300x181.jpg 300w\" sizes=\"(max-width: 767px) 89vw, (max-width: 1000px) 54vw, (max-width: 1071px) 543px, 580px\" \/><\/figure>\n\n\n\n<p>Estas son algunas de las credenciales que respaldan la negociaci\u00f3n que sell\u00f3 Motorysa con BYD Auto Industry Company Limited, filial del gigante tecnol\u00f3gico BYD Co. Ltd., convirti\u00e9ndose en distribuidores representantes de la <strong>l\u00ednea de veh\u00edculos el\u00e9ctricos de pasajeros <\/strong>de la marca, para Colombia.<\/p>\n\n\n\n<p>&nbsp;\u201cEstamos muy complacidos, pues desde hace m\u00e1s de siete a\u00f1os, venimos trabajando en la nueva visi\u00f3n de Motorysa hacia <strong>un nuevo futuro que apuesta a tecnolog\u00edas limpias, veh\u00edculos el\u00e9ctricos y movilidad sostenible<\/strong>. Ahora somos aliados de BYD Auto, considerada una de las empresas m\u00e1s avanzadas tecnol\u00f3gicamente en Asia y en el mundo, as\u00ed como uno de los jugadores m\u00e1s importantes en el mundo en tecnolog\u00edas el\u00e9ctricas.&nbsp;<\/p>\n\n\n\n<h3 class=\"wp-block-heading\"><strong><em>Mercado listo para tecnolog\u00edas limpias en movilidad sostenible<\/em><\/strong><\/h3>\n\n\n\n<p>El consumidor de ahora es mucho m\u00e1s sensible, con <strong>h\u00e1bitos de compra conscientes y tendencia a la protecci\u00f3n del planeta y a la movilidad sostenible<\/strong>. En <strong>Colombia hay una reflexi\u00f3n significativa frente al cambio del parque automotor tanto en transporte p\u00fablico \u2013buses, articulados, taxis-, como de veh\u00edculos el\u00e9ctricos particulares<\/strong>.&nbsp;<\/p>\n\n\n\n<p>El <strong>Decreto 2051 de 2019 del Gobierno Nacional redujo a 0 % el arancel de importaci\u00f3n para todos los veh\u00edculos el\u00e9ctricos<\/strong> que ingresen al pa\u00eds, junto con algunas medidas para incentivar la compra de estos, lo que quiere decir que, entre m\u00e1s sostenible sea su veh\u00edculo, m\u00e1s beneficios tendr\u00e1.<\/p>\n\n\n\n<p>Si bien la pandemia ha paralizado la actividad de la mayor\u00eda de sectores de la econom\u00eda, es importante resaltar que <strong>antes de mediados del mes de marzo de 2020, el sector automotor ven\u00eda con buen ritmo de crecimiento, especialmente el segmento de veh\u00edculos el\u00e9ctricos e h\u00edbridos<\/strong>.&nbsp;<\/p>\n\n\n\n<p>Teniendo en cuenta esto<strong>, Andemos espera que, para el cierre del a\u00f1o, haya un repunte en ventas de veh\u00edculos el\u00e9ctricos e h\u00edbridos<\/strong>, con lo que seguramente ser\u00e1 de los pocos segmentos del sector que mostrar\u00e1 signos positivos.&nbsp;&nbsp;<\/p>\n\n\n\n<h3 class=\"wp-block-heading\"><strong><em>BYD l\u00edder en tecnolog\u00edas el\u00e9ctricas en China y en el mundo&nbsp;<\/em><\/strong><\/h3>\n\n\n\n<p>BYD es una empresa china, fundada en 1995 por el qu\u00edmico Wang Chuan Fu. Inici\u00f3 en el mercado como fabricante de bater\u00edas para tel\u00e9fonos m\u00f3viles y cinco a\u00f1os despu\u00e9s, ya era el primer productor mundial para muchas de las marcas l\u00edderes en el mercado. Actualmente produce alrededor de 25% de las bater\u00edas para celulares en el mundo.&nbsp;<\/p>\n\n\n\n<p>En el 2003, la Compa\u00f1\u00eda decidi\u00f3 incursionar en la industria automotriz fabricando autom\u00f3viles, para lo cual, adquiri\u00f3 la empresa Tsichuan Automobile que estaba en quiebra. <strong>En 2006 lanza al mercado chino su primer veh\u00edculo el\u00e9ctrico, el BYD F3, todo un fen\u00f3meno en ventas en China<\/strong>, que adem\u00e1s de ser exportado, a\u00fan sigue estando presente.&nbsp;<\/p>\n\n\n\n<p><strong>Hoy en d\u00eda, BYD fabrica alrededor de 600 mil unidades de autom\u00f3viles al a\u00f1o, es la marca n\u00famero uno de ventas en soluciones de veh\u00edculos el\u00e9ctricos en China<\/strong> y el jugador m\u00e1s importante en el mundo en tecnolog\u00edas el\u00e9ctricas, gracias a que es la m\u00e1s completa en diversificaci\u00f3n de portafolio de productos.&nbsp;<\/p>\n\n\n\n<figure class=\"wp-block-image size-large\"><img loading=\"lazy\" decoding=\"async\" width=\"768\" height=\"464\" src=\"https:\/\/blog.bydauto.com.co\/wp-content\/uploads\/2020\/08\/vehiculos-electricos-byd-e1.jpg\" alt=\"La revoluci\u00f3n del mercado de los veh\u00edculos el\u00e9ctricos BYD\" class=\"wp-image-40\" srcset=\"https:\/\/bydauto.com.co\/blog\/wp-content\/uploads\/2020\/08\/vehiculos-electricos-byd-e1.jpg 768w, https:\/\/bydauto.com.co\/blog\/wp-content\/uploads\/2020\/08\/vehiculos-electricos-byd-e1-300x181.jpg 300w\" sizes=\"(max-width: 767px) 89vw, (max-width: 1000px) 54vw, (max-width: 1071px) 543px, 580px\" \/><\/figure>\n\n\n\n<p>BYD Auto se ha convertido en la marca automotriz nacional independiente m\u00e1s innovadora con una tasa de crecimiento superior al 100% en los \u00faltimos cinco a\u00f1os consecutivos y <strong>encabeza el sector de los veh\u00edculos el\u00e9ctricos con tecnolog\u00edas \u00fanicas, gracias a su importante inversi\u00f3n en Investigaci\u00f3n y Desarrollo (R&amp;D)<\/strong>.&nbsp;<\/p>\n\n\n\n<p>En Colombia, al igual que en los dem\u00e1s pa\u00edses de la regi\u00f3n, se est\u00e1 impulsando la transici\u00f3n a alternativas de <strong>movilidad sostenible<\/strong>. Precisamente, la Estrategia Nacional de Movilidad El\u00e9ctrica y Sostenible, que busca mejorar la calidad del aire en las ciudades a trav\u00e9s de un parque automotor m\u00e1s limpio y amigable con el medio ambiente, se traz\u00f3 <strong>dos metas: la primera, a 2030 incorporar 600.000 veh\u00edculos el\u00e9ctricos <\/strong>y la segunda, que a 2035, el 100% de los veh\u00edculos que se adquieran para reemplazar o aumentar la capacidad del transporte sean el\u00e9ctricos o de cero emisiones.<\/p>\n\n\n\n<h3 class=\"wp-block-heading\"><strong><em>Una marca garant\u00eda de sostenibilidad<\/em><\/strong><\/h3>\n\n\n\n<p><strong>BYD, adem\u00e1s de fabricar sus veh\u00edculos el\u00e9ctricos, es una de las pocas compa\u00f1\u00edas de la industria automotriz que fabrica sus propias bater\u00edas<\/strong>, amigables con el medio ambiente y consideradas entre las m\u00e1s seguras del mundo.&nbsp;<\/p>\n\n\n\n<p>La compa\u00f1\u00eda ofrece para su operaci\u00f3n en Colombia una garant\u00eda completa de 500 mil km en sus bater\u00edas y\/o 8 a\u00f1os (lo que primero se cumpla) lo que demuestra la fiabilidad y el soporte de la marca en el pa\u00eds. Y, por otro lado, BYD, recibe las bater\u00edas de los veh\u00edculos de los clientes despu\u00e9s de su ciclo de vida normal, donde hay planes junto con la casa matriz de participar en proyectos de segundos usos para sectores residenciales e industriales.&nbsp;<\/p>\n\n\n\n<h3 class=\"wp-block-heading\"><strong><em>Veh\u00edculos el\u00e9ctricos tecnol\u00f3gicamente avanzados y de calidad<\/em><\/strong><\/h3>\n\n\n\n<p><strong>Los veh\u00edculos el\u00e9ctricos BYD son considerados como unos de los sistemas m\u00e1s evolucionados tecnol\u00f3gicamente<\/strong>, con dise\u00f1os atractivos y futuristas, el\u00e9ctricos 100%, inteligentes, con desarrollos sorprendentes, conectividad avanzada (con la tecnolog\u00eda Di-Link Open Carpad), con autonom\u00eda de carga superior a muchas marcas automotrices, y desempe\u00f1os en torque y prestaciones similares a la de veh\u00edculos deportivos de altas prestaciones.&nbsp;<\/p>\n\n\n\n<h3 class=\"wp-block-heading\"><strong><em>Modelos BYD disponibles en Colombia<\/em><\/strong><\/h3>\n\n\n\n<p><strong>Motorysa presenta en Colombia para su lanzamiento, 10 tipos de veh\u00edculos el\u00e9ctricos para los modelos de BYD<\/strong>, con m\u00e1s de 15 configuraciones entre rango de autonom\u00eda y equipamiento general. Tambi\u00e9n presenta el modelo TANG DM, lo \u00faltimo en tecnolog\u00edas h\u00edbridas, denominado BYD 542 technology, que junto con un motor a gasolina de 2,0 litros puede alcanzar rangos de autonom\u00eda 100% el\u00e9ctrica de hasta 100 Km y consumos combinados de alrededor de 190 Km\/gal\u00f3n (valores de referencia de f\u00e1brica en condiciones normales de conducci\u00f3n).&nbsp;&nbsp;<\/p>\n\n\n\n<p><strong><a href=\"https:\/\/bydauto.com.co\/\" target=\"_blank\" rel=\"noreferrer noopener\">El portafolio de veh\u00edculos el\u00e9ctricos BYD es amplio <\/a>y los colombianos podr\u00e1n elegir el que se adapte a sus necesidades<\/strong> <strong>y gusto<\/strong>, por ejemplo, el modelo E1 EV, un compacto cinco puertas perfecto para la ciudad, con una autonom\u00eda de 300 Km y en versiones GL y GS; el E2 EV un veh\u00edculo tipo sed\u00e1n potente seg\u00fan los expertos y con una autonom\u00eda de 305 Km o 405 Km por carga.\u00a0<\/p>\n\n\n\n<p>\u201cMotorysa, con m\u00e1s de cinco d\u00e9cadas en el mercado, siempre ha estado preparada para reaccionar a las demandas y tendencias, y estamos muy contentos porque con las marcas que tiene la Organizaci\u00f3n-, distribuci\u00f3n de Mitsubishi Motors, el retail del portafolio de Daimler con Mercedes Benz, Fuso, Freightliner, y ahora con la distribuci\u00f3n de BYD-, ofreceremos el portafolio m\u00e1s completo y con todo tipo de tecnolog\u00edas, para el sector automotor\u201d, puntualiz\u00f3 Pastrana, gerente Divisi\u00f3n Motorysa.<\/p>\n","protected":false},"excerpt":{"rendered":"<p>Solidez, reputaci\u00f3n, liderazgo mundial, calidad, tecnolog\u00eda avanzada, energ\u00edas limpias y movilidad sostenible. Estas son algunas de las credenciales que respaldan la negociaci\u00f3n que sell\u00f3 Motorysa con BYD Auto Industry Company Limited, filial del gigante tecnol\u00f3gico BYD Co. Ltd., convirti\u00e9ndose en distribuidores representantes de la l\u00ednea de veh\u00edculos el\u00e9ctricos de pasajeros de la marca, para Colombia. &hellip; <\/p>\n<p class=\"link-more\"><a href=\"https:\/\/bydauto.com.co\/blog\/vehiculos-electricos-nueva-era-movilidad\/\" class=\"more-link\">Seguir leyendo<span class=\"screen-reader-text\"> &#8220;Motorysa y BYD El\u00e9ctricos, juntos en la nueva era de la movilidad sostenible en Colombia&#8221;<\/span><\/a><\/p>\n","protected":false},"author":4,"featured_media":41,"comment_status":"open","ping_status":"open","sticky":false,"template":"","format":"standard","meta":{"footnotes":""},"categories":[5],"tags":[],"class_list":["post-60","post","type-post","status-publish","format-standard","has-post-thumbnail","hentry","category-byd-internacional"],"yoast_head":"<!-- This site is optimized with the Yoast SEO plugin v23.6 - https:\/\/yoast.com\/wordpress\/plugins\/seo\/ -->\n<title>BYD y sus veh\u00edculos el\u00e9ctricos son el futuro de la movilidad sostenible<\/title>\n<meta name=\"description\" content=\"Los veh\u00edculos el\u00e9ctricos de BYD est\u00e1n dise\u00f1ados para satisfacer las necesidades de una generaci\u00f3n que le apuesta a la movilidad sostenible.\" \/>\n<meta name=\"robots\" content=\"index, follow, max-snippet:-1, max-image-preview:large, max-video-preview:-1\" \/>\n<link rel=\"canonical\" href=\"https:\/\/bydauto.com.co\/blog\/vehiculos-electricos-nueva-era-movilidad\/\" \/>\n<meta property=\"og:locale\" content=\"es_ES\" \/>\n<meta property=\"og:type\" content=\"article\" \/>\n<meta property=\"og:title\" content=\"BYD y sus veh\u00edculos el\u00e9ctricos son el futuro de la movilidad sostenible\" \/>\n<meta property=\"og:description\" content=\"Los veh\u00edculos el\u00e9ctricos de BYD est\u00e1n dise\u00f1ados para satisfacer las necesidades de una generaci\u00f3n que le apuesta a la movilidad sostenible.\" \/>\n<meta property=\"og:url\" content=\"https:\/\/bydauto.com.co\/blog\/vehiculos-electricos-nueva-era-movilidad\/\" \/>\n<meta property=\"og:site_name\" content=\"BYD Auto Colombia\" \/>\n<meta property=\"article:publisher\" content=\"https:\/\/www.facebook.com\/BYDAutoColombia\" \/>\n<meta property=\"article:published_time\" content=\"2020-08-27T21:07:34+00:00\" \/>\n<meta property=\"article:modified_time\" content=\"2020-08-27T21:17:08+00:00\" \/>\n<meta property=\"og:image\" content=\"https:\/\/bydauto.com.co\/blog\/wp-content\/uploads\/2020\/08\/vehiculos-electricos-byd-tang.jpg\" \/>\n\t<meta property=\"og:image:width\" content=\"768\" \/>\n\t<meta property=\"og:image:height\" content=\"464\" \/>\n\t<meta property=\"og:image:type\" content=\"image\/jpeg\" \/>\n<meta name=\"author\" content=\"Daniel Torres\" \/>\n<meta name=\"twitter:label1\" content=\"Escrito por\" \/>\n\t<meta name=\"twitter:data1\" content=\"Daniel Torres\" \/>\n\t<meta name=\"twitter:label2\" content=\"Tiempo de lectura\" \/>\n\t<meta name=\"twitter:data2\" content=\"6 minutos\" \/>\n<script type=\"application\/ld+json\" class=\"yoast-schema-graph\">{\"@context\":\"https:\/\/schema.org\",\"@graph\":[{\"@type\":\"Article\",\"@id\":\"https:\/\/bydauto.com.co\/blog\/vehiculos-electricos-nueva-era-movilidad\/#article\",\"isPartOf\":{\"@id\":\"https:\/\/bydauto.com.co\/blog\/vehiculos-electricos-nueva-era-movilidad\/\"},\"author\":{\"name\":\"Daniel Torres\",\"@id\":\"https:\/\/bydauto.com.co\/blog\/#\/schema\/person\/97e38996cd8677f633cf07d20d82096f\"},\"headline\":\"Motorysa y BYD El\u00e9ctricos, juntos en la nueva era de la movilidad sostenible en Colombia\",\"datePublished\":\"2020-08-27T21:07:34+00:00\",\"dateModified\":\"2020-08-27T21:17:08+00:00\",\"mainEntityOfPage\":{\"@id\":\"https:\/\/bydauto.com.co\/blog\/vehiculos-electricos-nueva-era-movilidad\/\"},\"wordCount\":1202,\"commentCount\":0,\"publisher\":{\"@id\":\"https:\/\/bydauto.com.co\/blog\/#organization\"},\"image\":{\"@id\":\"https:\/\/bydauto.com.co\/blog\/vehiculos-electricos-nueva-era-movilidad\/#primaryimage\"},\"thumbnailUrl\":\"https:\/\/bydauto.com.co\/blog\/wp-content\/uploads\/2020\/08\/vehiculos-electricos-byd-tang.jpg\",\"articleSection\":[\"BYD Internacional\"],\"inLanguage\":\"es-CO\",\"potentialAction\":[{\"@type\":\"CommentAction\",\"name\":\"Comment\",\"target\":[\"https:\/\/bydauto.com.co\/blog\/vehiculos-electricos-nueva-era-movilidad\/#respond\"]}]},{\"@type\":\"WebPage\",\"@id\":\"https:\/\/bydauto.com.co\/blog\/vehiculos-electricos-nueva-era-movilidad\/\",\"url\":\"https:\/\/bydauto.com.co\/blog\/vehiculos-electricos-nueva-era-movilidad\/\",\"name\":\"BYD y sus veh\u00edculos el\u00e9ctricos son el futuro de la movilidad sostenible\",\"isPartOf\":{\"@id\":\"https:\/\/bydauto.com.co\/blog\/#website\"},\"primaryImageOfPage\":{\"@id\":\"https:\/\/bydauto.com.co\/blog\/vehiculos-electricos-nueva-era-movilidad\/#primaryimage\"},\"image\":{\"@id\":\"https:\/\/bydauto.com.co\/blog\/vehiculos-electricos-nueva-era-movilidad\/#primaryimage\"},\"thumbnailUrl\":\"https:\/\/bydauto.com.co\/blog\/wp-content\/uploads\/2020\/08\/vehiculos-electricos-byd-tang.jpg\",\"datePublished\":\"2020-08-27T21:07:34+00:00\",\"dateModified\":\"2020-08-27T21:17:08+00:00\",\"description\":\"Los veh\u00edculos el\u00e9ctricos de BYD est\u00e1n dise\u00f1ados para satisfacer las necesidades de una generaci\u00f3n que le apuesta a la movilidad sostenible.\",\"breadcrumb\":{\"@id\":\"https:\/\/bydauto.com.co\/blog\/vehiculos-electricos-nueva-era-movilidad\/#breadcrumb\"},\"inLanguage\":\"es-CO\",\"potentialAction\":[{\"@type\":\"ReadAction\",\"target\":[\"https:\/\/bydauto.com.co\/blog\/vehiculos-electricos-nueva-era-movilidad\/\"]}]},{\"@type\":\"ImageObject\",\"inLanguage\":\"es-CO\",\"@id\":\"https:\/\/bydauto.com.co\/blog\/vehiculos-electricos-nueva-era-movilidad\/#primaryimage\",\"url\":\"https:\/\/bydauto.com.co\/blog\/wp-content\/uploads\/2020\/08\/vehiculos-electricos-byd-tang.jpg\",\"contentUrl\":\"https:\/\/bydauto.com.co\/blog\/wp-content\/uploads\/2020\/08\/vehiculos-electricos-byd-tang.jpg\",\"width\":768,\"height\":464,\"caption\":\"El futuro de los carros el\u00e9ctricos de BYD Tang Dm\"},{\"@type\":\"BreadcrumbList\",\"@id\":\"https:\/\/bydauto.com.co\/blog\/vehiculos-electricos-nueva-era-movilidad\/#breadcrumb\",\"itemListElement\":[{\"@type\":\"ListItem\",\"position\":1,\"name\":\"Home\",\"item\":\"https:\/\/bydauto.com.co\/blog\/\"},{\"@type\":\"ListItem\",\"position\":2,\"name\":\"Motorysa y BYD El\u00e9ctricos, juntos en la nueva era de la movilidad sostenible en Colombia\"}]},{\"@type\":\"WebSite\",\"@id\":\"https:\/\/bydauto.com.co\/blog\/#website\",\"url\":\"https:\/\/bydauto.com.co\/blog\/\",\"name\":\"BYD Auto Colombia\",\"description\":\"Te damos la bienvenida al blog oficial de BYD Auto Colombia.\",\"publisher\":{\"@id\":\"https:\/\/bydauto.com.co\/blog\/#organization\"},\"potentialAction\":[{\"@type\":\"SearchAction\",\"target\":{\"@type\":\"EntryPoint\",\"urlTemplate\":\"https:\/\/bydauto.com.co\/blog\/?s={search_term_string}\"},\"query-input\":{\"@type\":\"PropertyValueSpecification\",\"valueRequired\":true,\"valueName\":\"search_term_string\"}}],\"inLanguage\":\"es-CO\"},{\"@type\":\"Organization\",\"@id\":\"https:\/\/bydauto.com.co\/blog\/#organization\",\"name\":\"BYD Auto Colombia\",\"url\":\"https:\/\/bydauto.com.co\/blog\/\",\"logo\":{\"@type\":\"ImageObject\",\"inLanguage\":\"es-CO\",\"@id\":\"https:\/\/bydauto.com.co\/blog\/#\/schema\/logo\/image\/\",\"url\":\"https:\/\/bydauto.com.co\/blog\/wp-content\/uploads\/2025\/10\/cropped-logo_oscuro_7862c2d25a.png\",\"contentUrl\":\"https:\/\/bydauto.com.co\/blog\/wp-content\/uploads\/2025\/10\/cropped-logo_oscuro_7862c2d25a.png\",\"width\":1290,\"height\":250,\"caption\":\"BYD Auto Colombia\"},\"image\":{\"@id\":\"https:\/\/bydauto.com.co\/blog\/#\/schema\/logo\/image\/\"},\"sameAs\":[\"https:\/\/www.facebook.com\/BYDAutoColombia\",\"https:\/\/www.instagram.com\/bydautocolombia\/\",\"https:\/\/www.youtube.com\/channel\/UC5T2CarA3VHbF6buuvcWPXA\"]},{\"@type\":\"Person\",\"@id\":\"https:\/\/bydauto.com.co\/blog\/#\/schema\/person\/97e38996cd8677f633cf07d20d82096f\",\"name\":\"Daniel Torres\",\"image\":{\"@type\":\"ImageObject\",\"inLanguage\":\"es-CO\",\"@id\":\"https:\/\/bydauto.com.co\/blog\/#\/schema\/person\/image\/\",\"url\":\"https:\/\/secure.gravatar.com\/avatar\/460795ba393c7da1a1279ef49917f11f?s=96&d=mm&r=g\",\"contentUrl\":\"https:\/\/secure.gravatar.com\/avatar\/460795ba393c7da1a1279ef49917f11f?s=96&d=mm&r=g\",\"caption\":\"Daniel Torres\"},\"url\":\"https:\/\/bydauto.com.co\/blog\/author\/egt\/\"}]}<\/script>\n<!-- \/ Yoast SEO plugin. -->","yoast_head_json":{"title":"BYD y sus veh\u00edculos el\u00e9ctricos son el futuro de la movilidad sostenible","description":"Los veh\u00edculos el\u00e9ctricos de BYD est\u00e1n dise\u00f1ados para satisfacer las necesidades de una generaci\u00f3n que le apuesta a la movilidad sostenible.","robots":{"index":"index","follow":"follow","max-snippet":"max-snippet:-1","max-image-preview":"max-image-preview:large","max-video-preview":"max-video-preview:-1"},"canonical":"https:\/\/bydauto.com.co\/blog\/vehiculos-electricos-nueva-era-movilidad\/","og_locale":"es_ES","og_type":"article","og_title":"BYD y sus veh\u00edculos el\u00e9ctricos son el futuro de la movilidad sostenible","og_description":"Los veh\u00edculos el\u00e9ctricos de BYD est\u00e1n dise\u00f1ados para satisfacer las necesidades de una generaci\u00f3n que le apuesta a la movilidad sostenible.","og_url":"https:\/\/bydauto.com.co\/blog\/vehiculos-electricos-nueva-era-movilidad\/","og_site_name":"BYD Auto Colombia","article_publisher":"https:\/\/www.facebook.com\/BYDAutoColombia","article_published_time":"2020-08-27T21:07:34+00:00","article_modified_time":"2020-08-27T21:17:08+00:00","og_image":[{"width":768,"height":464,"url":"https:\/\/bydauto.com.co\/blog\/wp-content\/uploads\/2020\/08\/vehiculos-electricos-byd-tang.jpg","type":"image\/jpeg"}],"author":"Daniel Torres","twitter_misc":{"Escrito por":"Daniel Torres","Tiempo de lectura":"6 minutos"},"schema":{"@context":"https:\/\/schema.org","@graph":[{"@type":"Article","@id":"https:\/\/bydauto.com.co\/blog\/vehiculos-electricos-nueva-era-movilidad\/#article","isPartOf":{"@id":"https:\/\/bydauto.com.co\/blog\/vehiculos-electricos-nueva-era-movilidad\/"},"author":{"name":"Daniel Torres","@id":"https:\/\/bydauto.com.co\/blog\/#\/schema\/person\/97e38996cd8677f633cf07d20d82096f"},"headline":"Motorysa y BYD El\u00e9ctricos, juntos en la nueva era de la movilidad sostenible en Colombia","datePublished":"2020-08-27T21:07:34+00:00","dateModified":"2020-08-27T21:17:08+00:00","mainEntityOfPage":{"@id":"https:\/\/bydauto.com.co\/blog\/vehiculos-electricos-nueva-era-movilidad\/"},"wordCount":1202,"commentCount":0,"publisher":{"@id":"https:\/\/bydauto.com.co\/blog\/#organization"},"image":{"@id":"https:\/\/bydauto.com.co\/blog\/vehiculos-electricos-nueva-era-movilidad\/#primaryimage"},"thumbnailUrl":"https:\/\/bydauto.com.co\/blog\/wp-content\/uploads\/2020\/08\/vehiculos-electricos-byd-tang.jpg","articleSection":["BYD Internacional"],"inLanguage":"es-CO","potentialAction":[{"@type":"CommentAction","name":"Comment","target":["https:\/\/bydauto.com.co\/blog\/vehiculos-electricos-nueva-era-movilidad\/#respond"]}]},{"@type":"WebPage","@id":"https:\/\/bydauto.com.co\/blog\/vehiculos-electricos-nueva-era-movilidad\/","url":"https:\/\/bydauto.com.co\/blog\/vehiculos-electricos-nueva-era-movilidad\/","name":"BYD y sus veh\u00edculos el\u00e9ctricos son el futuro de la movilidad sostenible","isPartOf":{"@id":"https:\/\/bydauto.com.co\/blog\/#website"},"primaryImageOfPage":{"@id":"https:\/\/bydauto.com.co\/blog\/vehiculos-electricos-nueva-era-movilidad\/#primaryimage"},"image":{"@id":"https:\/\/bydauto.com.co\/blog\/vehiculos-electricos-nueva-era-movilidad\/#primaryimage"},"thumbnailUrl":"https:\/\/bydauto.com.co\/blog\/wp-content\/uploads\/2020\/08\/vehiculos-electricos-byd-tang.jpg","datePublished":"2020-08-27T21:07:34+00:00","dateModified":"2020-08-27T21:17:08+00:00","description":"Los veh\u00edculos el\u00e9ctricos de BYD est\u00e1n dise\u00f1ados para satisfacer las necesidades de una generaci\u00f3n que le apuesta a la movilidad sostenible.","breadcrumb":{"@id":"https:\/\/bydauto.com.co\/blog\/vehiculos-electricos-nueva-era-movilidad\/#breadcrumb"},"inLanguage":"es-CO","potentialAction":[{"@type":"ReadAction","target":["https:\/\/bydauto.com.co\/blog\/vehiculos-electricos-nueva-era-movilidad\/"]}]},{"@type":"ImageObject","inLanguage":"es-CO","@id":"https:\/\/bydauto.com.co\/blog\/vehiculos-electricos-nueva-era-movilidad\/#primaryimage","url":"https:\/\/bydauto.com.co\/blog\/wp-content\/uploads\/2020\/08\/vehiculos-electricos-byd-tang.jpg","contentUrl":"https:\/\/bydauto.com.co\/blog\/wp-content\/uploads\/2020\/08\/vehiculos-electricos-byd-tang.jpg","width":768,"height":464,"caption":"El futuro de los carros el\u00e9ctricos de BYD Tang Dm"},{"@type":"BreadcrumbList","@id":"https:\/\/bydauto.com.co\/blog\/vehiculos-electricos-nueva-era-movilidad\/#breadcrumb","itemListElement":[{"@type":"ListItem","position":1,"name":"Home","item":"https:\/\/bydauto.com.co\/blog\/"},{"@type":"ListItem","position":2,"name":"Motorysa y BYD El\u00e9ctricos, juntos en la nueva era de la movilidad sostenible en Colombia"}]},{"@type":"WebSite","@id":"https:\/\/bydauto.com.co\/blog\/#website","url":"https:\/\/bydauto.com.co\/blog\/","name":"BYD Auto Colombia","description":"Te damos la bienvenida al blog oficial de BYD Auto Colombia.","publisher":{"@id":"https:\/\/bydauto.com.co\/blog\/#organization"},"potentialAction":[{"@type":"SearchAction","target":{"@type":"EntryPoint","urlTemplate":"https:\/\/bydauto.com.co\/blog\/?s={search_term_string}"},"query-input":{"@type":"PropertyValueSpecification","valueRequired":true,"valueName":"search_term_string"}}],"inLanguage":"es-CO"},{"@type":"Organization","@id":"https:\/\/bydauto.com.co\/blog\/#organization","name":"BYD Auto Colombia","url":"https:\/\/bydauto.com.co\/blog\/","logo":{"@type":"ImageObject","inLanguage":"es-CO","@id":"https:\/\/bydauto.com.co\/blog\/#\/schema\/logo\/image\/","url":"https:\/\/bydauto.com.co\/blog\/wp-content\/uploads\/2025\/10\/cropped-logo_oscuro_7862c2d25a.png","contentUrl":"https:\/\/bydauto.com.co\/blog\/wp-content\/uploads\/2025\/10\/cropped-logo_oscuro_7862c2d25a.png","width":1290,"height":250,"caption":"BYD Auto Colombia"},"image":{"@id":"https:\/\/bydauto.com.co\/blog\/#\/schema\/logo\/image\/"},"sameAs":["https:\/\/www.facebook.com\/BYDAutoColombia","https:\/\/www.instagram.com\/bydautocolombia\/","https:\/\/www.youtube.com\/channel\/UC5T2CarA3VHbF6buuvcWPXA"]},{"@type":"Person","@id":"https:\/\/bydauto.com.co\/blog\/#\/schema\/person\/97e38996cd8677f633cf07d20d82096f","name":"Daniel Torres","image":{"@type":"ImageObject","inLanguage":"es-CO","@id":"https:\/\/bydauto.com.co\/blog\/#\/schema\/person\/image\/","url":"https:\/\/secure.gravatar.com\/avatar\/460795ba393c7da1a1279ef49917f11f?s=96&d=mm&r=g","contentUrl":"https:\/\/secure.gravatar.com\/avatar\/460795ba393c7da1a1279ef49917f11f?s=96&d=mm&r=g","caption":"Daniel Torres"},"url":"https:\/\/bydauto.com.co\/blog\/author\/egt\/"}]}},"_links":{"self":[{"href":"https:\/\/bydauto.com.co\/blog\/wp-json\/wp\/v2\/posts\/60"}],"collection":[{"href":"https:\/\/bydauto.com.co\/blog\/wp-json\/wp\/v2\/posts"}],"about":[{"href":"https:\/\/bydauto.com.co\/blog\/wp-json\/wp\/v2\/types\/post"}],"author":[{"embeddable":true,"href":"https:\/\/bydauto.com.co\/blog\/wp-json\/wp\/v2\/users\/4"}],"replies":[{"embeddable":true,"href":"https:\/\/bydauto.com.co\/blog\/wp-json\/wp\/v2\/comments?post=60"}],"version-history":[{"count":2,"href":"https:\/\/bydauto.com.co\/blog\/wp-json\/wp\/v2\/posts\/60\/revisions"}],"predecessor-version":[{"id":84,"href":"https:\/\/bydauto.com.co\/blog\/wp-json\/wp\/v2\/posts\/60\/revisions\/84"}],"wp:featuredmedia":[{"embeddable":true,"href":"https:\/\/bydauto.com.co\/blog\/wp-json\/wp\/v2\/media\/41"}],"wp:attachment":[{"href":"https:\/\/bydauto.com.co\/blog\/wp-json\/wp\/v2\/media?parent=60"}],"wp:term":[{"taxonomy":"category","embeddable":true,"href":"https:\/\/bydauto.com.co\/blog\/wp-json\/wp\/v2\/categories?post=60"},{"taxonomy":"post_tag","embeddable":true,"href":"https:\/\/bydauto.com.co\/blog\/wp-json\/wp\/v2\/tags?post=60"}],"curies":[{"name":"wp","href":"https:\/\/api.w.org\/{rel}","templated":true}]}}