{"id":591,"date":"2021-07-23T09:35:09","date_gmt":"2021-07-23T14:35:09","guid":{"rendered":"https:\/\/bydauto.com.co\/blog\/?p=591"},"modified":"2021-07-23T09:38:48","modified_gmt":"2021-07-23T14:38:48","slug":"carros-electricos-song-pro-byd","status":"publish","type":"post","link":"https:\/\/bydauto.com.co\/blog\/carros-electricos-song-pro-byd\/","title":{"rendered":"Tecnolog\u00eda y diversi\u00f3n a bordo de Song Pro EV"},"content":{"rendered":"\n<h2 class=\"wp-block-heading\"><strong>Los carros el\u00e9ctricos Song Pro EV son la combinaci\u00f3n de potencia, robustez, dinamismo y tecnolog\u00eda que lleg\u00f3 para impactar positivamente la movilidad sostenible.<\/strong><\/h2>\n\n\n\n<figure class=\"wp-block-image size-large\"><img loading=\"lazy\" decoding=\"async\" width=\"768\" height=\"464\" src=\"https:\/\/bydauto.com.co\/blog\/wp-content\/uploads\/2021\/07\/song-pro-ev-en-la-pista.jpg\" alt=\"Carros el\u00e9ctricos Song Pro EV en ruta\" class=\"wp-image-594\" srcset=\"https:\/\/bydauto.com.co\/blog\/wp-content\/uploads\/2021\/07\/song-pro-ev-en-la-pista.jpg 768w, https:\/\/bydauto.com.co\/blog\/wp-content\/uploads\/2021\/07\/song-pro-ev-en-la-pista-300x181.jpg 300w\" sizes=\"(max-width: 767px) 89vw, (max-width: 1000px) 54vw, (max-width: 1071px) 543px, 580px\" \/><figcaption>Imagen de referencia, \u00a0las caracter\u00edsticas pueden cambiar sin previo aviso.<\/figcaption><\/figure>\n\n\n\n<p>Contin\u00faa leyendo y descubre las <strong>razones que hacen de los carros el\u00e9ctricos Song Pro EV una excelente opci\u00f3n para cambiar la forma en la cual nos desplazamos<\/strong> toda vez que hacemos un aporte a la conservaci\u00f3n del medio ambiente.<\/p>\n\n\n\n<h3 class=\"wp-block-heading\"><em>Un exterior de lujo<\/em><\/h3>\n\n\n\n<p><strong>En el aspecto de los carros el\u00e9ctricos Song Pro EV se dan cita la deportividad en sus curvas y, por otro lado, l\u00edneas pronunciadas que aparte de sumar dinamismo al conjunto<\/strong>, robustecen la figura general y confluyen en el concepto fundamental de este veh\u00edculo que es poder en movimiento.&nbsp;<\/p>\n\n\n\n<p><strong>Los carros el\u00e9ctricos Song Pro EV cuentan con un equipamiento exterior muy completo<\/strong>:<\/p>\n\n\n\n<ul class=\"wp-block-list\"><li>Sunroof panor\u00e1mico<\/li><li>Porta equipajes<\/li><li>Rines de 19\u201d con aleaci\u00f3n de aluminio<\/li><li>Luces LED delanteras y traseras<\/li><li>Sensor de luces<\/li><li>Ajuste en altura de las luces manual<\/li><li>Funci\u00f3n \u201cFollow me home\u201d<\/li><li>Luces direccionales traseras din\u00e1micas<\/li><\/ul>\n\n\n\n<figure class=\"wp-block-image size-large\"><img loading=\"lazy\" decoding=\"async\" width=\"768\" height=\"464\" src=\"https:\/\/bydauto.com.co\/blog\/wp-content\/uploads\/2021\/07\/frontal-song-pro-ev.jpg\" alt=\"Frente de los carros el\u00e9ctricos Song Pro EV\" class=\"wp-image-592\" srcset=\"https:\/\/bydauto.com.co\/blog\/wp-content\/uploads\/2021\/07\/frontal-song-pro-ev.jpg 768w, https:\/\/bydauto.com.co\/blog\/wp-content\/uploads\/2021\/07\/frontal-song-pro-ev-300x181.jpg 300w\" sizes=\"(max-width: 767px) 89vw, (max-width: 1000px) 54vw, (max-width: 1071px) 543px, 580px\" \/><figcaption>Imagen de referencia, \u00a0las caracter\u00edsticas pueden cambiar sin previo aviso.<\/figcaption><\/figure>\n\n\n\n<p>Te puede interesar: <a href=\"https:\/\/bydauto.com.co\/blog\/movilidad-sostenible-ciudades\/\">Repensando la movilidad sostenible para las ciudades<\/a><\/p>\n\n\n\n<h3 class=\"wp-block-heading\"><em>Un interior de comodidad y entretenimiento<\/em><\/h3>\n\n\n\n<p><strong>A bordo de los carros el\u00e9ctricos Song Pro EV disfrutar\u00e1s una experiencia muy confortable gracias a su dise\u00f1o centrado en la tecnolog\u00eda y elegancia.<\/strong> Esto, gracias a un equipo internacional de expertos con experiencia en dise\u00f1o centrada en el conductor que brinda un manejo mucho m\u00e1s conveniente.<\/p>\n\n\n\n<p><strong>El interior de los carros el\u00e9ctricos Song Pro EV es color negro profundo hecho en cuero sint\u00e9tico<\/strong>, parasoles en tela tejida con espejo y luz, techo de tela tejida, tablero de instrumentos en LCD de 8\u201d, cargador inal\u00e1mbrico de tel\u00e9fonos m\u00f3viles, volante con vibraci\u00f3n y puerto de 12V.<\/p>\n\n\n\n<p>Por otro lado, <strong>los carros el\u00e9ctricos Song Pro EV cuentan con elementos tecnol\u00f3gicos y de entretenimiento y navegaci\u00f3n para hacer m\u00e1s divertidos tus trayectos<\/strong>:<\/p>\n\n\n\n<ul class=\"wp-block-list\"><li>Pantalla multimedia de 10,1\u201d<\/li><li>Bluetooth<\/li><li>Control de audio en el volante<\/li><li>Puertos USB (2 delanteros, 2 traseros)<\/li><li>Parlantes<\/li><\/ul>\n\n\n\n<figure class=\"wp-block-image size-large\"><img loading=\"lazy\" decoding=\"async\" width=\"768\" height=\"464\" src=\"https:\/\/bydauto.com.co\/blog\/wp-content\/uploads\/2021\/07\/interior-song-pro-ev-1.jpg\" alt=\"Interior de lujo de Song Pro EV\" class=\"wp-image-593\" srcset=\"https:\/\/bydauto.com.co\/blog\/wp-content\/uploads\/2021\/07\/interior-song-pro-ev-1.jpg 768w, https:\/\/bydauto.com.co\/blog\/wp-content\/uploads\/2021\/07\/interior-song-pro-ev-1-300x181.jpg 300w\" sizes=\"(max-width: 767px) 89vw, (max-width: 1000px) 54vw, (max-width: 1071px) 543px, 580px\" \/><figcaption>Imagen de referencia, \u00a0las caracter\u00edsticas pueden cambiar sin previo aviso.<\/figcaption><\/figure>\n\n\n\n<p>Te recomendamos: <a href=\"https:\/\/bydauto.com.co\/blog\/dirac-sound-live-carros-electricos-byd\/\">El mejor sistema de sonido en los autos el\u00e9ctricos BYD<\/a><\/p>\n\n\n\n<p>Adem\u00e1s de esto<strong>, los carros el\u00e9ctricos Song Pro EV cuentan con un poderoso sistema de aire acondicionado autom\u00e1tico, con activaci\u00f3n remota, doble zona con sistema de purificaci\u00f3n de aire (PM2.5)<\/strong> filtro de polen y salida de aire posterior hacia el rostro y hacia los pies.<\/p>\n\n\n\n<p><br><strong>Es momento de subirte a la nueva movilidad sostenible en los autos el\u00e9ctricos Song Pro EV<\/strong>. Te invitamos a <a href=\"https:\/\/cms-comerciales.bellpi.co\/uploads\/Ficha_tecnica_SONG_Pro_EV_b675cc8ea1.pdf\">consultar todas sus caracter\u00edsticas en la ficha t\u00e9cnica<\/a> y a realizar la <a href=\"https:\/\/bydauto.com.co\/test-drive\/\">prueba de manejo que puedes agendar en este enlace<\/a> para que descubras su potencia, confort y tecnolog\u00eda.<\/p>\n","protected":false},"excerpt":{"rendered":"<p>Los carros el\u00e9ctricos Song Pro EV son la combinaci\u00f3n de potencia, robustez, dinamismo y tecnolog\u00eda que lleg\u00f3 para impactar positivamente la movilidad sostenible. Contin\u00faa leyendo y descubre las razones que hacen de los carros el\u00e9ctricos Song Pro EV una excelente opci\u00f3n para cambiar la forma en la cual nos desplazamos toda vez que hacemos un &hellip; <\/p>\n<p class=\"link-more\"><a href=\"https:\/\/bydauto.com.co\/blog\/carros-electricos-song-pro-byd\/\" class=\"more-link\">Seguir leyendo<span class=\"screen-reader-text\"> &#8220;Tecnolog\u00eda y diversi\u00f3n a bordo de Song Pro EV&#8221;<\/span><\/a><\/p>\n","protected":false},"author":4,"featured_media":592,"comment_status":"open","ping_status":"open","sticky":false,"template":"","format":"standard","meta":{"footnotes":""},"categories":[4],"tags":[],"class_list":["post-591","post","type-post","status-publish","format-standard","has-post-thumbnail","hentry","category-bydcolombia"],"yoast_head":"<!-- This site is optimized with the Yoast SEO plugin v23.6 - https:\/\/yoast.com\/wordpress\/plugins\/seo\/ -->\n<title>Carros el\u00e9ctricos Song Pro EV y sus excelentes caracter\u00edsticas<\/title>\n<meta name=\"description\" content=\"Song Pro EV hace parte de los carros el\u00e9ctricos de nueva generaci\u00f3n dise\u00f1ados tecnol\u00f3gicamente para la vida moderna y sostenible del futuro.\" \/>\n<meta name=\"robots\" content=\"index, follow, max-snippet:-1, max-image-preview:large, max-video-preview:-1\" \/>\n<link rel=\"canonical\" href=\"https:\/\/bydauto.com.co\/blog\/carros-electricos-song-pro-byd\/\" \/>\n<meta property=\"og:locale\" content=\"es_ES\" \/>\n<meta property=\"og:type\" content=\"article\" \/>\n<meta property=\"og:title\" content=\"Carros el\u00e9ctricos Song Pro EV y sus excelentes caracter\u00edsticas\" \/>\n<meta property=\"og:description\" content=\"Song Pro EV hace parte de los carros el\u00e9ctricos de nueva generaci\u00f3n dise\u00f1ados tecnol\u00f3gicamente para la vida moderna y sostenible del futuro.\" \/>\n<meta property=\"og:url\" content=\"https:\/\/bydauto.com.co\/blog\/carros-electricos-song-pro-byd\/\" \/>\n<meta property=\"og:site_name\" content=\"BYD Auto Colombia\" \/>\n<meta property=\"article:publisher\" content=\"https:\/\/www.facebook.com\/BYDAutoColombia\" \/>\n<meta property=\"article:published_time\" content=\"2021-07-23T14:35:09+00:00\" \/>\n<meta property=\"article:modified_time\" content=\"2021-07-23T14:38:48+00:00\" \/>\n<meta property=\"og:image\" content=\"https:\/\/bydauto.com.co\/blog\/wp-content\/uploads\/2021\/07\/frontal-song-pro-ev.jpg\" \/>\n\t<meta property=\"og:image:width\" content=\"768\" \/>\n\t<meta property=\"og:image:height\" content=\"464\" \/>\n\t<meta property=\"og:image:type\" content=\"image\/jpeg\" \/>\n<meta name=\"author\" content=\"Daniel Torres\" \/>\n<meta name=\"twitter:label1\" content=\"Escrito por\" \/>\n\t<meta name=\"twitter:data1\" content=\"Daniel Torres\" \/>\n\t<meta name=\"twitter:label2\" content=\"Tiempo de lectura\" \/>\n\t<meta name=\"twitter:data2\" content=\"2 minutos\" \/>\n<script type=\"application\/ld+json\" class=\"yoast-schema-graph\">{\"@context\":\"https:\/\/schema.org\",\"@graph\":[{\"@type\":\"Article\",\"@id\":\"https:\/\/bydauto.com.co\/blog\/carros-electricos-song-pro-byd\/#article\",\"isPartOf\":{\"@id\":\"https:\/\/bydauto.com.co\/blog\/carros-electricos-song-pro-byd\/\"},\"author\":{\"name\":\"Daniel Torres\",\"@id\":\"https:\/\/bydauto.com.co\/blog\/#\/schema\/person\/97e38996cd8677f633cf07d20d82096f\"},\"headline\":\"Tecnolog\u00eda y diversi\u00f3n a bordo de Song Pro EV\",\"datePublished\":\"2021-07-23T14:35:09+00:00\",\"dateModified\":\"2021-07-23T14:38:48+00:00\",\"mainEntityOfPage\":{\"@id\":\"https:\/\/bydauto.com.co\/blog\/carros-electricos-song-pro-byd\/\"},\"wordCount\":501,\"commentCount\":0,\"publisher\":{\"@id\":\"https:\/\/bydauto.com.co\/blog\/#organization\"},\"image\":{\"@id\":\"https:\/\/bydauto.com.co\/blog\/carros-electricos-song-pro-byd\/#primaryimage\"},\"thumbnailUrl\":\"https:\/\/bydauto.com.co\/blog\/wp-content\/uploads\/2021\/07\/frontal-song-pro-ev.jpg\",\"articleSection\":[\"BYD Colombia\"],\"inLanguage\":\"es-CO\",\"potentialAction\":[{\"@type\":\"CommentAction\",\"name\":\"Comment\",\"target\":[\"https:\/\/bydauto.com.co\/blog\/carros-electricos-song-pro-byd\/#respond\"]}]},{\"@type\":\"WebPage\",\"@id\":\"https:\/\/bydauto.com.co\/blog\/carros-electricos-song-pro-byd\/\",\"url\":\"https:\/\/bydauto.com.co\/blog\/carros-electricos-song-pro-byd\/\",\"name\":\"Carros el\u00e9ctricos Song Pro EV y sus excelentes caracter\u00edsticas\",\"isPartOf\":{\"@id\":\"https:\/\/bydauto.com.co\/blog\/#website\"},\"primaryImageOfPage\":{\"@id\":\"https:\/\/bydauto.com.co\/blog\/carros-electricos-song-pro-byd\/#primaryimage\"},\"image\":{\"@id\":\"https:\/\/bydauto.com.co\/blog\/carros-electricos-song-pro-byd\/#primaryimage\"},\"thumbnailUrl\":\"https:\/\/bydauto.com.co\/blog\/wp-content\/uploads\/2021\/07\/frontal-song-pro-ev.jpg\",\"datePublished\":\"2021-07-23T14:35:09+00:00\",\"dateModified\":\"2021-07-23T14:38:48+00:00\",\"description\":\"Song Pro EV hace parte de los carros el\u00e9ctricos de nueva generaci\u00f3n dise\u00f1ados tecnol\u00f3gicamente para la vida moderna y sostenible del futuro.\",\"breadcrumb\":{\"@id\":\"https:\/\/bydauto.com.co\/blog\/carros-electricos-song-pro-byd\/#breadcrumb\"},\"inLanguage\":\"es-CO\",\"potentialAction\":[{\"@type\":\"ReadAction\",\"target\":[\"https:\/\/bydauto.com.co\/blog\/carros-electricos-song-pro-byd\/\"]}]},{\"@type\":\"ImageObject\",\"inLanguage\":\"es-CO\",\"@id\":\"https:\/\/bydauto.com.co\/blog\/carros-electricos-song-pro-byd\/#primaryimage\",\"url\":\"https:\/\/bydauto.com.co\/blog\/wp-content\/uploads\/2021\/07\/frontal-song-pro-ev.jpg\",\"contentUrl\":\"https:\/\/bydauto.com.co\/blog\/wp-content\/uploads\/2021\/07\/frontal-song-pro-ev.jpg\",\"width\":768,\"height\":464,\"caption\":\"Frente de los carros el\u00e9ctricos Song Pro EV\"},{\"@type\":\"BreadcrumbList\",\"@id\":\"https:\/\/bydauto.com.co\/blog\/carros-electricos-song-pro-byd\/#breadcrumb\",\"itemListElement\":[{\"@type\":\"ListItem\",\"position\":1,\"name\":\"Home\",\"item\":\"https:\/\/bydauto.com.co\/blog\/\"},{\"@type\":\"ListItem\",\"position\":2,\"name\":\"Tecnolog\u00eda y diversi\u00f3n a bordo de Song Pro EV\"}]},{\"@type\":\"WebSite\",\"@id\":\"https:\/\/bydauto.com.co\/blog\/#website\",\"url\":\"https:\/\/bydauto.com.co\/blog\/\",\"name\":\"BYD Auto Colombia\",\"description\":\"Te damos la bienvenida al blog oficial de BYD Auto Colombia.\",\"publisher\":{\"@id\":\"https:\/\/bydauto.com.co\/blog\/#organization\"},\"potentialAction\":[{\"@type\":\"SearchAction\",\"target\":{\"@type\":\"EntryPoint\",\"urlTemplate\":\"https:\/\/bydauto.com.co\/blog\/?s={search_term_string}\"},\"query-input\":{\"@type\":\"PropertyValueSpecification\",\"valueRequired\":true,\"valueName\":\"search_term_string\"}}],\"inLanguage\":\"es-CO\"},{\"@type\":\"Organization\",\"@id\":\"https:\/\/bydauto.com.co\/blog\/#organization\",\"name\":\"BYD Auto Colombia\",\"url\":\"https:\/\/bydauto.com.co\/blog\/\",\"logo\":{\"@type\":\"ImageObject\",\"inLanguage\":\"es-CO\",\"@id\":\"https:\/\/bydauto.com.co\/blog\/#\/schema\/logo\/image\/\",\"url\":\"https:\/\/bydauto.com.co\/blog\/wp-content\/uploads\/2025\/10\/cropped-logo_oscuro_7862c2d25a.png\",\"contentUrl\":\"https:\/\/bydauto.com.co\/blog\/wp-content\/uploads\/2025\/10\/cropped-logo_oscuro_7862c2d25a.png\",\"width\":1290,\"height\":250,\"caption\":\"BYD Auto Colombia\"},\"image\":{\"@id\":\"https:\/\/bydauto.com.co\/blog\/#\/schema\/logo\/image\/\"},\"sameAs\":[\"https:\/\/www.facebook.com\/BYDAutoColombia\",\"https:\/\/www.instagram.com\/bydautocolombia\/\",\"https:\/\/www.youtube.com\/channel\/UC5T2CarA3VHbF6buuvcWPXA\"]},{\"@type\":\"Person\",\"@id\":\"https:\/\/bydauto.com.co\/blog\/#\/schema\/person\/97e38996cd8677f633cf07d20d82096f\",\"name\":\"Daniel Torres\",\"image\":{\"@type\":\"ImageObject\",\"inLanguage\":\"es-CO\",\"@id\":\"https:\/\/bydauto.com.co\/blog\/#\/schema\/person\/image\/\",\"url\":\"https:\/\/secure.gravatar.com\/avatar\/460795ba393c7da1a1279ef49917f11f?s=96&d=mm&r=g\",\"contentUrl\":\"https:\/\/secure.gravatar.com\/avatar\/460795ba393c7da1a1279ef49917f11f?s=96&d=mm&r=g\",\"caption\":\"Daniel Torres\"},\"url\":\"https:\/\/bydauto.com.co\/blog\/author\/egt\/\"}]}<\/script>\n<!-- \/ Yoast SEO plugin. -->","yoast_head_json":{"title":"Carros el\u00e9ctricos Song Pro EV y sus excelentes caracter\u00edsticas","description":"Song Pro EV hace parte de los carros el\u00e9ctricos de nueva generaci\u00f3n dise\u00f1ados tecnol\u00f3gicamente para la vida moderna y sostenible del futuro.","robots":{"index":"index","follow":"follow","max-snippet":"max-snippet:-1","max-image-preview":"max-image-preview:large","max-video-preview":"max-video-preview:-1"},"canonical":"https:\/\/bydauto.com.co\/blog\/carros-electricos-song-pro-byd\/","og_locale":"es_ES","og_type":"article","og_title":"Carros el\u00e9ctricos Song Pro EV y sus excelentes caracter\u00edsticas","og_description":"Song Pro EV hace parte de los carros el\u00e9ctricos de nueva generaci\u00f3n dise\u00f1ados tecnol\u00f3gicamente para la vida moderna y sostenible del futuro.","og_url":"https:\/\/bydauto.com.co\/blog\/carros-electricos-song-pro-byd\/","og_site_name":"BYD Auto Colombia","article_publisher":"https:\/\/www.facebook.com\/BYDAutoColombia","article_published_time":"2021-07-23T14:35:09+00:00","article_modified_time":"2021-07-23T14:38:48+00:00","og_image":[{"width":768,"height":464,"url":"https:\/\/bydauto.com.co\/blog\/wp-content\/uploads\/2021\/07\/frontal-song-pro-ev.jpg","type":"image\/jpeg"}],"author":"Daniel Torres","twitter_misc":{"Escrito por":"Daniel Torres","Tiempo de lectura":"2 minutos"},"schema":{"@context":"https:\/\/schema.org","@graph":[{"@type":"Article","@id":"https:\/\/bydauto.com.co\/blog\/carros-electricos-song-pro-byd\/#article","isPartOf":{"@id":"https:\/\/bydauto.com.co\/blog\/carros-electricos-song-pro-byd\/"},"author":{"name":"Daniel Torres","@id":"https:\/\/bydauto.com.co\/blog\/#\/schema\/person\/97e38996cd8677f633cf07d20d82096f"},"headline":"Tecnolog\u00eda y diversi\u00f3n a bordo de Song Pro EV","datePublished":"2021-07-23T14:35:09+00:00","dateModified":"2021-07-23T14:38:48+00:00","mainEntityOfPage":{"@id":"https:\/\/bydauto.com.co\/blog\/carros-electricos-song-pro-byd\/"},"wordCount":501,"commentCount":0,"publisher":{"@id":"https:\/\/bydauto.com.co\/blog\/#organization"},"image":{"@id":"https:\/\/bydauto.com.co\/blog\/carros-electricos-song-pro-byd\/#primaryimage"},"thumbnailUrl":"https:\/\/bydauto.com.co\/blog\/wp-content\/uploads\/2021\/07\/frontal-song-pro-ev.jpg","articleSection":["BYD Colombia"],"inLanguage":"es-CO","potentialAction":[{"@type":"CommentAction","name":"Comment","target":["https:\/\/bydauto.com.co\/blog\/carros-electricos-song-pro-byd\/#respond"]}]},{"@type":"WebPage","@id":"https:\/\/bydauto.com.co\/blog\/carros-electricos-song-pro-byd\/","url":"https:\/\/bydauto.com.co\/blog\/carros-electricos-song-pro-byd\/","name":"Carros el\u00e9ctricos Song Pro EV y sus excelentes caracter\u00edsticas","isPartOf":{"@id":"https:\/\/bydauto.com.co\/blog\/#website"},"primaryImageOfPage":{"@id":"https:\/\/bydauto.com.co\/blog\/carros-electricos-song-pro-byd\/#primaryimage"},"image":{"@id":"https:\/\/bydauto.com.co\/blog\/carros-electricos-song-pro-byd\/#primaryimage"},"thumbnailUrl":"https:\/\/bydauto.com.co\/blog\/wp-content\/uploads\/2021\/07\/frontal-song-pro-ev.jpg","datePublished":"2021-07-23T14:35:09+00:00","dateModified":"2021-07-23T14:38:48+00:00","description":"Song Pro EV hace parte de los carros el\u00e9ctricos de nueva generaci\u00f3n dise\u00f1ados tecnol\u00f3gicamente para la vida moderna y sostenible del futuro.","breadcrumb":{"@id":"https:\/\/bydauto.com.co\/blog\/carros-electricos-song-pro-byd\/#breadcrumb"},"inLanguage":"es-CO","potentialAction":[{"@type":"ReadAction","target":["https:\/\/bydauto.com.co\/blog\/carros-electricos-song-pro-byd\/"]}]},{"@type":"ImageObject","inLanguage":"es-CO","@id":"https:\/\/bydauto.com.co\/blog\/carros-electricos-song-pro-byd\/#primaryimage","url":"https:\/\/bydauto.com.co\/blog\/wp-content\/uploads\/2021\/07\/frontal-song-pro-ev.jpg","contentUrl":"https:\/\/bydauto.com.co\/blog\/wp-content\/uploads\/2021\/07\/frontal-song-pro-ev.jpg","width":768,"height":464,"caption":"Frente de los carros el\u00e9ctricos Song Pro EV"},{"@type":"BreadcrumbList","@id":"https:\/\/bydauto.com.co\/blog\/carros-electricos-song-pro-byd\/#breadcrumb","itemListElement":[{"@type":"ListItem","position":1,"name":"Home","item":"https:\/\/bydauto.com.co\/blog\/"},{"@type":"ListItem","position":2,"name":"Tecnolog\u00eda y diversi\u00f3n a bordo de Song Pro EV"}]},{"@type":"WebSite","@id":"https:\/\/bydauto.com.co\/blog\/#website","url":"https:\/\/bydauto.com.co\/blog\/","name":"BYD Auto Colombia","description":"Te damos la bienvenida al blog oficial de BYD Auto Colombia.","publisher":{"@id":"https:\/\/bydauto.com.co\/blog\/#organization"},"potentialAction":[{"@type":"SearchAction","target":{"@type":"EntryPoint","urlTemplate":"https:\/\/bydauto.com.co\/blog\/?s={search_term_string}"},"query-input":{"@type":"PropertyValueSpecification","valueRequired":true,"valueName":"search_term_string"}}],"inLanguage":"es-CO"},{"@type":"Organization","@id":"https:\/\/bydauto.com.co\/blog\/#organization","name":"BYD Auto Colombia","url":"https:\/\/bydauto.com.co\/blog\/","logo":{"@type":"ImageObject","inLanguage":"es-CO","@id":"https:\/\/bydauto.com.co\/blog\/#\/schema\/logo\/image\/","url":"https:\/\/bydauto.com.co\/blog\/wp-content\/uploads\/2025\/10\/cropped-logo_oscuro_7862c2d25a.png","contentUrl":"https:\/\/bydauto.com.co\/blog\/wp-content\/uploads\/2025\/10\/cropped-logo_oscuro_7862c2d25a.png","width":1290,"height":250,"caption":"BYD Auto Colombia"},"image":{"@id":"https:\/\/bydauto.com.co\/blog\/#\/schema\/logo\/image\/"},"sameAs":["https:\/\/www.facebook.com\/BYDAutoColombia","https:\/\/www.instagram.com\/bydautocolombia\/","https:\/\/www.youtube.com\/channel\/UC5T2CarA3VHbF6buuvcWPXA"]},{"@type":"Person","@id":"https:\/\/bydauto.com.co\/blog\/#\/schema\/person\/97e38996cd8677f633cf07d20d82096f","name":"Daniel Torres","image":{"@type":"ImageObject","inLanguage":"es-CO","@id":"https:\/\/bydauto.com.co\/blog\/#\/schema\/person\/image\/","url":"https:\/\/secure.gravatar.com\/avatar\/460795ba393c7da1a1279ef49917f11f?s=96&d=mm&r=g","contentUrl":"https:\/\/secure.gravatar.com\/avatar\/460795ba393c7da1a1279ef49917f11f?s=96&d=mm&r=g","caption":"Daniel Torres"},"url":"https:\/\/bydauto.com.co\/blog\/author\/egt\/"}]}},"_links":{"self":[{"href":"https:\/\/bydauto.com.co\/blog\/wp-json\/wp\/v2\/posts\/591"}],"collection":[{"href":"https:\/\/bydauto.com.co\/blog\/wp-json\/wp\/v2\/posts"}],"about":[{"href":"https:\/\/bydauto.com.co\/blog\/wp-json\/wp\/v2\/types\/post"}],"author":[{"embeddable":true,"href":"https:\/\/bydauto.com.co\/blog\/wp-json\/wp\/v2\/users\/4"}],"replies":[{"embeddable":true,"href":"https:\/\/bydauto.com.co\/blog\/wp-json\/wp\/v2\/comments?post=591"}],"version-history":[{"count":3,"href":"https:\/\/bydauto.com.co\/blog\/wp-json\/wp\/v2\/posts\/591\/revisions"}],"predecessor-version":[{"id":597,"href":"https:\/\/bydauto.com.co\/blog\/wp-json\/wp\/v2\/posts\/591\/revisions\/597"}],"wp:featuredmedia":[{"embeddable":true,"href":"https:\/\/bydauto.com.co\/blog\/wp-json\/wp\/v2\/media\/592"}],"wp:attachment":[{"href":"https:\/\/bydauto.com.co\/blog\/wp-json\/wp\/v2\/media?parent=591"}],"wp:term":[{"taxonomy":"category","embeddable":true,"href":"https:\/\/bydauto.com.co\/blog\/wp-json\/wp\/v2\/categories?post=591"},{"taxonomy":"post_tag","embeddable":true,"href":"https:\/\/bydauto.com.co\/blog\/wp-json\/wp\/v2\/tags?post=591"}],"curies":[{"name":"wp","href":"https:\/\/api.w.org\/{rel}","templated":true}]}}