{"id":510,"date":"2021-06-10T11:25:37","date_gmt":"2021-06-10T16:25:37","guid":{"rendered":"http:\/\/bydauto.com.co\/blog\/?p=510"},"modified":"2021-06-10T11:25:38","modified_gmt":"2021-06-10T16:25:38","slug":"suv-byd-tang-2021","status":"publish","type":"post","link":"https:\/\/bydauto.com.co\/blog\/suv-byd-tang-2021\/","title":{"rendered":"Los primeros 100 BYD Tang se embarcan hacia Noruega"},"content":{"rendered":"\n<h2 class=\"wp-block-heading\"><strong>BYD, es el fabricante l\u00edder mundial de veh\u00edculos de nueva energ\u00eda (NEV) y uno de los primeros en producir un mill\u00f3n de autom\u00f3viles el\u00e9ctricos de pasajeros a nivel mundial. <\/strong><\/h2>\n\n\n\n<figure class=\"wp-block-image size-large\"><img loading=\"lazy\" decoding=\"async\" width=\"768\" height=\"464\" src=\"http:\/\/bydauto.com.co\/blog\/wp-content\/uploads\/2021\/06\/suv-tan-g-linea.jpg\" alt=\"Vista diagonal de los veh\u00edculos utilitarios Tang\" class=\"wp-image-512\" srcset=\"https:\/\/bydauto.com.co\/blog\/wp-content\/uploads\/2021\/06\/suv-tan-g-linea.jpg 768w, https:\/\/bydauto.com.co\/blog\/wp-content\/uploads\/2021\/06\/suv-tan-g-linea-300x181.jpg 300w\" sizes=\"(max-width: 767px) 89vw, (max-width: 1000px) 54vw, (max-width: 1071px) 543px, 580px\" \/><figcaption><em>Los primeros BYD Tang zarpan hacia Noruega <\/em><\/figcaption><\/figure>\n\n\n\n<p>Este lunes hizo el env\u00edo de los primeros 100 SUV BYD Tang con especificaci\u00f3n europea para los clientes de Noruega.<\/p>\n\n\n\n<h3 class=\"wp-block-heading\"><em>Los primeros BYD Tang zarpan hacia Noruega<\/em><\/h3>\n\n\n\n<p>Este env\u00edo marca la entrada de la empresa en el competitivo mercado europeo de autom\u00f3viles de pasajeros, con un producto que combina la \u00faltima bater\u00eda de BYD y la tecnolog\u00eda NEV con sus atractivas especificaciones y dise\u00f1o europeo.<\/p>\n\n\n\n<p>La marca BYD ya est\u00e1 firmemente establecida en Escandinavia y en toda Europa como el fabricante l\u00edder en el mercado de buses el\u00e9ctricos para el sector del transporte p\u00fablico.<\/p>\n\n\n\n<p><strong>El primer env\u00edo de veh\u00edculos SUV BYD Tang para Noruega tambi\u00e9n marca el comienzo del \u201csue\u00f1o europeo&#8221; para BYD<\/strong>, en un momento estrat\u00e9gicamente importante en el que las ventas de nuevos veh\u00edculos el\u00e9ctricos comienzan a aumentar en los principales mercados de Europa.<\/p>\n\n\n\n<p>BYD conf\u00eda en que su punto de venta clave -el compromiso de dise\u00f1ar y fabricar solo autom\u00f3viles el\u00e9ctricos y sin emisiones- demuestra una distinci\u00f3n importante con respecto a los fabricantes de autom\u00f3viles convencionales europeos, lo que subraya el enfoque inquebrantable de la compa\u00f1\u00eda en la sostenibilidad ambiental. <\/p>\n\n\n\n<p>BYD se ha ganado una reputaci\u00f3n mundial como pionero en el desarrollo de bater\u00edas y tecnolog\u00eda de bater\u00edas, con una historia de 26 a\u00f1os entregando productos seguros y confiables.<\/p>\n\n\n\n<p><strong>El primer env\u00edo de 100 BYD Tang el\u00e9ctricos de tracci\u00f3n total zarp\u00f3 este lunes 7 de junio desde el puerto de Shangh\u00e1i, y llegar\u00e1 a los concesionarios de Noruega a finales del verano.<\/strong> BYD se ha asociado con RSA, el principal distribuidor de autom\u00f3viles escandinavo, para la venta, servicio de respaldo y distribuci\u00f3n de piezas, aprovechando su experiencia de clase mundial y su historial de comprobado apoyo a muchas marcas de autom\u00f3viles l\u00edderes en Noruega a trav\u00e9s de su extensa red de distribuidores.<\/p>\n\n\n\n<figure class=\"wp-block-image size-large\"><img loading=\"lazy\" decoding=\"async\" width=\"768\" height=\"464\" src=\"http:\/\/bydauto.com.co\/blog\/wp-content\/uploads\/2021\/06\/vista-cenital-100-suv.jpg\" alt=\"Vista cenital de los 100 SUV BYD Tang enviados a Noruega\" class=\"wp-image-513\" srcset=\"https:\/\/bydauto.com.co\/blog\/wp-content\/uploads\/2021\/06\/vista-cenital-100-suv.jpg 768w, https:\/\/bydauto.com.co\/blog\/wp-content\/uploads\/2021\/06\/vista-cenital-100-suv-300x181.jpg 300w\" sizes=\"(max-width: 767px) 89vw, (max-width: 1000px) 54vw, (max-width: 1071px) 543px, 580px\" \/><figcaption><em>Los primeros BYD Tang listos para embarcar en el puerto de Shanghai<\/em><\/figcaption><\/figure>\n\n\n\n<h3 class=\"wp-block-heading\"><em>Los primeros SUV Tang listos para embarcar en el Puerto de Shanghai<\/em><\/h3>\n\n\n\n<p>En una demostraci\u00f3n m\u00e1s del compromiso de BYD con Noruega y con los mercados de Europa, <strong>BYD ha confirmado que suministrar\u00e1 un total de 1500 SUV BYD Tang a la cadena de suministro de RSA en Noruega antes de finales de 2021.<\/strong><\/p>\n\n\n\n<p><strong>El SUV BYD Tang cuenta con lo \u00faltimo en tecnolog\u00eda automotriz en t\u00e9rminos de rendimiento, seguridad y, por supuesto, comodidad para el conductor y los pasajeros.<\/strong> El dise\u00f1o del veh\u00edculo representa una combinaci\u00f3n de &#8220;sabidur\u00eda oriental y est\u00e9tica occidental&#8221;, combinada a la perfecci\u00f3n bajo la direcci\u00f3n experta del director de dise\u00f1o global de BYD, Wolfgang Egger.<\/p>\n\n\n\n<p><strong>El SUV BYD Tang ofrece un veh\u00edculo utilitario completamente nuevo para los compradores de autom\u00f3viles en Noruega<\/strong>; un autom\u00f3vil con una est\u00e9tica de dise\u00f1o claramente europeo, con una serie de nuevas tecnolog\u00edas para atraer a los clientes m\u00e1s exigentes.<\/p>\n\n\n\n<p><strong>El accidentado paisaje noruego proporciona el tel\u00f3n de fondo ideal para el SUV BYD Tang de siete asientos y tracci\u00f3n total, que ofrece un amplio espacio para que una familia numerosa explore el aire libre con la m\u00e1xima comodidad.<\/strong><\/p>\n\n\n\n<p>La principal de sus caracter\u00edsticas tecnol\u00f3gicas es la nueva bater\u00eda Blade, que ahorra espacio y cambia el juego con cifras de rendimiento de 0-100 km\/h en solo 4,6 segundos gracias a su capacidad de bater\u00eda de 86,4 kWh, y un rango l\u00edder en su clase, con autonom\u00eda de m\u00e1s de 500 km (NEDC) por carga.<\/p>\n\n\n\n<p>Te gustar\u00eda leer: <a href=\"https:\/\/bydauto.com.co\/blog\/2021\/03\/08\/blade-battery-seguridad-byd\/\">Blade Battery de BYD a profundidad<\/a><\/p>\n\n\n\n<p>Si bien la carga entre el 30% y el 80% de la capacidad se logra en breves 30 minutos, son las credenciales ultraseguras de la bater\u00eda Blade las que son realmente impresionantes, con rigurosos resultados de pruebas de penetraci\u00f3n de clavos y hornos, demostrando mejoras dram\u00e1ticas sobre las bater\u00edas de iones de litio convencionales.<\/p>\n\n\n\n<figure class=\"wp-block-image size-large\"><img loading=\"lazy\" decoding=\"async\" width=\"768\" height=\"464\" src=\"http:\/\/bydauto.com.co\/blog\/wp-content\/uploads\/2021\/06\/suv-tang-de-byd.jpg\" alt=\"SUV BYD Tang\" class=\"wp-image-511\" srcset=\"https:\/\/bydauto.com.co\/blog\/wp-content\/uploads\/2021\/06\/suv-tang-de-byd.jpg 768w, https:\/\/bydauto.com.co\/blog\/wp-content\/uploads\/2021\/06\/suv-tang-de-byd-300x181.jpg 300w\" sizes=\"(max-width: 767px) 89vw, (max-width: 1000px) 54vw, (max-width: 1071px) 543px, 580px\" \/><\/figure>\n\n\n\n<h3 class=\"wp-block-heading\"><em><strong>El nuevo modelo del BYD Tang 2021<\/strong><\/em><\/h3>\n\n\n\n<p>&#8220;Hoy es verdaderamente el comienzo del sue\u00f1o europeo para BYD y nuestras ambiciones de autom\u00f3viles de pasajeros&#8221;, dijo Isbrand Ho, Director Gerente de BYD Europa. Y agreg\u00f3: <strong>\u201cCon el nuevo SUV BYD Tang, tenemos un veh\u00edculo utilitario &nbsp;fant\u00e1stico para el mercado noruego y estamos seguros de que ser\u00e1 un trampol\u00edn hacia toda Europa.<\/strong><\/p>\n\n\n\n<p><strong>El SUV BYD Tang combina la herencia china con el estilo del dise\u00f1o europeo, una expresi\u00f3n creativa del equipo de dise\u00f1o de Wolfgang Egger<\/strong>, y un autom\u00f3vil que es m\u00e1s que un rival para los jugadores actuales del mercado. <strong>El SUV BYD Tang es un autom\u00f3vil excepcionalmente bien equipado para el conductor actual, orientado a la familia y consciente del clima&#8221;.<\/strong><\/p>\n","protected":false},"excerpt":{"rendered":"<p>BYD, es el fabricante l\u00edder mundial de veh\u00edculos de nueva energ\u00eda (NEV) y uno de los primeros en producir un mill\u00f3n de autom\u00f3viles el\u00e9ctricos de pasajeros a nivel mundial. Este lunes hizo el env\u00edo de los primeros 100 SUV BYD Tang con especificaci\u00f3n europea para los clientes de Noruega. Los primeros BYD Tang zarpan hacia &hellip; <\/p>\n<p class=\"link-more\"><a href=\"https:\/\/bydauto.com.co\/blog\/suv-byd-tang-2021\/\" class=\"more-link\">Seguir leyendo<span class=\"screen-reader-text\"> &#8220;Los primeros 100 BYD Tang se embarcan hacia Noruega&#8221;<\/span><\/a><\/p>\n","protected":false},"author":4,"featured_media":511,"comment_status":"open","ping_status":"open","sticky":false,"template":"","format":"standard","meta":{"footnotes":""},"categories":[5],"tags":[],"class_list":["post-510","post","type-post","status-publish","format-standard","has-post-thumbnail","hentry","category-byd-internacional"],"yoast_head":"<!-- This site is optimized with the Yoast SEO plugin v23.6 - https:\/\/yoast.com\/wordpress\/plugins\/seo\/ -->\n<title>SUV BYD Tang llegan al mercado europeo con 100 unidades a Noruega<\/title>\n<meta name=\"description\" content=\"Las primeras 100 camionetas SUV BYD Tang llegar\u00e1n a Noruega donde podr\u00e1n demostrar toda su potencia, tecnolog\u00eda y seguridad en la v\u00eda.\" \/>\n<meta name=\"robots\" content=\"index, follow, max-snippet:-1, max-image-preview:large, max-video-preview:-1\" \/>\n<link rel=\"canonical\" href=\"https:\/\/bydauto.com.co\/blog\/suv-byd-tang-2021\/\" \/>\n<meta property=\"og:locale\" content=\"es_ES\" \/>\n<meta property=\"og:type\" content=\"article\" \/>\n<meta property=\"og:title\" content=\"SUV BYD Tang llegan al mercado europeo con 100 unidades a Noruega\" \/>\n<meta property=\"og:description\" content=\"Las primeras 100 camionetas SUV BYD Tang llegar\u00e1n a Noruega donde podr\u00e1n demostrar toda su potencia, tecnolog\u00eda y seguridad en la v\u00eda.\" \/>\n<meta property=\"og:url\" content=\"https:\/\/bydauto.com.co\/blog\/suv-byd-tang-2021\/\" \/>\n<meta property=\"og:site_name\" content=\"BYD Auto Colombia\" \/>\n<meta property=\"article:publisher\" content=\"https:\/\/www.facebook.com\/BYDAutoColombia\" \/>\n<meta property=\"article:published_time\" content=\"2021-06-10T16:25:37+00:00\" \/>\n<meta property=\"article:modified_time\" content=\"2021-06-10T16:25:38+00:00\" \/>\n<meta property=\"og:image\" content=\"https:\/\/bydauto.com.co\/blog\/wp-content\/uploads\/2021\/06\/suv-tang-de-byd.jpg\" \/>\n\t<meta property=\"og:image:width\" content=\"768\" \/>\n\t<meta property=\"og:image:height\" content=\"464\" \/>\n\t<meta property=\"og:image:type\" content=\"image\/jpeg\" \/>\n<meta name=\"author\" content=\"Daniel Torres\" \/>\n<meta name=\"twitter:label1\" content=\"Escrito por\" \/>\n\t<meta name=\"twitter:data1\" content=\"Daniel Torres\" \/>\n\t<meta name=\"twitter:label2\" content=\"Tiempo de lectura\" \/>\n\t<meta name=\"twitter:data2\" content=\"4 minutos\" \/>\n<script type=\"application\/ld+json\" class=\"yoast-schema-graph\">{\"@context\":\"https:\/\/schema.org\",\"@graph\":[{\"@type\":\"Article\",\"@id\":\"https:\/\/bydauto.com.co\/blog\/suv-byd-tang-2021\/#article\",\"isPartOf\":{\"@id\":\"https:\/\/bydauto.com.co\/blog\/suv-byd-tang-2021\/\"},\"author\":{\"name\":\"Daniel Torres\",\"@id\":\"https:\/\/bydauto.com.co\/blog\/#\/schema\/person\/97e38996cd8677f633cf07d20d82096f\"},\"headline\":\"Los primeros 100 BYD Tang se embarcan hacia Noruega\",\"datePublished\":\"2021-06-10T16:25:37+00:00\",\"dateModified\":\"2021-06-10T16:25:38+00:00\",\"mainEntityOfPage\":{\"@id\":\"https:\/\/bydauto.com.co\/blog\/suv-byd-tang-2021\/\"},\"wordCount\":856,\"commentCount\":0,\"publisher\":{\"@id\":\"https:\/\/bydauto.com.co\/blog\/#organization\"},\"image\":{\"@id\":\"https:\/\/bydauto.com.co\/blog\/suv-byd-tang-2021\/#primaryimage\"},\"thumbnailUrl\":\"https:\/\/bydauto.com.co\/blog\/wp-content\/uploads\/2021\/06\/suv-tang-de-byd.jpg\",\"articleSection\":[\"BYD Internacional\"],\"inLanguage\":\"es-CO\",\"potentialAction\":[{\"@type\":\"CommentAction\",\"name\":\"Comment\",\"target\":[\"https:\/\/bydauto.com.co\/blog\/suv-byd-tang-2021\/#respond\"]}]},{\"@type\":\"WebPage\",\"@id\":\"https:\/\/bydauto.com.co\/blog\/suv-byd-tang-2021\/\",\"url\":\"https:\/\/bydauto.com.co\/blog\/suv-byd-tang-2021\/\",\"name\":\"SUV BYD Tang llegan al mercado europeo con 100 unidades a Noruega\",\"isPartOf\":{\"@id\":\"https:\/\/bydauto.com.co\/blog\/#website\"},\"primaryImageOfPage\":{\"@id\":\"https:\/\/bydauto.com.co\/blog\/suv-byd-tang-2021\/#primaryimage\"},\"image\":{\"@id\":\"https:\/\/bydauto.com.co\/blog\/suv-byd-tang-2021\/#primaryimage\"},\"thumbnailUrl\":\"https:\/\/bydauto.com.co\/blog\/wp-content\/uploads\/2021\/06\/suv-tang-de-byd.jpg\",\"datePublished\":\"2021-06-10T16:25:37+00:00\",\"dateModified\":\"2021-06-10T16:25:38+00:00\",\"description\":\"Las primeras 100 camionetas SUV BYD Tang llegar\u00e1n a Noruega donde podr\u00e1n demostrar toda su potencia, tecnolog\u00eda y seguridad en la v\u00eda.\",\"breadcrumb\":{\"@id\":\"https:\/\/bydauto.com.co\/blog\/suv-byd-tang-2021\/#breadcrumb\"},\"inLanguage\":\"es-CO\",\"potentialAction\":[{\"@type\":\"ReadAction\",\"target\":[\"https:\/\/bydauto.com.co\/blog\/suv-byd-tang-2021\/\"]}]},{\"@type\":\"ImageObject\",\"inLanguage\":\"es-CO\",\"@id\":\"https:\/\/bydauto.com.co\/blog\/suv-byd-tang-2021\/#primaryimage\",\"url\":\"https:\/\/bydauto.com.co\/blog\/wp-content\/uploads\/2021\/06\/suv-tang-de-byd.jpg\",\"contentUrl\":\"https:\/\/bydauto.com.co\/blog\/wp-content\/uploads\/2021\/06\/suv-tang-de-byd.jpg\",\"width\":768,\"height\":464,\"caption\":\"SUV BYD Tang\"},{\"@type\":\"BreadcrumbList\",\"@id\":\"https:\/\/bydauto.com.co\/blog\/suv-byd-tang-2021\/#breadcrumb\",\"itemListElement\":[{\"@type\":\"ListItem\",\"position\":1,\"name\":\"Home\",\"item\":\"https:\/\/bydauto.com.co\/blog\/\"},{\"@type\":\"ListItem\",\"position\":2,\"name\":\"Los primeros 100 BYD Tang se embarcan hacia Noruega\"}]},{\"@type\":\"WebSite\",\"@id\":\"https:\/\/bydauto.com.co\/blog\/#website\",\"url\":\"https:\/\/bydauto.com.co\/blog\/\",\"name\":\"BYD Auto Colombia\",\"description\":\"Te damos la bienvenida al blog oficial de BYD Auto Colombia.\",\"publisher\":{\"@id\":\"https:\/\/bydauto.com.co\/blog\/#organization\"},\"potentialAction\":[{\"@type\":\"SearchAction\",\"target\":{\"@type\":\"EntryPoint\",\"urlTemplate\":\"https:\/\/bydauto.com.co\/blog\/?s={search_term_string}\"},\"query-input\":{\"@type\":\"PropertyValueSpecification\",\"valueRequired\":true,\"valueName\":\"search_term_string\"}}],\"inLanguage\":\"es-CO\"},{\"@type\":\"Organization\",\"@id\":\"https:\/\/bydauto.com.co\/blog\/#organization\",\"name\":\"BYD Auto Colombia\",\"url\":\"https:\/\/bydauto.com.co\/blog\/\",\"logo\":{\"@type\":\"ImageObject\",\"inLanguage\":\"es-CO\",\"@id\":\"https:\/\/bydauto.com.co\/blog\/#\/schema\/logo\/image\/\",\"url\":\"https:\/\/bydauto.com.co\/blog\/wp-content\/uploads\/2025\/10\/cropped-logo_oscuro_7862c2d25a.png\",\"contentUrl\":\"https:\/\/bydauto.com.co\/blog\/wp-content\/uploads\/2025\/10\/cropped-logo_oscuro_7862c2d25a.png\",\"width\":1290,\"height\":250,\"caption\":\"BYD Auto Colombia\"},\"image\":{\"@id\":\"https:\/\/bydauto.com.co\/blog\/#\/schema\/logo\/image\/\"},\"sameAs\":[\"https:\/\/www.facebook.com\/BYDAutoColombia\",\"https:\/\/www.instagram.com\/bydautocolombia\/\",\"https:\/\/www.youtube.com\/channel\/UC5T2CarA3VHbF6buuvcWPXA\"]},{\"@type\":\"Person\",\"@id\":\"https:\/\/bydauto.com.co\/blog\/#\/schema\/person\/97e38996cd8677f633cf07d20d82096f\",\"name\":\"Daniel Torres\",\"image\":{\"@type\":\"ImageObject\",\"inLanguage\":\"es-CO\",\"@id\":\"https:\/\/bydauto.com.co\/blog\/#\/schema\/person\/image\/\",\"url\":\"https:\/\/secure.gravatar.com\/avatar\/460795ba393c7da1a1279ef49917f11f?s=96&d=mm&r=g\",\"contentUrl\":\"https:\/\/secure.gravatar.com\/avatar\/460795ba393c7da1a1279ef49917f11f?s=96&d=mm&r=g\",\"caption\":\"Daniel Torres\"},\"url\":\"https:\/\/bydauto.com.co\/blog\/author\/egt\/\"}]}<\/script>\n<!-- \/ Yoast SEO plugin. -->","yoast_head_json":{"title":"SUV BYD Tang llegan al mercado europeo con 100 unidades a Noruega","description":"Las primeras 100 camionetas SUV BYD Tang llegar\u00e1n a Noruega donde podr\u00e1n demostrar toda su potencia, tecnolog\u00eda y seguridad en la v\u00eda.","robots":{"index":"index","follow":"follow","max-snippet":"max-snippet:-1","max-image-preview":"max-image-preview:large","max-video-preview":"max-video-preview:-1"},"canonical":"https:\/\/bydauto.com.co\/blog\/suv-byd-tang-2021\/","og_locale":"es_ES","og_type":"article","og_title":"SUV BYD Tang llegan al mercado europeo con 100 unidades a Noruega","og_description":"Las primeras 100 camionetas SUV BYD Tang llegar\u00e1n a Noruega donde podr\u00e1n demostrar toda su potencia, tecnolog\u00eda y seguridad en la v\u00eda.","og_url":"https:\/\/bydauto.com.co\/blog\/suv-byd-tang-2021\/","og_site_name":"BYD Auto Colombia","article_publisher":"https:\/\/www.facebook.com\/BYDAutoColombia","article_published_time":"2021-06-10T16:25:37+00:00","article_modified_time":"2021-06-10T16:25:38+00:00","og_image":[{"width":768,"height":464,"url":"https:\/\/bydauto.com.co\/blog\/wp-content\/uploads\/2021\/06\/suv-tang-de-byd.jpg","type":"image\/jpeg"}],"author":"Daniel Torres","twitter_misc":{"Escrito por":"Daniel Torres","Tiempo de lectura":"4 minutos"},"schema":{"@context":"https:\/\/schema.org","@graph":[{"@type":"Article","@id":"https:\/\/bydauto.com.co\/blog\/suv-byd-tang-2021\/#article","isPartOf":{"@id":"https:\/\/bydauto.com.co\/blog\/suv-byd-tang-2021\/"},"author":{"name":"Daniel Torres","@id":"https:\/\/bydauto.com.co\/blog\/#\/schema\/person\/97e38996cd8677f633cf07d20d82096f"},"headline":"Los primeros 100 BYD Tang se embarcan hacia Noruega","datePublished":"2021-06-10T16:25:37+00:00","dateModified":"2021-06-10T16:25:38+00:00","mainEntityOfPage":{"@id":"https:\/\/bydauto.com.co\/blog\/suv-byd-tang-2021\/"},"wordCount":856,"commentCount":0,"publisher":{"@id":"https:\/\/bydauto.com.co\/blog\/#organization"},"image":{"@id":"https:\/\/bydauto.com.co\/blog\/suv-byd-tang-2021\/#primaryimage"},"thumbnailUrl":"https:\/\/bydauto.com.co\/blog\/wp-content\/uploads\/2021\/06\/suv-tang-de-byd.jpg","articleSection":["BYD Internacional"],"inLanguage":"es-CO","potentialAction":[{"@type":"CommentAction","name":"Comment","target":["https:\/\/bydauto.com.co\/blog\/suv-byd-tang-2021\/#respond"]}]},{"@type":"WebPage","@id":"https:\/\/bydauto.com.co\/blog\/suv-byd-tang-2021\/","url":"https:\/\/bydauto.com.co\/blog\/suv-byd-tang-2021\/","name":"SUV BYD Tang llegan al mercado europeo con 100 unidades a Noruega","isPartOf":{"@id":"https:\/\/bydauto.com.co\/blog\/#website"},"primaryImageOfPage":{"@id":"https:\/\/bydauto.com.co\/blog\/suv-byd-tang-2021\/#primaryimage"},"image":{"@id":"https:\/\/bydauto.com.co\/blog\/suv-byd-tang-2021\/#primaryimage"},"thumbnailUrl":"https:\/\/bydauto.com.co\/blog\/wp-content\/uploads\/2021\/06\/suv-tang-de-byd.jpg","datePublished":"2021-06-10T16:25:37+00:00","dateModified":"2021-06-10T16:25:38+00:00","description":"Las primeras 100 camionetas SUV BYD Tang llegar\u00e1n a Noruega donde podr\u00e1n demostrar toda su potencia, tecnolog\u00eda y seguridad en la v\u00eda.","breadcrumb":{"@id":"https:\/\/bydauto.com.co\/blog\/suv-byd-tang-2021\/#breadcrumb"},"inLanguage":"es-CO","potentialAction":[{"@type":"ReadAction","target":["https:\/\/bydauto.com.co\/blog\/suv-byd-tang-2021\/"]}]},{"@type":"ImageObject","inLanguage":"es-CO","@id":"https:\/\/bydauto.com.co\/blog\/suv-byd-tang-2021\/#primaryimage","url":"https:\/\/bydauto.com.co\/blog\/wp-content\/uploads\/2021\/06\/suv-tang-de-byd.jpg","contentUrl":"https:\/\/bydauto.com.co\/blog\/wp-content\/uploads\/2021\/06\/suv-tang-de-byd.jpg","width":768,"height":464,"caption":"SUV BYD Tang"},{"@type":"BreadcrumbList","@id":"https:\/\/bydauto.com.co\/blog\/suv-byd-tang-2021\/#breadcrumb","itemListElement":[{"@type":"ListItem","position":1,"name":"Home","item":"https:\/\/bydauto.com.co\/blog\/"},{"@type":"ListItem","position":2,"name":"Los primeros 100 BYD Tang se embarcan hacia Noruega"}]},{"@type":"WebSite","@id":"https:\/\/bydauto.com.co\/blog\/#website","url":"https:\/\/bydauto.com.co\/blog\/","name":"BYD Auto Colombia","description":"Te damos la bienvenida al blog oficial de BYD Auto Colombia.","publisher":{"@id":"https:\/\/bydauto.com.co\/blog\/#organization"},"potentialAction":[{"@type":"SearchAction","target":{"@type":"EntryPoint","urlTemplate":"https:\/\/bydauto.com.co\/blog\/?s={search_term_string}"},"query-input":{"@type":"PropertyValueSpecification","valueRequired":true,"valueName":"search_term_string"}}],"inLanguage":"es-CO"},{"@type":"Organization","@id":"https:\/\/bydauto.com.co\/blog\/#organization","name":"BYD Auto Colombia","url":"https:\/\/bydauto.com.co\/blog\/","logo":{"@type":"ImageObject","inLanguage":"es-CO","@id":"https:\/\/bydauto.com.co\/blog\/#\/schema\/logo\/image\/","url":"https:\/\/bydauto.com.co\/blog\/wp-content\/uploads\/2025\/10\/cropped-logo_oscuro_7862c2d25a.png","contentUrl":"https:\/\/bydauto.com.co\/blog\/wp-content\/uploads\/2025\/10\/cropped-logo_oscuro_7862c2d25a.png","width":1290,"height":250,"caption":"BYD Auto Colombia"},"image":{"@id":"https:\/\/bydauto.com.co\/blog\/#\/schema\/logo\/image\/"},"sameAs":["https:\/\/www.facebook.com\/BYDAutoColombia","https:\/\/www.instagram.com\/bydautocolombia\/","https:\/\/www.youtube.com\/channel\/UC5T2CarA3VHbF6buuvcWPXA"]},{"@type":"Person","@id":"https:\/\/bydauto.com.co\/blog\/#\/schema\/person\/97e38996cd8677f633cf07d20d82096f","name":"Daniel Torres","image":{"@type":"ImageObject","inLanguage":"es-CO","@id":"https:\/\/bydauto.com.co\/blog\/#\/schema\/person\/image\/","url":"https:\/\/secure.gravatar.com\/avatar\/460795ba393c7da1a1279ef49917f11f?s=96&d=mm&r=g","contentUrl":"https:\/\/secure.gravatar.com\/avatar\/460795ba393c7da1a1279ef49917f11f?s=96&d=mm&r=g","caption":"Daniel Torres"},"url":"https:\/\/bydauto.com.co\/blog\/author\/egt\/"}]}},"_links":{"self":[{"href":"https:\/\/bydauto.com.co\/blog\/wp-json\/wp\/v2\/posts\/510"}],"collection":[{"href":"https:\/\/bydauto.com.co\/blog\/wp-json\/wp\/v2\/posts"}],"about":[{"href":"https:\/\/bydauto.com.co\/blog\/wp-json\/wp\/v2\/types\/post"}],"author":[{"embeddable":true,"href":"https:\/\/bydauto.com.co\/blog\/wp-json\/wp\/v2\/users\/4"}],"replies":[{"embeddable":true,"href":"https:\/\/bydauto.com.co\/blog\/wp-json\/wp\/v2\/comments?post=510"}],"version-history":[{"count":1,"href":"https:\/\/bydauto.com.co\/blog\/wp-json\/wp\/v2\/posts\/510\/revisions"}],"predecessor-version":[{"id":514,"href":"https:\/\/bydauto.com.co\/blog\/wp-json\/wp\/v2\/posts\/510\/revisions\/514"}],"wp:featuredmedia":[{"embeddable":true,"href":"https:\/\/bydauto.com.co\/blog\/wp-json\/wp\/v2\/media\/511"}],"wp:attachment":[{"href":"https:\/\/bydauto.com.co\/blog\/wp-json\/wp\/v2\/media?parent=510"}],"wp:term":[{"taxonomy":"category","embeddable":true,"href":"https:\/\/bydauto.com.co\/blog\/wp-json\/wp\/v2\/categories?post=510"},{"taxonomy":"post_tag","embeddable":true,"href":"https:\/\/bydauto.com.co\/blog\/wp-json\/wp\/v2\/tags?post=510"}],"curies":[{"name":"wp","href":"https:\/\/api.w.org\/{rel}","templated":true}]}}