{"id":2786,"date":"2026-03-11T08:10:00","date_gmt":"2026-03-11T13:10:00","guid":{"rendered":"https:\/\/bydauto.com.co\/blog\/?p=2786"},"modified":"2026-03-10T21:14:15","modified_gmt":"2026-03-11T02:14:15","slug":"claves-para-entender-la-autonomia-de-tu-carro-electrico","status":"publish","type":"post","link":"https:\/\/bydauto.com.co\/blog\/claves-para-entender-la-autonomia-de-tu-carro-electrico\/","title":{"rendered":"Que es la autonom\u00eda en un carro el\u00e9ctrico y c\u00f3mo aprovecharla"},"content":{"rendered":"\n<p><strong>Si piensas dar un paso hacia el futuro y cambiar tu carro por un carro el\u00e9ctrico, es necesario que tengas en cuenta como funciona la autonom\u00eda en su totalidad. Si aprendes a usarla, no habr\u00e1 destino imposible de alcanzar en Colombia.\u00a0<\/strong><\/p>\n\n\n\n<p>Este art\u00edculo es lo que necesitas para hacer un uso m\u00e1s eficiente de tu carga:<\/p>\n\n\n\n<h2 class=\"wp-block-heading\"><strong>1. \u00bfQu\u00e9 es la autonom\u00eda ?<\/strong><\/h2>\n\n\n\n<ol class=\"wp-block-list\"><\/ol>\n\n\n\n<p>La autonom\u00eda en un carro el\u00e9ctrico significa la distancia m\u00e1xima que es capaz de recorrer antes de necesitar una recarga. Los kil\u00f3metros de autonom\u00eda se pueden encontrar en la ficha t\u00e9cnica del veh\u00edculo, normalmente est\u00e1n representados por una cifra num\u00e9rica y una aclaraci\u00f3n.<\/p>\n\n\n\n<p>Por ejemplo el BYD Song Plus EV cuenta con una autonom\u00eda 480* km en ciclo de conducci\u00f3n NEDC que se puede consultar en la <a href=\"https:\/\/bydauto.com.co\/b0437de69bfa17ddccae5b18b1b46bcc.pdf\">ficha t\u00e9cnica<\/a>. El ciclo de conducci\u00f3n NEDC, significa la cantidad de kil\u00f3metros que puede alcanzar el auto en estas condiciones est\u00e1ndar:<\/p>\n\n\n\n<ul class=\"wp-block-list\">\n<li>Trayectos de 11 km<\/li>\n\n\n\n<li>M\u00e1ximo 20 mins cada trayecto<\/li>\n\n\n\n<li>20\u00ba &#8211; 30\u00ba de temperatura<\/li>\n\n\n\n<li>34 km\/h de velocidad media<\/li>\n\n\n\n<li>Pocas detenciones<\/li>\n<\/ul>\n\n\n\n<p>Estas condiciones de conducci\u00f3n corresponden a un d\u00eda tranquilo en la ciudad, por lo que es perfecto para planear tus recorridos semanales en Bogot\u00e1 o terrenos en su mayor\u00eda planos.&nbsp;<\/p>\n\n\n\n<p>Por otro lado, el ciclo de conducci\u00f3n WLTP representa condiciones de conducci\u00f3n mucho m\u00e1s variables, que tienen en cuenta:&nbsp;<\/p>\n\n\n\n<ul class=\"wp-block-list\">\n<li>Periodos de aceleraci\u00f3n y desaceleraci\u00f3n<\/li>\n\n\n\n<li>Diferentes velocidades (Baja, media, alta y super alta) hasta los 131 km\/h<\/li>\n\n\n\n<li>Recorridos de 30 minutos en promedio<\/li>\n\n\n\n<li>El entorno: urbano (ciudad) y extraurbano (Carretera)<\/li>\n<\/ul>\n\n\n\n<p>Como resultado, la autonom\u00eda expresada en el ciclo de conducci\u00f3n WLTP resulta mejor para planear recorridos por Colombia. El relieve del pa\u00eds hace que los cambios de temperatura, terreno y elevaci\u00f3n, sean comunes, incluso en tramos cortos.<\/p>\n\n\n\n<p>Siguiendo con el ejemplo, un Song Plus EV cuenta con 405 km de autonom\u00eda WLTP para recorrer los tramos que necesites del territorio nacional.<\/p>\n\n\n\n<figure class=\"wp-block-image size-full\"><img loading=\"lazy\" decoding=\"async\" width=\"768\" height=\"464\" src=\"https:\/\/bydauto.com.co\/blog\/wp-content\/uploads\/2026\/03\/BYD-Song-Plus-Ev-de-perfil.webp\" alt=\"BYD Song Plus Ev de perfil\" class=\"wp-image-2788\" srcset=\"https:\/\/bydauto.com.co\/blog\/wp-content\/uploads\/2026\/03\/BYD-Song-Plus-Ev-de-perfil.webp 768w, https:\/\/bydauto.com.co\/blog\/wp-content\/uploads\/2026\/03\/BYD-Song-Plus-Ev-de-perfil-300x181.webp 300w\" sizes=\"(max-width: 767px) 89vw, (max-width: 1000px) 54vw, (max-width: 1071px) 543px, 580px\" \/><\/figure>\n\n\n\n<h2 class=\"wp-block-heading\"><strong>2. \u00bfC\u00f3mo identifico si la autonom\u00eda de mi auto est\u00e1 representada en ciclo de conducci\u00f3n NEDC o WLTP?<\/strong><\/h2>\n\n\n\n<p>Esta informaci\u00f3n se puede consultar en la ficha t\u00e9cnica de tu veh\u00edculo o la secci\u00f3n de <a href=\"https:\/\/bydauto.com.co\/modelos\/\">modelos<\/a> dentro de la p\u00e1gina de <a href=\"https:\/\/bydauto.com.co\">BYD Auto Colombia<\/a>. Es importante destacar que puedes consultar la autonom\u00eda de tu veh\u00edculo en ciclo NEDC o WLTP en otras webs oficiales de la marca.<\/p>\n\n\n\n<p>Como referencia, aqu\u00ed tienes los kil\u00f3metros de autonom\u00eda de alguno de nuestros modelos en ambos ciclos de conducci\u00f3n:<\/p>\n\n\n\n<ul class=\"wp-block-list\">\n<li>BYD Song PLUS EV: 505 km (NEDC) y 405 km (WLTP)<\/li>\n\n\n\n<li>BYD Seagull: 380 km (NEDC) y 320 km (WLTP)\u00a0<\/li>\n\n\n\n<li>BYD Yuan Up: 380 km (NEDC) y 330 km (WLTP)\u00a0<\/li>\n\n\n\n<li>BYD Yuan Plus LUX EV: 480 km (NEDC)\u00a0 y 420 km (WLTP)\u00a0<\/li>\n<\/ul>\n\n\n\n<h2 class=\"wp-block-heading\"><strong>3. \u00bfQu\u00e9 factores externos influyen en la autonom\u00eda de mi carro el\u00e9ctrico?<\/strong><\/h2>\n\n\n\n<p>As\u00ed como sucede con un veh\u00edculo de combusti\u00f3n interna, existen muchos factores que afectan directamente el rendimiento de un auto el\u00e9ctrico:<\/p>\n\n\n\n<p><strong>Modo de conducci\u00f3n:<\/strong> Si usas el modo sport (prioriza la potencia) tu bater\u00eda se descargar\u00e1 m\u00e1s rapido. Si usas el modo Eco (conserva autonom\u00eda) tu bater\u00eda se descargar\u00e1 m\u00e1s lento.<\/p>\n\n\n\n<p><strong>H\u00e1bitos de conducci\u00f3n:<\/strong> Depende de tus preferencias. Por ejemplo, si te gusta acelerar a cada oportunidad y llevar tu veh\u00edculo el\u00e9ctrico en picos de velocidad constante, tu bater\u00eda se va a descargar m\u00e1s r\u00e1pido.<\/p>\n\n\n\n<p><strong>Desgaste de la bater\u00eda: <\/strong>Mientras m\u00e1s ciclos de carga y descarga o m\u00e1s pr\u00f3xima est\u00e9 tu bater\u00eda Blade a cumplir su vida \u00fatil, m\u00e1s r\u00e1pido se va a descargar.<\/p>\n\n\n\n<p><strong>Como consejo general, planifica tus viajes con tramos entre recargas que no superen el 80% de autonom\u00eda total en ciclo WLTP.<\/strong><\/p>\n\n\n\n<p>Si tienes en cuenta todas las recomendaciones y puntos mencionados, la adaptaci\u00f3n a la movilidad el\u00e9ctrica ser\u00e1 mucho m\u00e1s f\u00e1cil para ti. Recuerda que este cambio requiere de un periodo de aprendizaje.<\/p>\n\n\n\n<p>Para seguir informado y conocer todo lo referente a la movilidad el\u00e9ctrica, solo tienes que seguir leyendo nuestro<a href=\"https:\/\/bydauto.com.co\/blog\/\"> blog<\/a>.<\/p>\n\n\n\n<p><\/p>\n","protected":false},"excerpt":{"rendered":"<p>Si piensas dar un paso hacia el futuro y cambiar tu carro por un carro el\u00e9ctrico, es necesario que tengas en cuenta como funciona la autonom\u00eda en su totalidad. Si aprendes a usarla, no habr\u00e1 destino imposible de alcanzar en Colombia.\u00a0 Este art\u00edculo es lo que necesitas para hacer un uso m\u00e1s eficiente de tu &hellip; <\/p>\n<p class=\"link-more\"><a href=\"https:\/\/bydauto.com.co\/blog\/claves-para-entender-la-autonomia-de-tu-carro-electrico\/\" class=\"more-link\">Seguir leyendo<span class=\"screen-reader-text\"> &#8220;Que es la autonom\u00eda en un carro el\u00e9ctrico y c\u00f3mo aprovecharla&#8221;<\/span><\/a><\/p>\n","protected":false},"author":4,"featured_media":2787,"comment_status":"open","ping_status":"open","sticky":false,"template":"","format":"standard","meta":{"footnotes":""},"categories":[37,4],"tags":[],"class_list":["post-2786","post","type-post","status-publish","format-standard","has-post-thumbnail","hentry","category-byd-auto","category-bydcolombia"],"yoast_head":"<!-- This site is optimized with the Yoast SEO plugin v23.6 - https:\/\/yoast.com\/wordpress\/plugins\/seo\/ -->\n<title>Claves para entender la autonom\u00eda de tu carro el\u00e9ctrico<\/title>\n<meta name=\"description\" content=\"Entender la autonom\u00eda es el primer paso para aprender a movilizarte en el terreno nacional y aprovechar todo el poder de tu carro el\u00e9ctrico.\" \/>\n<meta name=\"robots\" content=\"index, follow, max-snippet:-1, max-image-preview:large, max-video-preview:-1\" \/>\n<link rel=\"canonical\" href=\"https:\/\/bydauto.com.co\/blog\/claves-para-entender-la-autonomia-de-tu-carro-electrico\/\" \/>\n<meta property=\"og:locale\" content=\"es_ES\" \/>\n<meta property=\"og:type\" content=\"article\" \/>\n<meta property=\"og:title\" content=\"Claves para entender la autonom\u00eda de tu carro el\u00e9ctrico\" \/>\n<meta property=\"og:description\" content=\"Entender la autonom\u00eda es el primer paso para aprender a movilizarte en el terreno nacional y aprovechar todo el poder de tu carro el\u00e9ctrico.\" \/>\n<meta property=\"og:url\" content=\"https:\/\/bydauto.com.co\/blog\/claves-para-entender-la-autonomia-de-tu-carro-electrico\/\" \/>\n<meta property=\"og:site_name\" content=\"BYD Auto Colombia\" \/>\n<meta property=\"article:publisher\" content=\"https:\/\/www.facebook.com\/BYDAutoColombia\" \/>\n<meta property=\"article:published_time\" content=\"2026-03-11T13:10:00+00:00\" \/>\n<meta property=\"article:modified_time\" content=\"2026-03-11T02:14:15+00:00\" \/>\n<meta property=\"og:image\" content=\"https:\/\/bydauto.com.co\/blog\/wp-content\/uploads\/2026\/03\/BYD-Song-plus-EV-vista-de-frente.webp\" \/>\n\t<meta property=\"og:image:width\" content=\"768\" \/>\n\t<meta property=\"og:image:height\" content=\"464\" \/>\n\t<meta property=\"og:image:type\" content=\"image\/webp\" \/>\n<meta name=\"author\" content=\"Daniel Torres\" \/>\n<meta name=\"twitter:label1\" content=\"Escrito por\" \/>\n\t<meta name=\"twitter:data1\" content=\"Daniel Torres\" \/>\n\t<meta name=\"twitter:label2\" content=\"Tiempo de lectura\" \/>\n\t<meta name=\"twitter:data2\" content=\"4 minutos\" \/>\n<script type=\"application\/ld+json\" class=\"yoast-schema-graph\">{\"@context\":\"https:\/\/schema.org\",\"@graph\":[{\"@type\":\"Article\",\"@id\":\"https:\/\/bydauto.com.co\/blog\/claves-para-entender-la-autonomia-de-tu-carro-electrico\/#article\",\"isPartOf\":{\"@id\":\"https:\/\/bydauto.com.co\/blog\/claves-para-entender-la-autonomia-de-tu-carro-electrico\/\"},\"author\":{\"name\":\"Daniel Torres\",\"@id\":\"https:\/\/bydauto.com.co\/blog\/#\/schema\/person\/97e38996cd8677f633cf07d20d82096f\"},\"headline\":\"Que es la autonom\u00eda en un carro el\u00e9ctrico y c\u00f3mo aprovecharla\",\"datePublished\":\"2026-03-11T13:10:00+00:00\",\"dateModified\":\"2026-03-11T02:14:15+00:00\",\"mainEntityOfPage\":{\"@id\":\"https:\/\/bydauto.com.co\/blog\/claves-para-entender-la-autonomia-de-tu-carro-electrico\/\"},\"wordCount\":710,\"commentCount\":0,\"publisher\":{\"@id\":\"https:\/\/bydauto.com.co\/blog\/#organization\"},\"image\":{\"@id\":\"https:\/\/bydauto.com.co\/blog\/claves-para-entender-la-autonomia-de-tu-carro-electrico\/#primaryimage\"},\"thumbnailUrl\":\"https:\/\/bydauto.com.co\/blog\/wp-content\/uploads\/2026\/03\/BYD-Song-plus-EV-vista-de-frente.webp\",\"articleSection\":[\"BYD Auto\",\"BYD Colombia\"],\"inLanguage\":\"es-CO\",\"potentialAction\":[{\"@type\":\"CommentAction\",\"name\":\"Comment\",\"target\":[\"https:\/\/bydauto.com.co\/blog\/claves-para-entender-la-autonomia-de-tu-carro-electrico\/#respond\"]}]},{\"@type\":\"WebPage\",\"@id\":\"https:\/\/bydauto.com.co\/blog\/claves-para-entender-la-autonomia-de-tu-carro-electrico\/\",\"url\":\"https:\/\/bydauto.com.co\/blog\/claves-para-entender-la-autonomia-de-tu-carro-electrico\/\",\"name\":\"Claves para entender la autonom\u00eda de tu carro el\u00e9ctrico\",\"isPartOf\":{\"@id\":\"https:\/\/bydauto.com.co\/blog\/#website\"},\"primaryImageOfPage\":{\"@id\":\"https:\/\/bydauto.com.co\/blog\/claves-para-entender-la-autonomia-de-tu-carro-electrico\/#primaryimage\"},\"image\":{\"@id\":\"https:\/\/bydauto.com.co\/blog\/claves-para-entender-la-autonomia-de-tu-carro-electrico\/#primaryimage\"},\"thumbnailUrl\":\"https:\/\/bydauto.com.co\/blog\/wp-content\/uploads\/2026\/03\/BYD-Song-plus-EV-vista-de-frente.webp\",\"datePublished\":\"2026-03-11T13:10:00+00:00\",\"dateModified\":\"2026-03-11T02:14:15+00:00\",\"description\":\"Entender la autonom\u00eda es el primer paso para aprender a movilizarte en el terreno nacional y aprovechar todo el poder de tu carro el\u00e9ctrico.\",\"breadcrumb\":{\"@id\":\"https:\/\/bydauto.com.co\/blog\/claves-para-entender-la-autonomia-de-tu-carro-electrico\/#breadcrumb\"},\"inLanguage\":\"es-CO\",\"potentialAction\":[{\"@type\":\"ReadAction\",\"target\":[\"https:\/\/bydauto.com.co\/blog\/claves-para-entender-la-autonomia-de-tu-carro-electrico\/\"]}]},{\"@type\":\"ImageObject\",\"inLanguage\":\"es-CO\",\"@id\":\"https:\/\/bydauto.com.co\/blog\/claves-para-entender-la-autonomia-de-tu-carro-electrico\/#primaryimage\",\"url\":\"https:\/\/bydauto.com.co\/blog\/wp-content\/uploads\/2026\/03\/BYD-Song-plus-EV-vista-de-frente.webp\",\"contentUrl\":\"https:\/\/bydauto.com.co\/blog\/wp-content\/uploads\/2026\/03\/BYD-Song-plus-EV-vista-de-frente.webp\",\"width\":768,\"height\":464,\"caption\":\"BYD Song plus EV vista de frente de este carro el\u00e9ctrico\"},{\"@type\":\"BreadcrumbList\",\"@id\":\"https:\/\/bydauto.com.co\/blog\/claves-para-entender-la-autonomia-de-tu-carro-electrico\/#breadcrumb\",\"itemListElement\":[{\"@type\":\"ListItem\",\"position\":1,\"name\":\"Home\",\"item\":\"https:\/\/bydauto.com.co\/blog\/\"},{\"@type\":\"ListItem\",\"position\":2,\"name\":\"Que es la autonom\u00eda en un carro el\u00e9ctrico y c\u00f3mo aprovecharla\"}]},{\"@type\":\"WebSite\",\"@id\":\"https:\/\/bydauto.com.co\/blog\/#website\",\"url\":\"https:\/\/bydauto.com.co\/blog\/\",\"name\":\"BYD Auto Colombia\",\"description\":\"Te damos la bienvenida al blog oficial de BYD Auto Colombia.\",\"publisher\":{\"@id\":\"https:\/\/bydauto.com.co\/blog\/#organization\"},\"potentialAction\":[{\"@type\":\"SearchAction\",\"target\":{\"@type\":\"EntryPoint\",\"urlTemplate\":\"https:\/\/bydauto.com.co\/blog\/?s={search_term_string}\"},\"query-input\":{\"@type\":\"PropertyValueSpecification\",\"valueRequired\":true,\"valueName\":\"search_term_string\"}}],\"inLanguage\":\"es-CO\"},{\"@type\":\"Organization\",\"@id\":\"https:\/\/bydauto.com.co\/blog\/#organization\",\"name\":\"BYD Auto Colombia\",\"url\":\"https:\/\/bydauto.com.co\/blog\/\",\"logo\":{\"@type\":\"ImageObject\",\"inLanguage\":\"es-CO\",\"@id\":\"https:\/\/bydauto.com.co\/blog\/#\/schema\/logo\/image\/\",\"url\":\"https:\/\/bydauto.com.co\/blog\/wp-content\/uploads\/2025\/10\/cropped-logo_oscuro_7862c2d25a.png\",\"contentUrl\":\"https:\/\/bydauto.com.co\/blog\/wp-content\/uploads\/2025\/10\/cropped-logo_oscuro_7862c2d25a.png\",\"width\":1290,\"height\":250,\"caption\":\"BYD Auto Colombia\"},\"image\":{\"@id\":\"https:\/\/bydauto.com.co\/blog\/#\/schema\/logo\/image\/\"},\"sameAs\":[\"https:\/\/www.facebook.com\/BYDAutoColombia\",\"https:\/\/www.instagram.com\/bydautocolombia\/\",\"https:\/\/www.youtube.com\/channel\/UC5T2CarA3VHbF6buuvcWPXA\"]},{\"@type\":\"Person\",\"@id\":\"https:\/\/bydauto.com.co\/blog\/#\/schema\/person\/97e38996cd8677f633cf07d20d82096f\",\"name\":\"Daniel Torres\",\"image\":{\"@type\":\"ImageObject\",\"inLanguage\":\"es-CO\",\"@id\":\"https:\/\/bydauto.com.co\/blog\/#\/schema\/person\/image\/\",\"url\":\"https:\/\/secure.gravatar.com\/avatar\/460795ba393c7da1a1279ef49917f11f?s=96&d=mm&r=g\",\"contentUrl\":\"https:\/\/secure.gravatar.com\/avatar\/460795ba393c7da1a1279ef49917f11f?s=96&d=mm&r=g\",\"caption\":\"Daniel Torres\"},\"url\":\"https:\/\/bydauto.com.co\/blog\/author\/egt\/\"}]}<\/script>\n<!-- \/ Yoast SEO plugin. -->","yoast_head_json":{"title":"Claves para entender la autonom\u00eda de tu carro el\u00e9ctrico","description":"Entender la autonom\u00eda es el primer paso para aprender a movilizarte en el terreno nacional y aprovechar todo el poder de tu carro el\u00e9ctrico.","robots":{"index":"index","follow":"follow","max-snippet":"max-snippet:-1","max-image-preview":"max-image-preview:large","max-video-preview":"max-video-preview:-1"},"canonical":"https:\/\/bydauto.com.co\/blog\/claves-para-entender-la-autonomia-de-tu-carro-electrico\/","og_locale":"es_ES","og_type":"article","og_title":"Claves para entender la autonom\u00eda de tu carro el\u00e9ctrico","og_description":"Entender la autonom\u00eda es el primer paso para aprender a movilizarte en el terreno nacional y aprovechar todo el poder de tu carro el\u00e9ctrico.","og_url":"https:\/\/bydauto.com.co\/blog\/claves-para-entender-la-autonomia-de-tu-carro-electrico\/","og_site_name":"BYD Auto Colombia","article_publisher":"https:\/\/www.facebook.com\/BYDAutoColombia","article_published_time":"2026-03-11T13:10:00+00:00","article_modified_time":"2026-03-11T02:14:15+00:00","og_image":[{"width":768,"height":464,"url":"https:\/\/bydauto.com.co\/blog\/wp-content\/uploads\/2026\/03\/BYD-Song-plus-EV-vista-de-frente.webp","type":"image\/webp"}],"author":"Daniel Torres","twitter_misc":{"Escrito por":"Daniel Torres","Tiempo de lectura":"4 minutos"},"schema":{"@context":"https:\/\/schema.org","@graph":[{"@type":"Article","@id":"https:\/\/bydauto.com.co\/blog\/claves-para-entender-la-autonomia-de-tu-carro-electrico\/#article","isPartOf":{"@id":"https:\/\/bydauto.com.co\/blog\/claves-para-entender-la-autonomia-de-tu-carro-electrico\/"},"author":{"name":"Daniel Torres","@id":"https:\/\/bydauto.com.co\/blog\/#\/schema\/person\/97e38996cd8677f633cf07d20d82096f"},"headline":"Que es la autonom\u00eda en un carro el\u00e9ctrico y c\u00f3mo aprovecharla","datePublished":"2026-03-11T13:10:00+00:00","dateModified":"2026-03-11T02:14:15+00:00","mainEntityOfPage":{"@id":"https:\/\/bydauto.com.co\/blog\/claves-para-entender-la-autonomia-de-tu-carro-electrico\/"},"wordCount":710,"commentCount":0,"publisher":{"@id":"https:\/\/bydauto.com.co\/blog\/#organization"},"image":{"@id":"https:\/\/bydauto.com.co\/blog\/claves-para-entender-la-autonomia-de-tu-carro-electrico\/#primaryimage"},"thumbnailUrl":"https:\/\/bydauto.com.co\/blog\/wp-content\/uploads\/2026\/03\/BYD-Song-plus-EV-vista-de-frente.webp","articleSection":["BYD Auto","BYD Colombia"],"inLanguage":"es-CO","potentialAction":[{"@type":"CommentAction","name":"Comment","target":["https:\/\/bydauto.com.co\/blog\/claves-para-entender-la-autonomia-de-tu-carro-electrico\/#respond"]}]},{"@type":"WebPage","@id":"https:\/\/bydauto.com.co\/blog\/claves-para-entender-la-autonomia-de-tu-carro-electrico\/","url":"https:\/\/bydauto.com.co\/blog\/claves-para-entender-la-autonomia-de-tu-carro-electrico\/","name":"Claves para entender la autonom\u00eda de tu carro el\u00e9ctrico","isPartOf":{"@id":"https:\/\/bydauto.com.co\/blog\/#website"},"primaryImageOfPage":{"@id":"https:\/\/bydauto.com.co\/blog\/claves-para-entender-la-autonomia-de-tu-carro-electrico\/#primaryimage"},"image":{"@id":"https:\/\/bydauto.com.co\/blog\/claves-para-entender-la-autonomia-de-tu-carro-electrico\/#primaryimage"},"thumbnailUrl":"https:\/\/bydauto.com.co\/blog\/wp-content\/uploads\/2026\/03\/BYD-Song-plus-EV-vista-de-frente.webp","datePublished":"2026-03-11T13:10:00+00:00","dateModified":"2026-03-11T02:14:15+00:00","description":"Entender la autonom\u00eda es el primer paso para aprender a movilizarte en el terreno nacional y aprovechar todo el poder de tu carro el\u00e9ctrico.","breadcrumb":{"@id":"https:\/\/bydauto.com.co\/blog\/claves-para-entender-la-autonomia-de-tu-carro-electrico\/#breadcrumb"},"inLanguage":"es-CO","potentialAction":[{"@type":"ReadAction","target":["https:\/\/bydauto.com.co\/blog\/claves-para-entender-la-autonomia-de-tu-carro-electrico\/"]}]},{"@type":"ImageObject","inLanguage":"es-CO","@id":"https:\/\/bydauto.com.co\/blog\/claves-para-entender-la-autonomia-de-tu-carro-electrico\/#primaryimage","url":"https:\/\/bydauto.com.co\/blog\/wp-content\/uploads\/2026\/03\/BYD-Song-plus-EV-vista-de-frente.webp","contentUrl":"https:\/\/bydauto.com.co\/blog\/wp-content\/uploads\/2026\/03\/BYD-Song-plus-EV-vista-de-frente.webp","width":768,"height":464,"caption":"BYD Song plus EV vista de frente de este carro el\u00e9ctrico"},{"@type":"BreadcrumbList","@id":"https:\/\/bydauto.com.co\/blog\/claves-para-entender-la-autonomia-de-tu-carro-electrico\/#breadcrumb","itemListElement":[{"@type":"ListItem","position":1,"name":"Home","item":"https:\/\/bydauto.com.co\/blog\/"},{"@type":"ListItem","position":2,"name":"Que es la autonom\u00eda en un carro el\u00e9ctrico y c\u00f3mo aprovecharla"}]},{"@type":"WebSite","@id":"https:\/\/bydauto.com.co\/blog\/#website","url":"https:\/\/bydauto.com.co\/blog\/","name":"BYD Auto Colombia","description":"Te damos la bienvenida al blog oficial de BYD Auto Colombia.","publisher":{"@id":"https:\/\/bydauto.com.co\/blog\/#organization"},"potentialAction":[{"@type":"SearchAction","target":{"@type":"EntryPoint","urlTemplate":"https:\/\/bydauto.com.co\/blog\/?s={search_term_string}"},"query-input":{"@type":"PropertyValueSpecification","valueRequired":true,"valueName":"search_term_string"}}],"inLanguage":"es-CO"},{"@type":"Organization","@id":"https:\/\/bydauto.com.co\/blog\/#organization","name":"BYD Auto Colombia","url":"https:\/\/bydauto.com.co\/blog\/","logo":{"@type":"ImageObject","inLanguage":"es-CO","@id":"https:\/\/bydauto.com.co\/blog\/#\/schema\/logo\/image\/","url":"https:\/\/bydauto.com.co\/blog\/wp-content\/uploads\/2025\/10\/cropped-logo_oscuro_7862c2d25a.png","contentUrl":"https:\/\/bydauto.com.co\/blog\/wp-content\/uploads\/2025\/10\/cropped-logo_oscuro_7862c2d25a.png","width":1290,"height":250,"caption":"BYD Auto Colombia"},"image":{"@id":"https:\/\/bydauto.com.co\/blog\/#\/schema\/logo\/image\/"},"sameAs":["https:\/\/www.facebook.com\/BYDAutoColombia","https:\/\/www.instagram.com\/bydautocolombia\/","https:\/\/www.youtube.com\/channel\/UC5T2CarA3VHbF6buuvcWPXA"]},{"@type":"Person","@id":"https:\/\/bydauto.com.co\/blog\/#\/schema\/person\/97e38996cd8677f633cf07d20d82096f","name":"Daniel Torres","image":{"@type":"ImageObject","inLanguage":"es-CO","@id":"https:\/\/bydauto.com.co\/blog\/#\/schema\/person\/image\/","url":"https:\/\/secure.gravatar.com\/avatar\/460795ba393c7da1a1279ef49917f11f?s=96&d=mm&r=g","contentUrl":"https:\/\/secure.gravatar.com\/avatar\/460795ba393c7da1a1279ef49917f11f?s=96&d=mm&r=g","caption":"Daniel Torres"},"url":"https:\/\/bydauto.com.co\/blog\/author\/egt\/"}]}},"_links":{"self":[{"href":"https:\/\/bydauto.com.co\/blog\/wp-json\/wp\/v2\/posts\/2786"}],"collection":[{"href":"https:\/\/bydauto.com.co\/blog\/wp-json\/wp\/v2\/posts"}],"about":[{"href":"https:\/\/bydauto.com.co\/blog\/wp-json\/wp\/v2\/types\/post"}],"author":[{"embeddable":true,"href":"https:\/\/bydauto.com.co\/blog\/wp-json\/wp\/v2\/users\/4"}],"replies":[{"embeddable":true,"href":"https:\/\/bydauto.com.co\/blog\/wp-json\/wp\/v2\/comments?post=2786"}],"version-history":[{"count":1,"href":"https:\/\/bydauto.com.co\/blog\/wp-json\/wp\/v2\/posts\/2786\/revisions"}],"predecessor-version":[{"id":2789,"href":"https:\/\/bydauto.com.co\/blog\/wp-json\/wp\/v2\/posts\/2786\/revisions\/2789"}],"wp:featuredmedia":[{"embeddable":true,"href":"https:\/\/bydauto.com.co\/blog\/wp-json\/wp\/v2\/media\/2787"}],"wp:attachment":[{"href":"https:\/\/bydauto.com.co\/blog\/wp-json\/wp\/v2\/media?parent=2786"}],"wp:term":[{"taxonomy":"category","embeddable":true,"href":"https:\/\/bydauto.com.co\/blog\/wp-json\/wp\/v2\/categories?post=2786"},{"taxonomy":"post_tag","embeddable":true,"href":"https:\/\/bydauto.com.co\/blog\/wp-json\/wp\/v2\/tags?post=2786"}],"curies":[{"name":"wp","href":"https:\/\/api.w.org\/{rel}","templated":true}]}}