{"id":2611,"date":"2026-01-28T10:00:00","date_gmt":"2026-01-28T15:00:00","guid":{"rendered":"https:\/\/bydauto.com.co\/blog\/?p=2611"},"modified":"2026-01-27T17:49:17","modified_gmt":"2026-01-27T22:49:17","slug":"vacaciona-en-el-eje-cafetero-con-la-comodidad-de-conducir-un-carro-electrico-de-byd","status":"publish","type":"post","link":"https:\/\/bydauto.com.co\/blog\/vacaciona-en-el-eje-cafetero-con-la-comodidad-de-conducir-un-carro-electrico-de-byd\/","title":{"rendered":"\u00a1Vacaciona en el Eje Cafetero con la comodidad de conducir un carro el\u00e9ctrico de BYD!"},"content":{"rendered":"\n<p><strong>Las maravillas naturales de esta zona como el Valle del Cocora, los hermosos paisajes en Filandia o el Parque del Caf\u00e9, lo convierten en uno de los destinos m\u00e1s populares para vacacionar en Colombia con un carro el\u00e9ctrico. <\/strong><\/p>\n\n\n\n<p>Si planeas un viaje este fin de a\u00f1o, te invitamos a seguir la ruta de BYD para que vivas toda la experiencia del Eje Cafetero, de la mano de las comodidades que te ofrece un carro el\u00e9ctrico.<\/p>\n\n\n\n<h2 class=\"wp-block-heading\"><strong>Temperatura agradable y comodidad para la salida de Bogot\u00e1<\/strong><\/h2>\n\n\n\n<p>Una de las principales quejas que tienen los conductores es la salida de Bogot\u00e1. Salir por la autopista sur casi siempre es demorado, excepto quiz\u00e1s en las horas m\u00e1s tempranas de la madrugada.<\/p>\n\n\n\n<p><strong>Para este momento, modelos de BYD como el <a href=\"https:\/\/bydauto.com.co\/blog\/wp-admin\/post.php?post=2267&amp;action=edit\" target=\"_blank\" rel=\"noreferrer noopener\">Yuan Plus<\/a> o <a href=\"https:\/\/bydauto.com.co\/blog\/wp-admin\/post.php?post=2334&amp;action=edit\" target=\"_blank\" rel=\"noreferrer noopener\">Song Plus EV<\/a> cuentan con ventilaci\u00f3n o calefacci\u00f3n en los asientos. Te permiten ajustar la temperatura en el interior del auto a tu preferencia, facilitando esta parte de la ruta.<\/strong><\/p>\n\n\n\n<p>El dise\u00f1o deportivo de los asientos tambi\u00e9n te ofrecer\u00e1 soporte a la espalda y el cuello. Algo esencial para cualquier viaje largo.<\/p>\n\n\n\n<p>Adem\u00e1s, si te preocupa la carga de tu bater\u00eda durante la salida de Bogot\u00e1, puedes activar el sistema de frenado regenerativo, transformando cada frenado en una recarga adicional para tu bater\u00eda.<\/p>\n\n\n\n<h2 class=\"wp-block-heading\"><strong>Parada de recarga para tu carro el\u00e9ctrico en Girardot<\/strong><\/h2>\n\n\n\n<p>Aproximadamente una hora y media despu\u00e9s de salir de Bogot\u00e1, estar\u00e1s llegando a Girardot. Aqu\u00ed, podr\u00e1s estirar las piernas o refrescarte en una piscina despu\u00e9s de la primera etapa del viaje.<\/p>\n\n\n\n<p><strong>Este tambi\u00e9n es un buen momento para recargar tu carro el\u00e9ctrico, ya que la siguiente estaci\u00f3n de carga es en Armenia.&nbsp;<\/strong><\/p>\n\n\n\n<figure class=\"wp-block-image size-full\"><img loading=\"lazy\" decoding=\"async\" width=\"768\" height=\"464\" src=\"https:\/\/bydauto.com.co\/blog\/wp-content\/uploads\/2026\/01\/Carro-electrico-BYD-Shark-de-paseo-por-el-eje-cafetero.jpg\" alt=\"Carro el\u00e9ctrico BYD Shark de paseo por el eje cafetero\" class=\"wp-image-2614\" srcset=\"https:\/\/bydauto.com.co\/blog\/wp-content\/uploads\/2026\/01\/Carro-electrico-BYD-Shark-de-paseo-por-el-eje-cafetero.jpg 768w, https:\/\/bydauto.com.co\/blog\/wp-content\/uploads\/2026\/01\/Carro-electrico-BYD-Shark-de-paseo-por-el-eje-cafetero-300x181.jpg 300w\" sizes=\"(max-width: 767px) 89vw, (max-width: 1000px) 54vw, (max-width: 1071px) 543px, 580px\" \/><\/figure>\n\n\n\n<h2 class=\"wp-block-heading\"><strong>Punto clave en el recorrido: Armenia<\/strong><\/h2>\n\n\n\n<p>Llegar\u00e1s a la ciudad luz aproximadamente 2 horas despu\u00e9s de salir de Girardot. Este\u00a0 lugar cuenta con una electrolinera y un <a href=\"https:\/\/bydauto.com.co\/concesionarios\/#:~:text=Casa%20Restrepo%3A%20Armenia\" target=\"_blank\" rel=\"noreferrer noopener\">punto oficial de mantenimiento de BYD<\/a>. Por lo que ser\u00e1 tu <a href=\"https:\/\/www.instagram.com\/casarestrepo\/?hl=es\" target=\"_blank\" rel=\"noreferrer noopener\">trampol\u00edn<\/a> principal para saltar a los destinos m\u00e1s populares de la regi\u00f3n:<\/p>\n\n\n\n<ul class=\"wp-block-list\">\n<li><strong>Salento:<\/strong> Un peque\u00f1o municipio del Quind\u00edo que da acceso al Valle del Cocora para conocer el \u00e1rbol m\u00e1s ic\u00f3nico del pa\u00eds: la palma de cera.<\/li>\n\n\n\n<li><strong>Filandia:<\/strong> Un municipio que se origin\u00f3 de la poblaci\u00f3n Quimbaya. Es hogar de m\u00faltiples maravillas naturales y del mirador de la colina iluminada, en d\u00f3nde la vista es tan m\u00e1gica que personas de todo el mundo vienen a disfrutarla.<\/li>\n\n\n\n<li><strong>Circasia:<\/strong> Un municipio de Risaralda que est\u00e1 al norte de Salento y que contiene la Reserva Natural de Bremen.<\/li>\n<\/ul>\n\n\n\n<p>Quiz\u00e1s lo hayas notado, pero la mayor\u00eda de estos destinos est\u00e1n a menos de 50 kil\u00f3metros al norte de Armenia, muy cerca entre s\u00ed. Lo mismo sucede con Pueblo Tapao, es el coraz\u00f3n del departamento por su ubicaci\u00f3n geogr\u00e1fica y porque en \u00e9l se encuentra el Parque del Caf\u00e9.<\/p>\n\n\n\n<p>Recorre estos destinos con tranquilidad durante el d\u00eda y al llegar la noche, pon a cargar tu BYD en la electrolinera de Armenia. Una nueva aventura te espera al d\u00eda siguiente.<\/p>\n\n\n\n<h2 class=\"wp-block-heading\"><strong>Fincas Cafeteras<\/strong><\/h2>\n\n\n\n<p>A 60km al norte de Armenia (hora y media de conducci\u00f3n, aproximadamente). Encontrar\u00e1s una parada que le permite vivir un sue\u00f1o a todos los amantes del caf\u00e9 y de las aguas termales, Santa Rosa del Cabal.<\/p>\n\n\n\n<p>Las fincas cafeteras de la zona te ofrecer\u00e1n un recorrido completo por el cultivo y podr\u00e1s vivir una gran experiencia, aprendiendo c\u00f3mo:<\/p>\n\n\n\n<ol class=\"wp-block-list\">\n<li>Cultivan la planta de caf\u00e9<\/li>\n\n\n\n<li>Recolectan los granos<\/li>\n\n\n\n<li>Remueven la c\u00e1scara<\/li>\n\n\n\n<li>Muelen y tuestan los granos<\/li>\n\n\n\n<li>Terminan el producto<\/li>\n<\/ol>\n\n\n\n<p>Lo \u00faltimo que debes hacer es disfrutar de un caf\u00e9 fresco y \u00fanico.<\/p>\n\n\n\n<p>Date la oportunidad de vivir una aventura junto a tu BYD y conoce nuevos destinos. Sigue atento a nuestro <a href=\"https:\/\/bydauto.com.co\/blog\/\" target=\"_blank\" rel=\"noreferrer noopener\">blog<\/a> para conocer a d\u00f3nde nos llevar\u00e1n las pr\u00f3ximas rutas por Colombia.<\/p>\n","protected":false},"excerpt":{"rendered":"<p>Las maravillas naturales de esta zona como el Valle del Cocora, los hermosos paisajes en Filandia o el Parque del Caf\u00e9, lo convierten en uno de los destinos m\u00e1s populares para vacacionar en Colombia con un carro el\u00e9ctrico. Si planeas un viaje este fin de a\u00f1o, te invitamos a seguir la ruta de BYD para &hellip; <\/p>\n<p class=\"link-more\"><a href=\"https:\/\/bydauto.com.co\/blog\/vacaciona-en-el-eje-cafetero-con-la-comodidad-de-conducir-un-carro-electrico-de-byd\/\" class=\"more-link\">Seguir leyendo<span class=\"screen-reader-text\"> &#8220;\u00a1Vacaciona en el Eje Cafetero con la comodidad de conducir un carro el\u00e9ctrico de BYD!&#8221;<\/span><\/a><\/p>\n","protected":false},"author":4,"featured_media":2613,"comment_status":"open","ping_status":"open","sticky":false,"template":"","format":"standard","meta":{"footnotes":""},"categories":[37,4,9],"tags":[],"class_list":["post-2611","post","type-post","status-publish","format-standard","has-post-thumbnail","hentry","category-byd-auto","category-bydcolombia","category-carros-electricos"],"yoast_head":"<!-- This site is optimized with the Yoast SEO plugin v23.6 - https:\/\/yoast.com\/wordpress\/plugins\/seo\/ -->\n<title>\u00a1Vacaciona por el eje cafetero en tu carro el\u00e9ctrico de BYD!<\/title>\n<meta name=\"description\" content=\"BYD te ofrece una opci\u00f3n de ruta para que puedas disfrutar de todos destinos famosos del eje cafetero en un carro el\u00e9ctrico.\" \/>\n<meta name=\"robots\" content=\"index, follow, max-snippet:-1, max-image-preview:large, max-video-preview:-1\" \/>\n<link rel=\"canonical\" href=\"https:\/\/bydauto.com.co\/blog\/vacaciona-en-el-eje-cafetero-con-la-comodidad-de-conducir-un-carro-electrico-de-byd\/\" \/>\n<meta property=\"og:locale\" content=\"es_ES\" \/>\n<meta property=\"og:type\" content=\"article\" \/>\n<meta property=\"og:title\" content=\"\u00a1Vacaciona por el eje cafetero en tu carro el\u00e9ctrico de BYD!\" \/>\n<meta property=\"og:description\" content=\"BYD te ofrece una opci\u00f3n de ruta para que puedas disfrutar de todos destinos famosos del eje cafetero en un carro el\u00e9ctrico.\" \/>\n<meta property=\"og:url\" content=\"https:\/\/bydauto.com.co\/blog\/vacaciona-en-el-eje-cafetero-con-la-comodidad-de-conducir-un-carro-electrico-de-byd\/\" \/>\n<meta property=\"og:site_name\" content=\"BYD Auto Colombia\" \/>\n<meta property=\"article:publisher\" content=\"https:\/\/www.facebook.com\/BYDAutoColombia\" \/>\n<meta property=\"article:published_time\" content=\"2026-01-28T15:00:00+00:00\" \/>\n<meta property=\"article:modified_time\" content=\"2026-01-27T22:49:17+00:00\" \/>\n<meta property=\"og:image\" content=\"https:\/\/bydauto.com.co\/blog\/wp-content\/uploads\/2026\/01\/Carro-electrico-BYD-Shark-recorriendo-el-eje-cafetero.jpg\" \/>\n\t<meta property=\"og:image:width\" content=\"768\" \/>\n\t<meta property=\"og:image:height\" content=\"464\" \/>\n\t<meta property=\"og:image:type\" content=\"image\/jpeg\" \/>\n<meta name=\"author\" content=\"Daniel Torres\" \/>\n<meta name=\"twitter:label1\" content=\"Escrito por\" \/>\n\t<meta name=\"twitter:data1\" content=\"Daniel Torres\" \/>\n\t<meta name=\"twitter:label2\" content=\"Tiempo de lectura\" \/>\n\t<meta name=\"twitter:data2\" content=\"4 minutos\" \/>\n<script type=\"application\/ld+json\" class=\"yoast-schema-graph\">{\"@context\":\"https:\/\/schema.org\",\"@graph\":[{\"@type\":\"Article\",\"@id\":\"https:\/\/bydauto.com.co\/blog\/vacaciona-en-el-eje-cafetero-con-la-comodidad-de-conducir-un-carro-electrico-de-byd\/#article\",\"isPartOf\":{\"@id\":\"https:\/\/bydauto.com.co\/blog\/vacaciona-en-el-eje-cafetero-con-la-comodidad-de-conducir-un-carro-electrico-de-byd\/\"},\"author\":{\"name\":\"Daniel Torres\",\"@id\":\"https:\/\/bydauto.com.co\/blog\/#\/schema\/person\/97e38996cd8677f633cf07d20d82096f\"},\"headline\":\"\u00a1Vacaciona en el Eje Cafetero con la comodidad de conducir un carro el\u00e9ctrico de BYD!\",\"datePublished\":\"2026-01-28T15:00:00+00:00\",\"dateModified\":\"2026-01-27T22:49:17+00:00\",\"mainEntityOfPage\":{\"@id\":\"https:\/\/bydauto.com.co\/blog\/vacaciona-en-el-eje-cafetero-con-la-comodidad-de-conducir-un-carro-electrico-de-byd\/\"},\"wordCount\":677,\"commentCount\":0,\"publisher\":{\"@id\":\"https:\/\/bydauto.com.co\/blog\/#organization\"},\"image\":{\"@id\":\"https:\/\/bydauto.com.co\/blog\/vacaciona-en-el-eje-cafetero-con-la-comodidad-de-conducir-un-carro-electrico-de-byd\/#primaryimage\"},\"thumbnailUrl\":\"https:\/\/bydauto.com.co\/blog\/wp-content\/uploads\/2026\/01\/Carro-electrico-BYD-Shark-recorriendo-el-eje-cafetero.jpg\",\"articleSection\":[\"BYD Auto\",\"BYD Colombia\",\"Carros el\u00e9ctricos\"],\"inLanguage\":\"es-CO\",\"potentialAction\":[{\"@type\":\"CommentAction\",\"name\":\"Comment\",\"target\":[\"https:\/\/bydauto.com.co\/blog\/vacaciona-en-el-eje-cafetero-con-la-comodidad-de-conducir-un-carro-electrico-de-byd\/#respond\"]}]},{\"@type\":\"WebPage\",\"@id\":\"https:\/\/bydauto.com.co\/blog\/vacaciona-en-el-eje-cafetero-con-la-comodidad-de-conducir-un-carro-electrico-de-byd\/\",\"url\":\"https:\/\/bydauto.com.co\/blog\/vacaciona-en-el-eje-cafetero-con-la-comodidad-de-conducir-un-carro-electrico-de-byd\/\",\"name\":\"\u00a1Vacaciona por el eje cafetero en tu carro el\u00e9ctrico de BYD!\",\"isPartOf\":{\"@id\":\"https:\/\/bydauto.com.co\/blog\/#website\"},\"primaryImageOfPage\":{\"@id\":\"https:\/\/bydauto.com.co\/blog\/vacaciona-en-el-eje-cafetero-con-la-comodidad-de-conducir-un-carro-electrico-de-byd\/#primaryimage\"},\"image\":{\"@id\":\"https:\/\/bydauto.com.co\/blog\/vacaciona-en-el-eje-cafetero-con-la-comodidad-de-conducir-un-carro-electrico-de-byd\/#primaryimage\"},\"thumbnailUrl\":\"https:\/\/bydauto.com.co\/blog\/wp-content\/uploads\/2026\/01\/Carro-electrico-BYD-Shark-recorriendo-el-eje-cafetero.jpg\",\"datePublished\":\"2026-01-28T15:00:00+00:00\",\"dateModified\":\"2026-01-27T22:49:17+00:00\",\"description\":\"BYD te ofrece una opci\u00f3n de ruta para que puedas disfrutar de todos destinos famosos del eje cafetero en un carro el\u00e9ctrico.\",\"breadcrumb\":{\"@id\":\"https:\/\/bydauto.com.co\/blog\/vacaciona-en-el-eje-cafetero-con-la-comodidad-de-conducir-un-carro-electrico-de-byd\/#breadcrumb\"},\"inLanguage\":\"es-CO\",\"potentialAction\":[{\"@type\":\"ReadAction\",\"target\":[\"https:\/\/bydauto.com.co\/blog\/vacaciona-en-el-eje-cafetero-con-la-comodidad-de-conducir-un-carro-electrico-de-byd\/\"]}]},{\"@type\":\"ImageObject\",\"inLanguage\":\"es-CO\",\"@id\":\"https:\/\/bydauto.com.co\/blog\/vacaciona-en-el-eje-cafetero-con-la-comodidad-de-conducir-un-carro-electrico-de-byd\/#primaryimage\",\"url\":\"https:\/\/bydauto.com.co\/blog\/wp-content\/uploads\/2026\/01\/Carro-electrico-BYD-Shark-recorriendo-el-eje-cafetero.jpg\",\"contentUrl\":\"https:\/\/bydauto.com.co\/blog\/wp-content\/uploads\/2026\/01\/Carro-electrico-BYD-Shark-recorriendo-el-eje-cafetero.jpg\",\"width\":768,\"height\":464,\"caption\":\"BYD Shark recorriendo el eje cafetero\"},{\"@type\":\"BreadcrumbList\",\"@id\":\"https:\/\/bydauto.com.co\/blog\/vacaciona-en-el-eje-cafetero-con-la-comodidad-de-conducir-un-carro-electrico-de-byd\/#breadcrumb\",\"itemListElement\":[{\"@type\":\"ListItem\",\"position\":1,\"name\":\"Home\",\"item\":\"https:\/\/bydauto.com.co\/blog\/\"},{\"@type\":\"ListItem\",\"position\":2,\"name\":\"\u00a1Vacaciona en el Eje Cafetero con la comodidad de conducir un carro el\u00e9ctrico de BYD!\"}]},{\"@type\":\"WebSite\",\"@id\":\"https:\/\/bydauto.com.co\/blog\/#website\",\"url\":\"https:\/\/bydauto.com.co\/blog\/\",\"name\":\"BYD Auto Colombia\",\"description\":\"Te damos la bienvenida al blog oficial de BYD Auto Colombia.\",\"publisher\":{\"@id\":\"https:\/\/bydauto.com.co\/blog\/#organization\"},\"potentialAction\":[{\"@type\":\"SearchAction\",\"target\":{\"@type\":\"EntryPoint\",\"urlTemplate\":\"https:\/\/bydauto.com.co\/blog\/?s={search_term_string}\"},\"query-input\":{\"@type\":\"PropertyValueSpecification\",\"valueRequired\":true,\"valueName\":\"search_term_string\"}}],\"inLanguage\":\"es-CO\"},{\"@type\":\"Organization\",\"@id\":\"https:\/\/bydauto.com.co\/blog\/#organization\",\"name\":\"BYD Auto Colombia\",\"url\":\"https:\/\/bydauto.com.co\/blog\/\",\"logo\":{\"@type\":\"ImageObject\",\"inLanguage\":\"es-CO\",\"@id\":\"https:\/\/bydauto.com.co\/blog\/#\/schema\/logo\/image\/\",\"url\":\"https:\/\/bydauto.com.co\/blog\/wp-content\/uploads\/2025\/10\/cropped-logo_oscuro_7862c2d25a.png\",\"contentUrl\":\"https:\/\/bydauto.com.co\/blog\/wp-content\/uploads\/2025\/10\/cropped-logo_oscuro_7862c2d25a.png\",\"width\":1290,\"height\":250,\"caption\":\"BYD Auto Colombia\"},\"image\":{\"@id\":\"https:\/\/bydauto.com.co\/blog\/#\/schema\/logo\/image\/\"},\"sameAs\":[\"https:\/\/www.facebook.com\/BYDAutoColombia\",\"https:\/\/www.instagram.com\/bydautocolombia\/\",\"https:\/\/www.youtube.com\/channel\/UC5T2CarA3VHbF6buuvcWPXA\"]},{\"@type\":\"Person\",\"@id\":\"https:\/\/bydauto.com.co\/blog\/#\/schema\/person\/97e38996cd8677f633cf07d20d82096f\",\"name\":\"Daniel Torres\",\"image\":{\"@type\":\"ImageObject\",\"inLanguage\":\"es-CO\",\"@id\":\"https:\/\/bydauto.com.co\/blog\/#\/schema\/person\/image\/\",\"url\":\"https:\/\/secure.gravatar.com\/avatar\/460795ba393c7da1a1279ef49917f11f?s=96&d=mm&r=g\",\"contentUrl\":\"https:\/\/secure.gravatar.com\/avatar\/460795ba393c7da1a1279ef49917f11f?s=96&d=mm&r=g\",\"caption\":\"Daniel Torres\"},\"url\":\"https:\/\/bydauto.com.co\/blog\/author\/egt\/\"}]}<\/script>\n<!-- \/ Yoast SEO plugin. -->","yoast_head_json":{"title":"\u00a1Vacaciona por el eje cafetero en tu carro el\u00e9ctrico de BYD!","description":"BYD te ofrece una opci\u00f3n de ruta para que puedas disfrutar de todos destinos famosos del eje cafetero en un carro el\u00e9ctrico.","robots":{"index":"index","follow":"follow","max-snippet":"max-snippet:-1","max-image-preview":"max-image-preview:large","max-video-preview":"max-video-preview:-1"},"canonical":"https:\/\/bydauto.com.co\/blog\/vacaciona-en-el-eje-cafetero-con-la-comodidad-de-conducir-un-carro-electrico-de-byd\/","og_locale":"es_ES","og_type":"article","og_title":"\u00a1Vacaciona por el eje cafetero en tu carro el\u00e9ctrico de BYD!","og_description":"BYD te ofrece una opci\u00f3n de ruta para que puedas disfrutar de todos destinos famosos del eje cafetero en un carro el\u00e9ctrico.","og_url":"https:\/\/bydauto.com.co\/blog\/vacaciona-en-el-eje-cafetero-con-la-comodidad-de-conducir-un-carro-electrico-de-byd\/","og_site_name":"BYD Auto Colombia","article_publisher":"https:\/\/www.facebook.com\/BYDAutoColombia","article_published_time":"2026-01-28T15:00:00+00:00","article_modified_time":"2026-01-27T22:49:17+00:00","og_image":[{"width":768,"height":464,"url":"https:\/\/bydauto.com.co\/blog\/wp-content\/uploads\/2026\/01\/Carro-electrico-BYD-Shark-recorriendo-el-eje-cafetero.jpg","type":"image\/jpeg"}],"author":"Daniel Torres","twitter_misc":{"Escrito por":"Daniel Torres","Tiempo de lectura":"4 minutos"},"schema":{"@context":"https:\/\/schema.org","@graph":[{"@type":"Article","@id":"https:\/\/bydauto.com.co\/blog\/vacaciona-en-el-eje-cafetero-con-la-comodidad-de-conducir-un-carro-electrico-de-byd\/#article","isPartOf":{"@id":"https:\/\/bydauto.com.co\/blog\/vacaciona-en-el-eje-cafetero-con-la-comodidad-de-conducir-un-carro-electrico-de-byd\/"},"author":{"name":"Daniel Torres","@id":"https:\/\/bydauto.com.co\/blog\/#\/schema\/person\/97e38996cd8677f633cf07d20d82096f"},"headline":"\u00a1Vacaciona en el Eje Cafetero con la comodidad de conducir un carro el\u00e9ctrico de BYD!","datePublished":"2026-01-28T15:00:00+00:00","dateModified":"2026-01-27T22:49:17+00:00","mainEntityOfPage":{"@id":"https:\/\/bydauto.com.co\/blog\/vacaciona-en-el-eje-cafetero-con-la-comodidad-de-conducir-un-carro-electrico-de-byd\/"},"wordCount":677,"commentCount":0,"publisher":{"@id":"https:\/\/bydauto.com.co\/blog\/#organization"},"image":{"@id":"https:\/\/bydauto.com.co\/blog\/vacaciona-en-el-eje-cafetero-con-la-comodidad-de-conducir-un-carro-electrico-de-byd\/#primaryimage"},"thumbnailUrl":"https:\/\/bydauto.com.co\/blog\/wp-content\/uploads\/2026\/01\/Carro-electrico-BYD-Shark-recorriendo-el-eje-cafetero.jpg","articleSection":["BYD Auto","BYD Colombia","Carros el\u00e9ctricos"],"inLanguage":"es-CO","potentialAction":[{"@type":"CommentAction","name":"Comment","target":["https:\/\/bydauto.com.co\/blog\/vacaciona-en-el-eje-cafetero-con-la-comodidad-de-conducir-un-carro-electrico-de-byd\/#respond"]}]},{"@type":"WebPage","@id":"https:\/\/bydauto.com.co\/blog\/vacaciona-en-el-eje-cafetero-con-la-comodidad-de-conducir-un-carro-electrico-de-byd\/","url":"https:\/\/bydauto.com.co\/blog\/vacaciona-en-el-eje-cafetero-con-la-comodidad-de-conducir-un-carro-electrico-de-byd\/","name":"\u00a1Vacaciona por el eje cafetero en tu carro el\u00e9ctrico de BYD!","isPartOf":{"@id":"https:\/\/bydauto.com.co\/blog\/#website"},"primaryImageOfPage":{"@id":"https:\/\/bydauto.com.co\/blog\/vacaciona-en-el-eje-cafetero-con-la-comodidad-de-conducir-un-carro-electrico-de-byd\/#primaryimage"},"image":{"@id":"https:\/\/bydauto.com.co\/blog\/vacaciona-en-el-eje-cafetero-con-la-comodidad-de-conducir-un-carro-electrico-de-byd\/#primaryimage"},"thumbnailUrl":"https:\/\/bydauto.com.co\/blog\/wp-content\/uploads\/2026\/01\/Carro-electrico-BYD-Shark-recorriendo-el-eje-cafetero.jpg","datePublished":"2026-01-28T15:00:00+00:00","dateModified":"2026-01-27T22:49:17+00:00","description":"BYD te ofrece una opci\u00f3n de ruta para que puedas disfrutar de todos destinos famosos del eje cafetero en un carro el\u00e9ctrico.","breadcrumb":{"@id":"https:\/\/bydauto.com.co\/blog\/vacaciona-en-el-eje-cafetero-con-la-comodidad-de-conducir-un-carro-electrico-de-byd\/#breadcrumb"},"inLanguage":"es-CO","potentialAction":[{"@type":"ReadAction","target":["https:\/\/bydauto.com.co\/blog\/vacaciona-en-el-eje-cafetero-con-la-comodidad-de-conducir-un-carro-electrico-de-byd\/"]}]},{"@type":"ImageObject","inLanguage":"es-CO","@id":"https:\/\/bydauto.com.co\/blog\/vacaciona-en-el-eje-cafetero-con-la-comodidad-de-conducir-un-carro-electrico-de-byd\/#primaryimage","url":"https:\/\/bydauto.com.co\/blog\/wp-content\/uploads\/2026\/01\/Carro-electrico-BYD-Shark-recorriendo-el-eje-cafetero.jpg","contentUrl":"https:\/\/bydauto.com.co\/blog\/wp-content\/uploads\/2026\/01\/Carro-electrico-BYD-Shark-recorriendo-el-eje-cafetero.jpg","width":768,"height":464,"caption":"BYD Shark recorriendo el eje cafetero"},{"@type":"BreadcrumbList","@id":"https:\/\/bydauto.com.co\/blog\/vacaciona-en-el-eje-cafetero-con-la-comodidad-de-conducir-un-carro-electrico-de-byd\/#breadcrumb","itemListElement":[{"@type":"ListItem","position":1,"name":"Home","item":"https:\/\/bydauto.com.co\/blog\/"},{"@type":"ListItem","position":2,"name":"\u00a1Vacaciona en el Eje Cafetero con la comodidad de conducir un carro el\u00e9ctrico de BYD!"}]},{"@type":"WebSite","@id":"https:\/\/bydauto.com.co\/blog\/#website","url":"https:\/\/bydauto.com.co\/blog\/","name":"BYD Auto Colombia","description":"Te damos la bienvenida al blog oficial de BYD Auto Colombia.","publisher":{"@id":"https:\/\/bydauto.com.co\/blog\/#organization"},"potentialAction":[{"@type":"SearchAction","target":{"@type":"EntryPoint","urlTemplate":"https:\/\/bydauto.com.co\/blog\/?s={search_term_string}"},"query-input":{"@type":"PropertyValueSpecification","valueRequired":true,"valueName":"search_term_string"}}],"inLanguage":"es-CO"},{"@type":"Organization","@id":"https:\/\/bydauto.com.co\/blog\/#organization","name":"BYD Auto Colombia","url":"https:\/\/bydauto.com.co\/blog\/","logo":{"@type":"ImageObject","inLanguage":"es-CO","@id":"https:\/\/bydauto.com.co\/blog\/#\/schema\/logo\/image\/","url":"https:\/\/bydauto.com.co\/blog\/wp-content\/uploads\/2025\/10\/cropped-logo_oscuro_7862c2d25a.png","contentUrl":"https:\/\/bydauto.com.co\/blog\/wp-content\/uploads\/2025\/10\/cropped-logo_oscuro_7862c2d25a.png","width":1290,"height":250,"caption":"BYD Auto Colombia"},"image":{"@id":"https:\/\/bydauto.com.co\/blog\/#\/schema\/logo\/image\/"},"sameAs":["https:\/\/www.facebook.com\/BYDAutoColombia","https:\/\/www.instagram.com\/bydautocolombia\/","https:\/\/www.youtube.com\/channel\/UC5T2CarA3VHbF6buuvcWPXA"]},{"@type":"Person","@id":"https:\/\/bydauto.com.co\/blog\/#\/schema\/person\/97e38996cd8677f633cf07d20d82096f","name":"Daniel Torres","image":{"@type":"ImageObject","inLanguage":"es-CO","@id":"https:\/\/bydauto.com.co\/blog\/#\/schema\/person\/image\/","url":"https:\/\/secure.gravatar.com\/avatar\/460795ba393c7da1a1279ef49917f11f?s=96&d=mm&r=g","contentUrl":"https:\/\/secure.gravatar.com\/avatar\/460795ba393c7da1a1279ef49917f11f?s=96&d=mm&r=g","caption":"Daniel Torres"},"url":"https:\/\/bydauto.com.co\/blog\/author\/egt\/"}]}},"_links":{"self":[{"href":"https:\/\/bydauto.com.co\/blog\/wp-json\/wp\/v2\/posts\/2611"}],"collection":[{"href":"https:\/\/bydauto.com.co\/blog\/wp-json\/wp\/v2\/posts"}],"about":[{"href":"https:\/\/bydauto.com.co\/blog\/wp-json\/wp\/v2\/types\/post"}],"author":[{"embeddable":true,"href":"https:\/\/bydauto.com.co\/blog\/wp-json\/wp\/v2\/users\/4"}],"replies":[{"embeddable":true,"href":"https:\/\/bydauto.com.co\/blog\/wp-json\/wp\/v2\/comments?post=2611"}],"version-history":[{"count":2,"href":"https:\/\/bydauto.com.co\/blog\/wp-json\/wp\/v2\/posts\/2611\/revisions"}],"predecessor-version":[{"id":2615,"href":"https:\/\/bydauto.com.co\/blog\/wp-json\/wp\/v2\/posts\/2611\/revisions\/2615"}],"wp:featuredmedia":[{"embeddable":true,"href":"https:\/\/bydauto.com.co\/blog\/wp-json\/wp\/v2\/media\/2613"}],"wp:attachment":[{"href":"https:\/\/bydauto.com.co\/blog\/wp-json\/wp\/v2\/media?parent=2611"}],"wp:term":[{"taxonomy":"category","embeddable":true,"href":"https:\/\/bydauto.com.co\/blog\/wp-json\/wp\/v2\/categories?post=2611"},{"taxonomy":"post_tag","embeddable":true,"href":"https:\/\/bydauto.com.co\/blog\/wp-json\/wp\/v2\/tags?post=2611"}],"curies":[{"name":"wp","href":"https:\/\/api.w.org\/{rel}","templated":true}]}}