{"id":2318,"date":"2025-09-02T17:16:46","date_gmt":"2025-09-02T22:16:46","guid":{"rendered":"https:\/\/bydauto.com.co\/blog\/?p=2318"},"modified":"2025-09-02T20:15:11","modified_gmt":"2025-09-03T01:15:11","slug":"conoce-la-segunda-generacion-de-la-bateria-blade","status":"publish","type":"post","link":"https:\/\/bydauto.com.co\/blog\/conoce-la-segunda-generacion-de-la-bateria-blade\/","title":{"rendered":"\u00a1Conoce la segunda generaci\u00f3n de la bater\u00eda blade!"},"content":{"rendered":"\n<p><strong>Esta fue una de las principales novedades de la marca, presentada de forma oficial en el Shanghai Auto 2025. La sucesora de la bater\u00eda blade expresa el deseo de la marca: demostrar c\u00f3mo la innovaci\u00f3n es la clave para que la movilidad el\u00e9ctrica llegue cada vez m\u00e1s lejos.<\/strong><\/p>\n\n\n\n<p>Llamada tambi\u00e9n bater\u00eda blade 2.0, esta bater\u00eda expande las capacidades que hicieron famosa a su versi\u00f3n anterior, abriendo la puerta para una nueva era de la movilidad el\u00e9ctrica.<\/p>\n\n\n\n<h2 class=\"wp-block-heading\"><strong>Mayor densidad energ\u00e9tica para lograr recorridos m\u00e1s largos<\/strong><\/h2>\n\n\n\n<p><strong>Los grandes dise\u00f1os se perfeccionan continuamente: este dicho ejemplifica claramente el enfoque de BYD con esta innovaci\u00f3n.<\/strong> Las celdas en forma de cuchillas de la bater\u00eda blade 2.0 son m\u00e1s compactas, eficientes y se conectan con m\u00f3dulos m\u00e1s peque\u00f1os y de mayor conductividad el\u00e9ctrica.&nbsp;<\/p>\n\n\n\n<p>Gracias a eso, esta bater\u00eda LFP (litio ferro fosfato) consigue una densidad energ\u00e9tica de 210 Wh\/Kg, un aumento de casi el 30% con respecto a su predecesora (160 Wh\/kg) sin incrementar su peso.&nbsp;<\/p>\n\n\n\n<p>Este aspecto se traduce en un incremento de la autonom\u00eda en la misma proporci\u00f3n. Autos de 400 Km de autonom\u00eda con la bater\u00eda blade de primera generaci\u00f3n, ahora podr\u00e1n recorrer hasta 530 km.&nbsp;<\/p>\n\n\n\n<p>Cabe resaltar que estas son las proyecciones iniciales, y factores como la disminuci\u00f3n del peso de los nuevos modelos de BYD, pueden llevar a que sus futuros carros el\u00e9ctricos tengan autonom\u00edas incluso mayores.<\/p>\n\n\n\n<p>Si quieres conocer m\u00e1s sobre las capacidades de la bater\u00eda blade de primera generaci\u00f3n, puedes leer: <a href=\"https:\/\/bydauto.com.co\/blog\/la-super-bateria-de-los-autos-electricos-de-byd-la-blade-battery\">La s\u00faper bater\u00eda de los autos el\u00e9ctricos de BYD: La bater\u00eda blade<\/a><\/p>\n\n\n\n<h2 class=\"wp-block-heading\"><strong>Nuevas posibilidades de producci\u00f3n<\/strong><\/h2>\n\n\n\n<p>Ser\u00eda intuitivo pensar que esta bater\u00eda tan potente ser\u00eda m\u00e1s costosa, sin embargo ese no es el caso. El perfeccionamiento en los m\u00e9todos de fabricaci\u00f3n por parte de la marca, permite que los costes de producci\u00f3n de la bater\u00eda blade de segunda generaci\u00f3n sea un 15% menores.<\/p>\n\n\n\n<p>Adem\u00e1s, BYD adopta lo aprendido en la super e-platform, equipando a esta nueva versi\u00f3n de la bater\u00eda con una arquitectura energ\u00e9tica de 800 vatios y una potencia de carga de 500 voltios, para cargarla por completo en poco m\u00e1s de 15* minutos.<\/p>\n\n\n\n<p><strong>La mejora en la potencia de carga se traduce en una mayor capacidad de descarga\u00a0 (14c), es decir, mayor voltaje puede ser transferido de la bater\u00eda hacia los componentes el\u00e9ctricos. Permiti\u00e9ndole al gigante chino fabricar autos m\u00e1s potentes y veloces, enfocados en el segmento deportivo.<\/strong><\/p>\n\n\n\n<p>Finalmente esta nueva bater\u00eda es capaz de soportar 5000 ciclos de carga o 1,2 millones de kil\u00f3metros. Vi\u00e9ndolo en perspectiva, podr\u00edas viajar a la luna, volver y la bater\u00eda todav\u00eda tendr\u00eda la capacidad energ\u00e9tica necesaria para recorrer cerca de 450.000 km (11 veces la circunferencia de la tierra).<\/p>\n\n\n\n<figure class=\"wp-block-image size-full\"><img loading=\"lazy\" decoding=\"async\" width=\"776\" height=\"472\" src=\"https:\/\/bydauto.com.co\/blog\/wp-content\/uploads\/2025\/09\/Celdas-de-la-bateria-de-segunda-generacion.jpg\" alt=\"Celdas de la bater\u00eda de segunda generaci\u00f3n\" class=\"wp-image-2320\" srcset=\"https:\/\/bydauto.com.co\/blog\/wp-content\/uploads\/2025\/09\/Celdas-de-la-bateria-de-segunda-generacion.jpg 776w, https:\/\/bydauto.com.co\/blog\/wp-content\/uploads\/2025\/09\/Celdas-de-la-bateria-de-segunda-generacion-300x182.jpg 300w, https:\/\/bydauto.com.co\/blog\/wp-content\/uploads\/2025\/09\/Celdas-de-la-bateria-de-segunda-generacion-768x467.jpg 768w\" sizes=\"(max-width: 767px) 89vw, (max-width: 1000px) 54vw, (max-width: 1071px) 543px, 580px\" \/><\/figure>\n\n\n\n<h2 class=\"wp-block-heading\"><strong>\u00bfQu\u00e9 veh\u00edculos van a integrar la nueva bater\u00eda blade?<\/strong><\/h2>\n\n\n\n<p>Por el momento, y como ha sucedido anteriormente con innovaciones de la marca, ser\u00e1 exclusiva de un modelo. El Yangwang U7 ser\u00e1 el veh\u00edculo responsable de estrenarla y demostrar todo su potencial, en las calles de China desde 2026.<\/p>\n\n\n\n<p>El aprendizaje obtenido por este veh\u00edculo ser\u00e1 la base para adaptar la bater\u00eda blade 2.0 a diferentes modelos. De esta manera, esta bater\u00eda seguir\u00eda los pasos de su versi\u00f3n anterior para transformarse en una de las caracter\u00edsticas b\u00e1sicas de la marca.<\/p>\n\n\n\n<p>As\u00ed,&nbsp; los futuros modelos de la marca tendr\u00e1n mayor potencia y autonom\u00eda para llevarte a todos tus recorridos.<\/p>\n\n\n\n<p>\u00a1Sigue leyendo nuestro <a href=\"https:\/\/bydauto.com.co\/blog\">blog<\/a> para enterarte de m\u00e1s novedades de la marca!<\/p>\n","protected":false},"excerpt":{"rendered":"<p>Esta fue una de las principales novedades de la marca, presentada de forma oficial en el Shanghai Auto 2025. La sucesora de la bater\u00eda blade expresa el deseo de la marca: demostrar c\u00f3mo la innovaci\u00f3n es la clave para que la movilidad el\u00e9ctrica llegue cada vez m\u00e1s lejos. Llamada tambi\u00e9n bater\u00eda blade 2.0, esta bater\u00eda &hellip; <\/p>\n<p class=\"link-more\"><a href=\"https:\/\/bydauto.com.co\/blog\/conoce-la-segunda-generacion-de-la-bateria-blade\/\" class=\"more-link\">Seguir leyendo<span class=\"screen-reader-text\"> &#8220;\u00a1Conoce la segunda generaci\u00f3n de la bater\u00eda blade!&#8221;<\/span><\/a><\/p>\n","protected":false},"author":4,"featured_media":2319,"comment_status":"open","ping_status":"open","sticky":false,"template":"","format":"standard","meta":{"footnotes":""},"categories":[18,5],"tags":[],"class_list":["post-2318","post","type-post","status-publish","format-standard","has-post-thumbnail","hentry","category-blade-battery","category-byd-internacional"],"yoast_head":"<!-- This site is optimized with the Yoast SEO plugin v23.6 - https:\/\/yoast.com\/wordpress\/plugins\/seo\/ -->\n<title>\u00a1Conoce la bater\u00eda blade de segunda generaci\u00f3n!<\/title>\n<meta name=\"description\" content=\"Descubre c\u00f3mo la bater\u00eda blade 2.0 de BYD revolucionar\u00e1 la autonom\u00eda y potencia de tu pr\u00f3ximo carro el\u00e9ctrico.\" \/>\n<meta name=\"robots\" content=\"index, follow, max-snippet:-1, max-image-preview:large, max-video-preview:-1\" \/>\n<link rel=\"canonical\" href=\"https:\/\/bydauto.com.co\/blog\/conoce-la-segunda-generacion-de-la-bateria-blade\/\" \/>\n<meta property=\"og:locale\" content=\"es_ES\" \/>\n<meta property=\"og:type\" content=\"article\" \/>\n<meta property=\"og:title\" content=\"\u00a1Conoce la bater\u00eda blade de segunda generaci\u00f3n!\" \/>\n<meta property=\"og:description\" content=\"Descubre c\u00f3mo la bater\u00eda blade 2.0 de BYD revolucionar\u00e1 la autonom\u00eda y potencia de tu pr\u00f3ximo carro el\u00e9ctrico.\" \/>\n<meta property=\"og:url\" content=\"https:\/\/bydauto.com.co\/blog\/conoce-la-segunda-generacion-de-la-bateria-blade\/\" \/>\n<meta property=\"og:site_name\" content=\"BYD Auto Colombia\" \/>\n<meta property=\"article:publisher\" content=\"https:\/\/www.facebook.com\/BYDAutoColombia\" \/>\n<meta property=\"article:published_time\" content=\"2025-09-02T22:16:46+00:00\" \/>\n<meta property=\"article:modified_time\" content=\"2025-09-03T01:15:11+00:00\" \/>\n<meta property=\"og:image\" content=\"https:\/\/bydauto.com.co\/blog\/wp-content\/uploads\/2025\/09\/Celdas-de-la-bateria-blade-de-segunda-generacion-durante-el-montaje.jpg\" \/>\n\t<meta property=\"og:image:width\" content=\"776\" \/>\n\t<meta property=\"og:image:height\" content=\"472\" \/>\n\t<meta property=\"og:image:type\" content=\"image\/jpeg\" \/>\n<meta name=\"author\" content=\"Daniel Torres\" \/>\n<meta name=\"twitter:label1\" content=\"Escrito por\" \/>\n\t<meta name=\"twitter:data1\" content=\"Daniel Torres\" \/>\n\t<meta name=\"twitter:label2\" content=\"Tiempo de lectura\" \/>\n\t<meta name=\"twitter:data2\" content=\"3 minutos\" \/>\n<script type=\"application\/ld+json\" class=\"yoast-schema-graph\">{\"@context\":\"https:\/\/schema.org\",\"@graph\":[{\"@type\":\"Article\",\"@id\":\"https:\/\/bydauto.com.co\/blog\/conoce-la-segunda-generacion-de-la-bateria-blade\/#article\",\"isPartOf\":{\"@id\":\"https:\/\/bydauto.com.co\/blog\/conoce-la-segunda-generacion-de-la-bateria-blade\/\"},\"author\":{\"name\":\"Daniel Torres\",\"@id\":\"https:\/\/bydauto.com.co\/blog\/#\/schema\/person\/97e38996cd8677f633cf07d20d82096f\"},\"headline\":\"\u00a1Conoce la segunda generaci\u00f3n de la bater\u00eda blade!\",\"datePublished\":\"2025-09-02T22:16:46+00:00\",\"dateModified\":\"2025-09-03T01:15:11+00:00\",\"mainEntityOfPage\":{\"@id\":\"https:\/\/bydauto.com.co\/blog\/conoce-la-segunda-generacion-de-la-bateria-blade\/\"},\"wordCount\":636,\"commentCount\":0,\"publisher\":{\"@id\":\"https:\/\/bydauto.com.co\/blog\/#organization\"},\"image\":{\"@id\":\"https:\/\/bydauto.com.co\/blog\/conoce-la-segunda-generacion-de-la-bateria-blade\/#primaryimage\"},\"thumbnailUrl\":\"https:\/\/bydauto.com.co\/blog\/wp-content\/uploads\/2025\/09\/Celdas-de-la-bateria-blade-de-segunda-generacion-durante-el-montaje.jpg\",\"articleSection\":[\"blade battery\",\"BYD Internacional\"],\"inLanguage\":\"es-CO\",\"potentialAction\":[{\"@type\":\"CommentAction\",\"name\":\"Comment\",\"target\":[\"https:\/\/bydauto.com.co\/blog\/conoce-la-segunda-generacion-de-la-bateria-blade\/#respond\"]}]},{\"@type\":\"WebPage\",\"@id\":\"https:\/\/bydauto.com.co\/blog\/conoce-la-segunda-generacion-de-la-bateria-blade\/\",\"url\":\"https:\/\/bydauto.com.co\/blog\/conoce-la-segunda-generacion-de-la-bateria-blade\/\",\"name\":\"\u00a1Conoce la bater\u00eda blade de segunda generaci\u00f3n!\",\"isPartOf\":{\"@id\":\"https:\/\/bydauto.com.co\/blog\/#website\"},\"primaryImageOfPage\":{\"@id\":\"https:\/\/bydauto.com.co\/blog\/conoce-la-segunda-generacion-de-la-bateria-blade\/#primaryimage\"},\"image\":{\"@id\":\"https:\/\/bydauto.com.co\/blog\/conoce-la-segunda-generacion-de-la-bateria-blade\/#primaryimage\"},\"thumbnailUrl\":\"https:\/\/bydauto.com.co\/blog\/wp-content\/uploads\/2025\/09\/Celdas-de-la-bateria-blade-de-segunda-generacion-durante-el-montaje.jpg\",\"datePublished\":\"2025-09-02T22:16:46+00:00\",\"dateModified\":\"2025-09-03T01:15:11+00:00\",\"description\":\"Descubre c\u00f3mo la bater\u00eda blade 2.0 de BYD revolucionar\u00e1 la autonom\u00eda y potencia de tu pr\u00f3ximo carro el\u00e9ctrico.\",\"breadcrumb\":{\"@id\":\"https:\/\/bydauto.com.co\/blog\/conoce-la-segunda-generacion-de-la-bateria-blade\/#breadcrumb\"},\"inLanguage\":\"es-CO\",\"potentialAction\":[{\"@type\":\"ReadAction\",\"target\":[\"https:\/\/bydauto.com.co\/blog\/conoce-la-segunda-generacion-de-la-bateria-blade\/\"]}]},{\"@type\":\"ImageObject\",\"inLanguage\":\"es-CO\",\"@id\":\"https:\/\/bydauto.com.co\/blog\/conoce-la-segunda-generacion-de-la-bateria-blade\/#primaryimage\",\"url\":\"https:\/\/bydauto.com.co\/blog\/wp-content\/uploads\/2025\/09\/Celdas-de-la-bateria-blade-de-segunda-generacion-durante-el-montaje.jpg\",\"contentUrl\":\"https:\/\/bydauto.com.co\/blog\/wp-content\/uploads\/2025\/09\/Celdas-de-la-bateria-blade-de-segunda-generacion-durante-el-montaje.jpg\",\"width\":776,\"height\":472,\"caption\":\"Celdas de la bater\u00eda blade de segunda generaci\u00f3n durante el montaje\"},{\"@type\":\"BreadcrumbList\",\"@id\":\"https:\/\/bydauto.com.co\/blog\/conoce-la-segunda-generacion-de-la-bateria-blade\/#breadcrumb\",\"itemListElement\":[{\"@type\":\"ListItem\",\"position\":1,\"name\":\"Home\",\"item\":\"https:\/\/bydauto.com.co\/blog\/\"},{\"@type\":\"ListItem\",\"position\":2,\"name\":\"\u00a1Conoce la segunda generaci\u00f3n de la bater\u00eda blade!\"}]},{\"@type\":\"WebSite\",\"@id\":\"https:\/\/bydauto.com.co\/blog\/#website\",\"url\":\"https:\/\/bydauto.com.co\/blog\/\",\"name\":\"BYD Auto Colombia\",\"description\":\"Te damos la bienvenida al blog oficial de BYD Auto Colombia.\",\"publisher\":{\"@id\":\"https:\/\/bydauto.com.co\/blog\/#organization\"},\"potentialAction\":[{\"@type\":\"SearchAction\",\"target\":{\"@type\":\"EntryPoint\",\"urlTemplate\":\"https:\/\/bydauto.com.co\/blog\/?s={search_term_string}\"},\"query-input\":{\"@type\":\"PropertyValueSpecification\",\"valueRequired\":true,\"valueName\":\"search_term_string\"}}],\"inLanguage\":\"es-CO\"},{\"@type\":\"Organization\",\"@id\":\"https:\/\/bydauto.com.co\/blog\/#organization\",\"name\":\"BYD Auto Colombia\",\"url\":\"https:\/\/bydauto.com.co\/blog\/\",\"logo\":{\"@type\":\"ImageObject\",\"inLanguage\":\"es-CO\",\"@id\":\"https:\/\/bydauto.com.co\/blog\/#\/schema\/logo\/image\/\",\"url\":\"https:\/\/bydauto.com.co\/blog\/wp-content\/uploads\/2025\/10\/cropped-logo_oscuro_7862c2d25a.png\",\"contentUrl\":\"https:\/\/bydauto.com.co\/blog\/wp-content\/uploads\/2025\/10\/cropped-logo_oscuro_7862c2d25a.png\",\"width\":1290,\"height\":250,\"caption\":\"BYD Auto Colombia\"},\"image\":{\"@id\":\"https:\/\/bydauto.com.co\/blog\/#\/schema\/logo\/image\/\"},\"sameAs\":[\"https:\/\/www.facebook.com\/BYDAutoColombia\",\"https:\/\/www.instagram.com\/bydautocolombia\/\",\"https:\/\/www.youtube.com\/channel\/UC5T2CarA3VHbF6buuvcWPXA\"]},{\"@type\":\"Person\",\"@id\":\"https:\/\/bydauto.com.co\/blog\/#\/schema\/person\/97e38996cd8677f633cf07d20d82096f\",\"name\":\"Daniel Torres\",\"image\":{\"@type\":\"ImageObject\",\"inLanguage\":\"es-CO\",\"@id\":\"https:\/\/bydauto.com.co\/blog\/#\/schema\/person\/image\/\",\"url\":\"https:\/\/secure.gravatar.com\/avatar\/460795ba393c7da1a1279ef49917f11f?s=96&d=mm&r=g\",\"contentUrl\":\"https:\/\/secure.gravatar.com\/avatar\/460795ba393c7da1a1279ef49917f11f?s=96&d=mm&r=g\",\"caption\":\"Daniel Torres\"},\"url\":\"https:\/\/bydauto.com.co\/blog\/author\/egt\/\"}]}<\/script>\n<!-- \/ Yoast SEO plugin. -->","yoast_head_json":{"title":"\u00a1Conoce la bater\u00eda blade de segunda generaci\u00f3n!","description":"Descubre c\u00f3mo la bater\u00eda blade 2.0 de BYD revolucionar\u00e1 la autonom\u00eda y potencia de tu pr\u00f3ximo carro el\u00e9ctrico.","robots":{"index":"index","follow":"follow","max-snippet":"max-snippet:-1","max-image-preview":"max-image-preview:large","max-video-preview":"max-video-preview:-1"},"canonical":"https:\/\/bydauto.com.co\/blog\/conoce-la-segunda-generacion-de-la-bateria-blade\/","og_locale":"es_ES","og_type":"article","og_title":"\u00a1Conoce la bater\u00eda blade de segunda generaci\u00f3n!","og_description":"Descubre c\u00f3mo la bater\u00eda blade 2.0 de BYD revolucionar\u00e1 la autonom\u00eda y potencia de tu pr\u00f3ximo carro el\u00e9ctrico.","og_url":"https:\/\/bydauto.com.co\/blog\/conoce-la-segunda-generacion-de-la-bateria-blade\/","og_site_name":"BYD Auto Colombia","article_publisher":"https:\/\/www.facebook.com\/BYDAutoColombia","article_published_time":"2025-09-02T22:16:46+00:00","article_modified_time":"2025-09-03T01:15:11+00:00","og_image":[{"width":776,"height":472,"url":"https:\/\/bydauto.com.co\/blog\/wp-content\/uploads\/2025\/09\/Celdas-de-la-bateria-blade-de-segunda-generacion-durante-el-montaje.jpg","type":"image\/jpeg"}],"author":"Daniel Torres","twitter_misc":{"Escrito por":"Daniel Torres","Tiempo de lectura":"3 minutos"},"schema":{"@context":"https:\/\/schema.org","@graph":[{"@type":"Article","@id":"https:\/\/bydauto.com.co\/blog\/conoce-la-segunda-generacion-de-la-bateria-blade\/#article","isPartOf":{"@id":"https:\/\/bydauto.com.co\/blog\/conoce-la-segunda-generacion-de-la-bateria-blade\/"},"author":{"name":"Daniel Torres","@id":"https:\/\/bydauto.com.co\/blog\/#\/schema\/person\/97e38996cd8677f633cf07d20d82096f"},"headline":"\u00a1Conoce la segunda generaci\u00f3n de la bater\u00eda blade!","datePublished":"2025-09-02T22:16:46+00:00","dateModified":"2025-09-03T01:15:11+00:00","mainEntityOfPage":{"@id":"https:\/\/bydauto.com.co\/blog\/conoce-la-segunda-generacion-de-la-bateria-blade\/"},"wordCount":636,"commentCount":0,"publisher":{"@id":"https:\/\/bydauto.com.co\/blog\/#organization"},"image":{"@id":"https:\/\/bydauto.com.co\/blog\/conoce-la-segunda-generacion-de-la-bateria-blade\/#primaryimage"},"thumbnailUrl":"https:\/\/bydauto.com.co\/blog\/wp-content\/uploads\/2025\/09\/Celdas-de-la-bateria-blade-de-segunda-generacion-durante-el-montaje.jpg","articleSection":["blade battery","BYD Internacional"],"inLanguage":"es-CO","potentialAction":[{"@type":"CommentAction","name":"Comment","target":["https:\/\/bydauto.com.co\/blog\/conoce-la-segunda-generacion-de-la-bateria-blade\/#respond"]}]},{"@type":"WebPage","@id":"https:\/\/bydauto.com.co\/blog\/conoce-la-segunda-generacion-de-la-bateria-blade\/","url":"https:\/\/bydauto.com.co\/blog\/conoce-la-segunda-generacion-de-la-bateria-blade\/","name":"\u00a1Conoce la bater\u00eda blade de segunda generaci\u00f3n!","isPartOf":{"@id":"https:\/\/bydauto.com.co\/blog\/#website"},"primaryImageOfPage":{"@id":"https:\/\/bydauto.com.co\/blog\/conoce-la-segunda-generacion-de-la-bateria-blade\/#primaryimage"},"image":{"@id":"https:\/\/bydauto.com.co\/blog\/conoce-la-segunda-generacion-de-la-bateria-blade\/#primaryimage"},"thumbnailUrl":"https:\/\/bydauto.com.co\/blog\/wp-content\/uploads\/2025\/09\/Celdas-de-la-bateria-blade-de-segunda-generacion-durante-el-montaje.jpg","datePublished":"2025-09-02T22:16:46+00:00","dateModified":"2025-09-03T01:15:11+00:00","description":"Descubre c\u00f3mo la bater\u00eda blade 2.0 de BYD revolucionar\u00e1 la autonom\u00eda y potencia de tu pr\u00f3ximo carro el\u00e9ctrico.","breadcrumb":{"@id":"https:\/\/bydauto.com.co\/blog\/conoce-la-segunda-generacion-de-la-bateria-blade\/#breadcrumb"},"inLanguage":"es-CO","potentialAction":[{"@type":"ReadAction","target":["https:\/\/bydauto.com.co\/blog\/conoce-la-segunda-generacion-de-la-bateria-blade\/"]}]},{"@type":"ImageObject","inLanguage":"es-CO","@id":"https:\/\/bydauto.com.co\/blog\/conoce-la-segunda-generacion-de-la-bateria-blade\/#primaryimage","url":"https:\/\/bydauto.com.co\/blog\/wp-content\/uploads\/2025\/09\/Celdas-de-la-bateria-blade-de-segunda-generacion-durante-el-montaje.jpg","contentUrl":"https:\/\/bydauto.com.co\/blog\/wp-content\/uploads\/2025\/09\/Celdas-de-la-bateria-blade-de-segunda-generacion-durante-el-montaje.jpg","width":776,"height":472,"caption":"Celdas de la bater\u00eda blade de segunda generaci\u00f3n durante el montaje"},{"@type":"BreadcrumbList","@id":"https:\/\/bydauto.com.co\/blog\/conoce-la-segunda-generacion-de-la-bateria-blade\/#breadcrumb","itemListElement":[{"@type":"ListItem","position":1,"name":"Home","item":"https:\/\/bydauto.com.co\/blog\/"},{"@type":"ListItem","position":2,"name":"\u00a1Conoce la segunda generaci\u00f3n de la bater\u00eda blade!"}]},{"@type":"WebSite","@id":"https:\/\/bydauto.com.co\/blog\/#website","url":"https:\/\/bydauto.com.co\/blog\/","name":"BYD Auto Colombia","description":"Te damos la bienvenida al blog oficial de BYD Auto Colombia.","publisher":{"@id":"https:\/\/bydauto.com.co\/blog\/#organization"},"potentialAction":[{"@type":"SearchAction","target":{"@type":"EntryPoint","urlTemplate":"https:\/\/bydauto.com.co\/blog\/?s={search_term_string}"},"query-input":{"@type":"PropertyValueSpecification","valueRequired":true,"valueName":"search_term_string"}}],"inLanguage":"es-CO"},{"@type":"Organization","@id":"https:\/\/bydauto.com.co\/blog\/#organization","name":"BYD Auto Colombia","url":"https:\/\/bydauto.com.co\/blog\/","logo":{"@type":"ImageObject","inLanguage":"es-CO","@id":"https:\/\/bydauto.com.co\/blog\/#\/schema\/logo\/image\/","url":"https:\/\/bydauto.com.co\/blog\/wp-content\/uploads\/2025\/10\/cropped-logo_oscuro_7862c2d25a.png","contentUrl":"https:\/\/bydauto.com.co\/blog\/wp-content\/uploads\/2025\/10\/cropped-logo_oscuro_7862c2d25a.png","width":1290,"height":250,"caption":"BYD Auto Colombia"},"image":{"@id":"https:\/\/bydauto.com.co\/blog\/#\/schema\/logo\/image\/"},"sameAs":["https:\/\/www.facebook.com\/BYDAutoColombia","https:\/\/www.instagram.com\/bydautocolombia\/","https:\/\/www.youtube.com\/channel\/UC5T2CarA3VHbF6buuvcWPXA"]},{"@type":"Person","@id":"https:\/\/bydauto.com.co\/blog\/#\/schema\/person\/97e38996cd8677f633cf07d20d82096f","name":"Daniel Torres","image":{"@type":"ImageObject","inLanguage":"es-CO","@id":"https:\/\/bydauto.com.co\/blog\/#\/schema\/person\/image\/","url":"https:\/\/secure.gravatar.com\/avatar\/460795ba393c7da1a1279ef49917f11f?s=96&d=mm&r=g","contentUrl":"https:\/\/secure.gravatar.com\/avatar\/460795ba393c7da1a1279ef49917f11f?s=96&d=mm&r=g","caption":"Daniel Torres"},"url":"https:\/\/bydauto.com.co\/blog\/author\/egt\/"}]}},"_links":{"self":[{"href":"https:\/\/bydauto.com.co\/blog\/wp-json\/wp\/v2\/posts\/2318"}],"collection":[{"href":"https:\/\/bydauto.com.co\/blog\/wp-json\/wp\/v2\/posts"}],"about":[{"href":"https:\/\/bydauto.com.co\/blog\/wp-json\/wp\/v2\/types\/post"}],"author":[{"embeddable":true,"href":"https:\/\/bydauto.com.co\/blog\/wp-json\/wp\/v2\/users\/4"}],"replies":[{"embeddable":true,"href":"https:\/\/bydauto.com.co\/blog\/wp-json\/wp\/v2\/comments?post=2318"}],"version-history":[{"count":1,"href":"https:\/\/bydauto.com.co\/blog\/wp-json\/wp\/v2\/posts\/2318\/revisions"}],"predecessor-version":[{"id":2321,"href":"https:\/\/bydauto.com.co\/blog\/wp-json\/wp\/v2\/posts\/2318\/revisions\/2321"}],"wp:featuredmedia":[{"embeddable":true,"href":"https:\/\/bydauto.com.co\/blog\/wp-json\/wp\/v2\/media\/2319"}],"wp:attachment":[{"href":"https:\/\/bydauto.com.co\/blog\/wp-json\/wp\/v2\/media?parent=2318"}],"wp:term":[{"taxonomy":"category","embeddable":true,"href":"https:\/\/bydauto.com.co\/blog\/wp-json\/wp\/v2\/categories?post=2318"},{"taxonomy":"post_tag","embeddable":true,"href":"https:\/\/bydauto.com.co\/blog\/wp-json\/wp\/v2\/tags?post=2318"}],"curies":[{"name":"wp","href":"https:\/\/api.w.org\/{rel}","templated":true}]}}