{"id":1908,"date":"2024-10-07T16:08:21","date_gmt":"2024-10-07T21:08:21","guid":{"rendered":"https:\/\/bydauto.com.co\/blog\/?p=1908"},"modified":"2024-10-07T16:08:22","modified_gmt":"2024-10-07T21:08:22","slug":"byd-celebra-la-apertura-de-su-fabrica-en-tailandia-y-su-automovil-electrico-numero-8-millones","status":"publish","type":"post","link":"https:\/\/bydauto.com.co\/blog\/byd-celebra-la-apertura-de-su-fabrica-en-tailandia-y-su-automovil-electrico-numero-8-millones\/","title":{"rendered":"BYD celebra la apertura de su f\u00e1brica en Tailandia y su autom\u00f3vil el\u00e9ctrico n\u00famero 8 millones\u00a0"},"content":{"rendered":"\n<figure class=\"wp-block-image size-full\"><img decoding=\"async\" src=\"https:\/\/bydauto.com.co\/blog\/wp-content\/uploads\/2024\/10\/imagen-de-celebracion-de-su-vehiculo-de-energias-renovables-numero-8-millones-1.jpg\" alt=\"imagen de celebraci\u00f3n de su veh\u00edculo de energ\u00edas renovables n\u00famero 8 millones\n\" class=\"wp-image-1910\"\/><\/figure>\n\n\n\n<h2 class=\"wp-block-heading\"><strong>El 4 de julio de este a\u00f1o, BYD alcanz\u00f3 dos logros significativos: la inauguraci\u00f3n de su planta en Tailandia y la producci\u00f3n de su autom\u00f3vil el\u00e9ctrico n\u00famero 8 millones.<\/strong> <strong>Esto demuestra su continua expansi\u00f3n global.\u00a0<\/strong><\/h2>\n\n\n\n<h3 class=\"wp-block-heading\"><strong>BYD impulsa su expansi\u00f3n global\u00a0<\/strong><\/h3>\n\n\n\n<p><strong>La marca ha reforzado su liderazgo en la industria de veh\u00edculos de nueva energ\u00eda<\/strong>. Por un lado,<strong> <\/strong> en el 2023 registr\u00f3 un crecimiento del 337% en exportaciones y ventas de 243,000 veh\u00edculos a nivel internacional.<strong> <\/strong><\/p>\n\n\n\n<p>Por otra parte, en el primer semestre, alcanz\u00f3 1.6 millones de unidades vendidas, consolid\u00e1ndose como la mayor empresa del sector. Adem\u00e1s de contar con presencia en 88 pa\u00edses y plantas estrat\u00e9gicas en Tailandia, Brasil, Hungr\u00eda y Uzbekist\u00e1n.\u00a0<\/p>\n\n\n\n<p>Un ejemplo destacado de su expansi\u00f3n es la reciente inauguraci\u00f3n de la planta en Tailandia. Esta f\u00e1brica no solo refuerza la presencia de BYD en la regi\u00f3n ASEAN, sino que tambi\u00e9n subraya la importancia de su inversi\u00f3n en el mercado tailand\u00e9s.&nbsp;&nbsp;<\/p>\n\n\n\n<p>Construida en solo 16 meses, tiene una capacidad anual de 150,000 veh\u00edculos y se espera que genere 10,000 empleos. Esta instalaci\u00f3n integra procesos de estampaci\u00f3n, pintura, soldadura, ensamblaje final y producci\u00f3n de componentes. Adem\u00e1s, de impulsar el desarrollo de la industria de veh\u00edculos de nueva energ\u00eda en este pa\u00eds y fortalecer los lazos entre China y Tailandia.&nbsp;&nbsp;<\/p>\n\n\n\n<p>Con un historial s\u00f3lido en el mercado tailand\u00e9s, la marca planea seguir lanzando nuevos modelos el\u00e9ctricos e h\u00edbridos, consolidando su posici\u00f3n como l\u00edder en ventas de veh\u00edculos el\u00e9ctricos en el pa\u00eds y continuando su crecimiento a nivel global.\u00a0<\/p>\n\n\n\n<p>Contin\u00faa leyendo: <a href=\"https:\/\/bydauto.com.co\/blog\/byd-autos-fabrico-el-carro-electrico-numero-7-millones\/\" target=\"_blank\" rel=\"noreferrer noopener\">BYD autos fabric\u00f3 el carro el\u00e9ctrico n\u00famero 7 millones<\/a>&nbsp;<\/p>\n\n\n\n<h3 class=\"wp-block-heading\"><strong>Producci\u00f3n de su autom\u00f3vil el\u00e9ctrico n\u00famero 8 millones\u00a0<\/strong><\/h3>\n\n\n\n<p>Otro logro que celebra la marca es la producci\u00f3n de su autom\u00f3vil el\u00e9ctrico n\u00famero 8 millones. El cual consolida su liderazgo en la transici\u00f3n hacia la sostenibilidad global. Desde que alcanz\u00f3 su primer mill\u00f3n de veh\u00edculos en 2021, BYD ha sido un ejemplo en la adopci\u00f3n de energ\u00edas renovables y en la reducci\u00f3n de la dependencia de los combustibles f\u00f3siles.\u00a0\u00a0<\/p>\n\n\n\n<p>Durante la ceremonia de inauguraci\u00f3n, donde se present\u00f3 su autom\u00f3vil el\u00e9ctrico, el Dolphin. En esta, participaron importantes figuras como la ministra de Industria de Tailandia, Pimphattra Wichaikul; el Embajador de China en Tailandia, Han Zhiqiang; y el presidente de BYD, Wang Chuanfu, entre otros altos ejecutivos.\u00a0<\/p>\n\n\n\n<p>La inauguraci\u00f3n de la planta en Tailandia, coincidiendo con la producci\u00f3n del veh\u00edculo n\u00famero 8 millones, es un claro ejemplo del compromiso de la empresa con la expansi\u00f3n global y la sostenibilidad.\u00a0\u00a0<\/p>\n\n\n\n<figure class=\"wp-block-image size-full\"><img decoding=\"async\" src=\"https:\/\/bydauto.com.co\/blog\/wp-content\/uploads\/2024\/10\/imagen-de-celebracion-de-su-vehiculo-de-energias-renovables-numero-8-millones-2.jpg\" alt=\"imagen de celebraci\u00f3n de su autom\u00f3vil el\u00e9ctrico n\u00famero 8 millones\n\n\" class=\"wp-image-1911\"\/><\/figure>\n\n\n\n<h3 class=\"wp-block-heading\"><strong>Liderazgo global y compromiso sostenible\u00a0<\/strong><\/h3>\n\n\n\n<p>BYD contin\u00faa fortaleciendo su liderazgo en veh\u00edculos de nueva energ\u00eda. <strong>Con la producci\u00f3n de su autom\u00f3vil el\u00e9ctrico 8 millones y su planta en Tailandia, reafirma su compromiso con un futuro m\u00e1s sostenible. <\/strong>Adem\u00e1s, de<strong> <\/strong>su capacidad para adaptarse al mercado y expandirse globalmente, junto con una creciente oferta de modelos el\u00e9ctricos e h\u00edbridos, que la posiciona como un actor clave en la revoluci\u00f3n energ\u00e9tica.&nbsp;<\/p>\n\n\n\n<p><strong>Mirando al futuro, la marca seguir\u00e1 aprovechando su tecnolog\u00eda avanzada y alianzas estrat\u00e9gicas para liderar el camino hacia una movilidad m\u00e1s limpia y reducir la dependencia de los combustibles f\u00f3siles.<\/strong>\u00a0<\/p>\n\n\n\n<p>Contin\u00faa leyendo: <a href=\"https:\/\/bydauto.com.co\/blog\/record-en-ventas-de-autos-electricos-a-nivel-mundial\/\" target=\"_blank\" rel=\"noreferrer noopener\">R\u00e9cord en ventas de autos el\u00e9ctricos a nivel mundial<\/a><strong><\/strong>&nbsp;<\/p>\n","protected":false},"excerpt":{"rendered":"<p>El 4 de julio de este a\u00f1o, BYD alcanz\u00f3 dos logros significativos: la inauguraci\u00f3n de su planta en Tailandia y la producci\u00f3n de su autom\u00f3vil el\u00e9ctrico n\u00famero 8 millones. Esto demuestra su continua expansi\u00f3n global.\u00a0 BYD impulsa su expansi\u00f3n global\u00a0 La marca ha reforzado su liderazgo en la industria de veh\u00edculos de nueva energ\u00eda. Por &hellip; <\/p>\n<p class=\"link-more\"><a href=\"https:\/\/bydauto.com.co\/blog\/byd-celebra-la-apertura-de-su-fabrica-en-tailandia-y-su-automovil-electrico-numero-8-millones\/\" class=\"more-link\">Seguir leyendo<span class=\"screen-reader-text\"> &#8220;BYD celebra la apertura de su f\u00e1brica en Tailandia y su autom\u00f3vil el\u00e9ctrico n\u00famero 8 millones\u00a0&#8220;<\/span><\/a><\/p>\n","protected":false},"author":2,"featured_media":1909,"comment_status":"open","ping_status":"open","sticky":false,"template":"","format":"standard","meta":{"footnotes":""},"categories":[5],"tags":[],"class_list":["post-1908","post","type-post","status-publish","format-standard","has-post-thumbnail","hentry","category-byd-internacional"],"yoast_head":"<!-- This site is optimized with the Yoast SEO plugin v23.6 - https:\/\/yoast.com\/wordpress\/plugins\/seo\/ -->\n<title>BYD celebra su autom\u00f3vil el\u00e9ctrico n\u00famero 8 millones producido<\/title>\n<meta name=\"description\" content=\"BYD refuerza su expansi\u00f3n global con una nueva planta en Tailandia y celebra la producci\u00f3n de su autom\u00f3vil el\u00e9ctrico n\u00famero 8 millones\" \/>\n<meta name=\"robots\" content=\"index, follow, max-snippet:-1, max-image-preview:large, max-video-preview:-1\" \/>\n<link rel=\"canonical\" href=\"https:\/\/bydauto.com.co\/blog\/byd-celebra-la-apertura-de-su-fabrica-en-tailandia-y-su-automovil-electrico-numero-8-millones\/\" \/>\n<meta property=\"og:locale\" content=\"es_ES\" \/>\n<meta property=\"og:type\" content=\"article\" \/>\n<meta property=\"og:title\" content=\"BYD celebra su autom\u00f3vil el\u00e9ctrico n\u00famero 8 millones producido\" \/>\n<meta property=\"og:description\" content=\"BYD refuerza su expansi\u00f3n global con una nueva planta en Tailandia y celebra la producci\u00f3n de su autom\u00f3vil el\u00e9ctrico n\u00famero 8 millones\" \/>\n<meta property=\"og:url\" content=\"https:\/\/bydauto.com.co\/blog\/byd-celebra-la-apertura-de-su-fabrica-en-tailandia-y-su-automovil-electrico-numero-8-millones\/\" \/>\n<meta property=\"og:site_name\" content=\"BYD Auto Colombia\" \/>\n<meta property=\"article:publisher\" content=\"https:\/\/www.facebook.com\/BYDAutoColombia\" \/>\n<meta property=\"article:published_time\" content=\"2024-10-07T21:08:21+00:00\" \/>\n<meta property=\"article:modified_time\" content=\"2024-10-07T21:08:22+00:00\" \/>\n<meta property=\"og:image\" content=\"https:\/\/bydauto.com.co\/blog\/wp-content\/uploads\/2024\/10\/imagen-de-celebracion-de-su-vehiculo-de-energias-renovables-numero-8-millones.jpg\" \/>\n\t<meta property=\"og:image:width\" content=\"768\" \/>\n\t<meta property=\"og:image:height\" content=\"464\" \/>\n\t<meta property=\"og:image:type\" content=\"image\/jpeg\" \/>\n<meta name=\"author\" content=\"Editor\" \/>\n<meta name=\"twitter:label1\" content=\"Escrito por\" \/>\n\t<meta name=\"twitter:data1\" content=\"Editor\" \/>\n\t<meta name=\"twitter:label2\" content=\"Tiempo de lectura\" \/>\n\t<meta name=\"twitter:data2\" content=\"3 minutos\" \/>\n<script type=\"application\/ld+json\" class=\"yoast-schema-graph\">{\"@context\":\"https:\/\/schema.org\",\"@graph\":[{\"@type\":\"Article\",\"@id\":\"https:\/\/bydauto.com.co\/blog\/byd-celebra-la-apertura-de-su-fabrica-en-tailandia-y-su-automovil-electrico-numero-8-millones\/#article\",\"isPartOf\":{\"@id\":\"https:\/\/bydauto.com.co\/blog\/byd-celebra-la-apertura-de-su-fabrica-en-tailandia-y-su-automovil-electrico-numero-8-millones\/\"},\"author\":{\"name\":\"Editor\",\"@id\":\"https:\/\/bydauto.com.co\/blog\/#\/schema\/person\/0b75a8448b9d269cdbf3fc8db15e1e2b\"},\"headline\":\"BYD celebra la apertura de su f\u00e1brica en Tailandia y su autom\u00f3vil el\u00e9ctrico n\u00famero 8 millones\u00a0\",\"datePublished\":\"2024-10-07T21:08:21+00:00\",\"dateModified\":\"2024-10-07T21:08:22+00:00\",\"mainEntityOfPage\":{\"@id\":\"https:\/\/bydauto.com.co\/blog\/byd-celebra-la-apertura-de-su-fabrica-en-tailandia-y-su-automovil-electrico-numero-8-millones\/\"},\"wordCount\":611,\"commentCount\":0,\"publisher\":{\"@id\":\"https:\/\/bydauto.com.co\/blog\/#organization\"},\"image\":{\"@id\":\"https:\/\/bydauto.com.co\/blog\/byd-celebra-la-apertura-de-su-fabrica-en-tailandia-y-su-automovil-electrico-numero-8-millones\/#primaryimage\"},\"thumbnailUrl\":\"https:\/\/bydauto.com.co\/blog\/wp-content\/uploads\/2024\/10\/imagen-de-celebracion-de-su-vehiculo-de-energias-renovables-numero-8-millones.jpg\",\"articleSection\":[\"BYD Internacional\"],\"inLanguage\":\"es-CO\",\"potentialAction\":[{\"@type\":\"CommentAction\",\"name\":\"Comment\",\"target\":[\"https:\/\/bydauto.com.co\/blog\/byd-celebra-la-apertura-de-su-fabrica-en-tailandia-y-su-automovil-electrico-numero-8-millones\/#respond\"]}]},{\"@type\":\"WebPage\",\"@id\":\"https:\/\/bydauto.com.co\/blog\/byd-celebra-la-apertura-de-su-fabrica-en-tailandia-y-su-automovil-electrico-numero-8-millones\/\",\"url\":\"https:\/\/bydauto.com.co\/blog\/byd-celebra-la-apertura-de-su-fabrica-en-tailandia-y-su-automovil-electrico-numero-8-millones\/\",\"name\":\"BYD celebra su autom\u00f3vil el\u00e9ctrico n\u00famero 8 millones producido\",\"isPartOf\":{\"@id\":\"https:\/\/bydauto.com.co\/blog\/#website\"},\"primaryImageOfPage\":{\"@id\":\"https:\/\/bydauto.com.co\/blog\/byd-celebra-la-apertura-de-su-fabrica-en-tailandia-y-su-automovil-electrico-numero-8-millones\/#primaryimage\"},\"image\":{\"@id\":\"https:\/\/bydauto.com.co\/blog\/byd-celebra-la-apertura-de-su-fabrica-en-tailandia-y-su-automovil-electrico-numero-8-millones\/#primaryimage\"},\"thumbnailUrl\":\"https:\/\/bydauto.com.co\/blog\/wp-content\/uploads\/2024\/10\/imagen-de-celebracion-de-su-vehiculo-de-energias-renovables-numero-8-millones.jpg\",\"datePublished\":\"2024-10-07T21:08:21+00:00\",\"dateModified\":\"2024-10-07T21:08:22+00:00\",\"description\":\"BYD refuerza su expansi\u00f3n global con una nueva planta en Tailandia y celebra la producci\u00f3n de su autom\u00f3vil el\u00e9ctrico n\u00famero 8 millones\",\"breadcrumb\":{\"@id\":\"https:\/\/bydauto.com.co\/blog\/byd-celebra-la-apertura-de-su-fabrica-en-tailandia-y-su-automovil-electrico-numero-8-millones\/#breadcrumb\"},\"inLanguage\":\"es-CO\",\"potentialAction\":[{\"@type\":\"ReadAction\",\"target\":[\"https:\/\/bydauto.com.co\/blog\/byd-celebra-la-apertura-de-su-fabrica-en-tailandia-y-su-automovil-electrico-numero-8-millones\/\"]}]},{\"@type\":\"ImageObject\",\"inLanguage\":\"es-CO\",\"@id\":\"https:\/\/bydauto.com.co\/blog\/byd-celebra-la-apertura-de-su-fabrica-en-tailandia-y-su-automovil-electrico-numero-8-millones\/#primaryimage\",\"url\":\"https:\/\/bydauto.com.co\/blog\/wp-content\/uploads\/2024\/10\/imagen-de-celebracion-de-su-vehiculo-de-energias-renovables-numero-8-millones.jpg\",\"contentUrl\":\"https:\/\/bydauto.com.co\/blog\/wp-content\/uploads\/2024\/10\/imagen-de-celebracion-de-su-vehiculo-de-energias-renovables-numero-8-millones.jpg\",\"width\":768,\"height\":464,\"caption\":\"imagen de celebraci\u00f3n de su veh\u00edculo de energ\u00edas renovables n\u00famero 8 millones\"},{\"@type\":\"BreadcrumbList\",\"@id\":\"https:\/\/bydauto.com.co\/blog\/byd-celebra-la-apertura-de-su-fabrica-en-tailandia-y-su-automovil-electrico-numero-8-millones\/#breadcrumb\",\"itemListElement\":[{\"@type\":\"ListItem\",\"position\":1,\"name\":\"Home\",\"item\":\"https:\/\/bydauto.com.co\/blog\/\"},{\"@type\":\"ListItem\",\"position\":2,\"name\":\"BYD celebra la apertura de su f\u00e1brica en Tailandia y su autom\u00f3vil el\u00e9ctrico n\u00famero 8 millones\u00a0\"}]},{\"@type\":\"WebSite\",\"@id\":\"https:\/\/bydauto.com.co\/blog\/#website\",\"url\":\"https:\/\/bydauto.com.co\/blog\/\",\"name\":\"BYD Auto Colombia\",\"description\":\"Te damos la bienvenida al blog oficial de BYD Auto Colombia.\",\"publisher\":{\"@id\":\"https:\/\/bydauto.com.co\/blog\/#organization\"},\"potentialAction\":[{\"@type\":\"SearchAction\",\"target\":{\"@type\":\"EntryPoint\",\"urlTemplate\":\"https:\/\/bydauto.com.co\/blog\/?s={search_term_string}\"},\"query-input\":{\"@type\":\"PropertyValueSpecification\",\"valueRequired\":true,\"valueName\":\"search_term_string\"}}],\"inLanguage\":\"es-CO\"},{\"@type\":\"Organization\",\"@id\":\"https:\/\/bydauto.com.co\/blog\/#organization\",\"name\":\"BYD Auto Colombia\",\"url\":\"https:\/\/bydauto.com.co\/blog\/\",\"logo\":{\"@type\":\"ImageObject\",\"inLanguage\":\"es-CO\",\"@id\":\"https:\/\/bydauto.com.co\/blog\/#\/schema\/logo\/image\/\",\"url\":\"https:\/\/bydauto.com.co\/blog\/wp-content\/uploads\/2025\/10\/cropped-logo_oscuro_7862c2d25a.png\",\"contentUrl\":\"https:\/\/bydauto.com.co\/blog\/wp-content\/uploads\/2025\/10\/cropped-logo_oscuro_7862c2d25a.png\",\"width\":1290,\"height\":250,\"caption\":\"BYD Auto Colombia\"},\"image\":{\"@id\":\"https:\/\/bydauto.com.co\/blog\/#\/schema\/logo\/image\/\"},\"sameAs\":[\"https:\/\/www.facebook.com\/BYDAutoColombia\",\"https:\/\/www.instagram.com\/bydautocolombia\/\",\"https:\/\/www.youtube.com\/channel\/UC5T2CarA3VHbF6buuvcWPXA\"]},{\"@type\":\"Person\",\"@id\":\"https:\/\/bydauto.com.co\/blog\/#\/schema\/person\/0b75a8448b9d269cdbf3fc8db15e1e2b\",\"name\":\"Editor\",\"image\":{\"@type\":\"ImageObject\",\"inLanguage\":\"es-CO\",\"@id\":\"https:\/\/bydauto.com.co\/blog\/#\/schema\/person\/image\/\",\"url\":\"https:\/\/secure.gravatar.com\/avatar\/bc676f09e6ed1940147fd5a06cffe208?s=96&d=mm&r=g\",\"contentUrl\":\"https:\/\/secure.gravatar.com\/avatar\/bc676f09e6ed1940147fd5a06cffe208?s=96&d=mm&r=g\",\"caption\":\"Editor\"},\"url\":\"https:\/\/bydauto.com.co\/blog\/author\/editor\/\"}]}<\/script>\n<!-- \/ Yoast SEO plugin. -->","yoast_head_json":{"title":"BYD celebra su autom\u00f3vil el\u00e9ctrico n\u00famero 8 millones producido","description":"BYD refuerza su expansi\u00f3n global con una nueva planta en Tailandia y celebra la producci\u00f3n de su autom\u00f3vil el\u00e9ctrico n\u00famero 8 millones","robots":{"index":"index","follow":"follow","max-snippet":"max-snippet:-1","max-image-preview":"max-image-preview:large","max-video-preview":"max-video-preview:-1"},"canonical":"https:\/\/bydauto.com.co\/blog\/byd-celebra-la-apertura-de-su-fabrica-en-tailandia-y-su-automovil-electrico-numero-8-millones\/","og_locale":"es_ES","og_type":"article","og_title":"BYD celebra su autom\u00f3vil el\u00e9ctrico n\u00famero 8 millones producido","og_description":"BYD refuerza su expansi\u00f3n global con una nueva planta en Tailandia y celebra la producci\u00f3n de su autom\u00f3vil el\u00e9ctrico n\u00famero 8 millones","og_url":"https:\/\/bydauto.com.co\/blog\/byd-celebra-la-apertura-de-su-fabrica-en-tailandia-y-su-automovil-electrico-numero-8-millones\/","og_site_name":"BYD Auto Colombia","article_publisher":"https:\/\/www.facebook.com\/BYDAutoColombia","article_published_time":"2024-10-07T21:08:21+00:00","article_modified_time":"2024-10-07T21:08:22+00:00","og_image":[{"width":768,"height":464,"url":"https:\/\/bydauto.com.co\/blog\/wp-content\/uploads\/2024\/10\/imagen-de-celebracion-de-su-vehiculo-de-energias-renovables-numero-8-millones.jpg","type":"image\/jpeg"}],"author":"Editor","twitter_misc":{"Escrito por":"Editor","Tiempo de lectura":"3 minutos"},"schema":{"@context":"https:\/\/schema.org","@graph":[{"@type":"Article","@id":"https:\/\/bydauto.com.co\/blog\/byd-celebra-la-apertura-de-su-fabrica-en-tailandia-y-su-automovil-electrico-numero-8-millones\/#article","isPartOf":{"@id":"https:\/\/bydauto.com.co\/blog\/byd-celebra-la-apertura-de-su-fabrica-en-tailandia-y-su-automovil-electrico-numero-8-millones\/"},"author":{"name":"Editor","@id":"https:\/\/bydauto.com.co\/blog\/#\/schema\/person\/0b75a8448b9d269cdbf3fc8db15e1e2b"},"headline":"BYD celebra la apertura de su f\u00e1brica en Tailandia y su autom\u00f3vil el\u00e9ctrico n\u00famero 8 millones\u00a0","datePublished":"2024-10-07T21:08:21+00:00","dateModified":"2024-10-07T21:08:22+00:00","mainEntityOfPage":{"@id":"https:\/\/bydauto.com.co\/blog\/byd-celebra-la-apertura-de-su-fabrica-en-tailandia-y-su-automovil-electrico-numero-8-millones\/"},"wordCount":611,"commentCount":0,"publisher":{"@id":"https:\/\/bydauto.com.co\/blog\/#organization"},"image":{"@id":"https:\/\/bydauto.com.co\/blog\/byd-celebra-la-apertura-de-su-fabrica-en-tailandia-y-su-automovil-electrico-numero-8-millones\/#primaryimage"},"thumbnailUrl":"https:\/\/bydauto.com.co\/blog\/wp-content\/uploads\/2024\/10\/imagen-de-celebracion-de-su-vehiculo-de-energias-renovables-numero-8-millones.jpg","articleSection":["BYD Internacional"],"inLanguage":"es-CO","potentialAction":[{"@type":"CommentAction","name":"Comment","target":["https:\/\/bydauto.com.co\/blog\/byd-celebra-la-apertura-de-su-fabrica-en-tailandia-y-su-automovil-electrico-numero-8-millones\/#respond"]}]},{"@type":"WebPage","@id":"https:\/\/bydauto.com.co\/blog\/byd-celebra-la-apertura-de-su-fabrica-en-tailandia-y-su-automovil-electrico-numero-8-millones\/","url":"https:\/\/bydauto.com.co\/blog\/byd-celebra-la-apertura-de-su-fabrica-en-tailandia-y-su-automovil-electrico-numero-8-millones\/","name":"BYD celebra su autom\u00f3vil el\u00e9ctrico n\u00famero 8 millones producido","isPartOf":{"@id":"https:\/\/bydauto.com.co\/blog\/#website"},"primaryImageOfPage":{"@id":"https:\/\/bydauto.com.co\/blog\/byd-celebra-la-apertura-de-su-fabrica-en-tailandia-y-su-automovil-electrico-numero-8-millones\/#primaryimage"},"image":{"@id":"https:\/\/bydauto.com.co\/blog\/byd-celebra-la-apertura-de-su-fabrica-en-tailandia-y-su-automovil-electrico-numero-8-millones\/#primaryimage"},"thumbnailUrl":"https:\/\/bydauto.com.co\/blog\/wp-content\/uploads\/2024\/10\/imagen-de-celebracion-de-su-vehiculo-de-energias-renovables-numero-8-millones.jpg","datePublished":"2024-10-07T21:08:21+00:00","dateModified":"2024-10-07T21:08:22+00:00","description":"BYD refuerza su expansi\u00f3n global con una nueva planta en Tailandia y celebra la producci\u00f3n de su autom\u00f3vil el\u00e9ctrico n\u00famero 8 millones","breadcrumb":{"@id":"https:\/\/bydauto.com.co\/blog\/byd-celebra-la-apertura-de-su-fabrica-en-tailandia-y-su-automovil-electrico-numero-8-millones\/#breadcrumb"},"inLanguage":"es-CO","potentialAction":[{"@type":"ReadAction","target":["https:\/\/bydauto.com.co\/blog\/byd-celebra-la-apertura-de-su-fabrica-en-tailandia-y-su-automovil-electrico-numero-8-millones\/"]}]},{"@type":"ImageObject","inLanguage":"es-CO","@id":"https:\/\/bydauto.com.co\/blog\/byd-celebra-la-apertura-de-su-fabrica-en-tailandia-y-su-automovil-electrico-numero-8-millones\/#primaryimage","url":"https:\/\/bydauto.com.co\/blog\/wp-content\/uploads\/2024\/10\/imagen-de-celebracion-de-su-vehiculo-de-energias-renovables-numero-8-millones.jpg","contentUrl":"https:\/\/bydauto.com.co\/blog\/wp-content\/uploads\/2024\/10\/imagen-de-celebracion-de-su-vehiculo-de-energias-renovables-numero-8-millones.jpg","width":768,"height":464,"caption":"imagen de celebraci\u00f3n de su veh\u00edculo de energ\u00edas renovables n\u00famero 8 millones"},{"@type":"BreadcrumbList","@id":"https:\/\/bydauto.com.co\/blog\/byd-celebra-la-apertura-de-su-fabrica-en-tailandia-y-su-automovil-electrico-numero-8-millones\/#breadcrumb","itemListElement":[{"@type":"ListItem","position":1,"name":"Home","item":"https:\/\/bydauto.com.co\/blog\/"},{"@type":"ListItem","position":2,"name":"BYD celebra la apertura de su f\u00e1brica en Tailandia y su autom\u00f3vil el\u00e9ctrico n\u00famero 8 millones\u00a0"}]},{"@type":"WebSite","@id":"https:\/\/bydauto.com.co\/blog\/#website","url":"https:\/\/bydauto.com.co\/blog\/","name":"BYD Auto Colombia","description":"Te damos la bienvenida al blog oficial de BYD Auto Colombia.","publisher":{"@id":"https:\/\/bydauto.com.co\/blog\/#organization"},"potentialAction":[{"@type":"SearchAction","target":{"@type":"EntryPoint","urlTemplate":"https:\/\/bydauto.com.co\/blog\/?s={search_term_string}"},"query-input":{"@type":"PropertyValueSpecification","valueRequired":true,"valueName":"search_term_string"}}],"inLanguage":"es-CO"},{"@type":"Organization","@id":"https:\/\/bydauto.com.co\/blog\/#organization","name":"BYD Auto Colombia","url":"https:\/\/bydauto.com.co\/blog\/","logo":{"@type":"ImageObject","inLanguage":"es-CO","@id":"https:\/\/bydauto.com.co\/blog\/#\/schema\/logo\/image\/","url":"https:\/\/bydauto.com.co\/blog\/wp-content\/uploads\/2025\/10\/cropped-logo_oscuro_7862c2d25a.png","contentUrl":"https:\/\/bydauto.com.co\/blog\/wp-content\/uploads\/2025\/10\/cropped-logo_oscuro_7862c2d25a.png","width":1290,"height":250,"caption":"BYD Auto Colombia"},"image":{"@id":"https:\/\/bydauto.com.co\/blog\/#\/schema\/logo\/image\/"},"sameAs":["https:\/\/www.facebook.com\/BYDAutoColombia","https:\/\/www.instagram.com\/bydautocolombia\/","https:\/\/www.youtube.com\/channel\/UC5T2CarA3VHbF6buuvcWPXA"]},{"@type":"Person","@id":"https:\/\/bydauto.com.co\/blog\/#\/schema\/person\/0b75a8448b9d269cdbf3fc8db15e1e2b","name":"Editor","image":{"@type":"ImageObject","inLanguage":"es-CO","@id":"https:\/\/bydauto.com.co\/blog\/#\/schema\/person\/image\/","url":"https:\/\/secure.gravatar.com\/avatar\/bc676f09e6ed1940147fd5a06cffe208?s=96&d=mm&r=g","contentUrl":"https:\/\/secure.gravatar.com\/avatar\/bc676f09e6ed1940147fd5a06cffe208?s=96&d=mm&r=g","caption":"Editor"},"url":"https:\/\/bydauto.com.co\/blog\/author\/editor\/"}]}},"_links":{"self":[{"href":"https:\/\/bydauto.com.co\/blog\/wp-json\/wp\/v2\/posts\/1908"}],"collection":[{"href":"https:\/\/bydauto.com.co\/blog\/wp-json\/wp\/v2\/posts"}],"about":[{"href":"https:\/\/bydauto.com.co\/blog\/wp-json\/wp\/v2\/types\/post"}],"author":[{"embeddable":true,"href":"https:\/\/bydauto.com.co\/blog\/wp-json\/wp\/v2\/users\/2"}],"replies":[{"embeddable":true,"href":"https:\/\/bydauto.com.co\/blog\/wp-json\/wp\/v2\/comments?post=1908"}],"version-history":[{"count":5,"href":"https:\/\/bydauto.com.co\/blog\/wp-json\/wp\/v2\/posts\/1908\/revisions"}],"predecessor-version":[{"id":1918,"href":"https:\/\/bydauto.com.co\/blog\/wp-json\/wp\/v2\/posts\/1908\/revisions\/1918"}],"wp:featuredmedia":[{"embeddable":true,"href":"https:\/\/bydauto.com.co\/blog\/wp-json\/wp\/v2\/media\/1909"}],"wp:attachment":[{"href":"https:\/\/bydauto.com.co\/blog\/wp-json\/wp\/v2\/media?parent=1908"}],"wp:term":[{"taxonomy":"category","embeddable":true,"href":"https:\/\/bydauto.com.co\/blog\/wp-json\/wp\/v2\/categories?post=1908"},{"taxonomy":"post_tag","embeddable":true,"href":"https:\/\/bydauto.com.co\/blog\/wp-json\/wp\/v2\/tags?post=1908"}],"curies":[{"name":"wp","href":"https:\/\/api.w.org\/{rel}","templated":true}]}}