{"id":1789,"date":"2024-07-02T14:43:53","date_gmt":"2024-07-02T19:43:53","guid":{"rendered":"https:\/\/bydauto.com.co\/blog\/?p=1789"},"modified":"2024-07-02T15:43:29","modified_gmt":"2024-07-02T20:43:29","slug":"byd-autos-se-une-a-la-conmebol-copa-america-2024","status":"publish","type":"post","link":"https:\/\/bydauto.com.co\/blog\/byd-autos-se-une-a-la-conmebol-copa-america-2024\/","title":{"rendered":"BYD autos se une a la CONMEBOL Copa Am\u00e9rica 2024 como patrocinador oficial"},"content":{"rendered":"\n<figure class=\"wp-block-image size-large\"><img loading=\"lazy\" decoding=\"async\" width=\"768\" height=\"464\" src=\"https:\/\/bydauto.com.co\/blog\/wp-content\/uploads\/2024\/07\/BYD-patrocinador-de-la-Copa-Am\u00e9rica.jpg\" alt=\"BYD autos patrocinador de la Copa Am\u00e9rica \" class=\"wp-image-1790\" srcset=\"https:\/\/bydauto.com.co\/blog\/wp-content\/uploads\/2024\/07\/BYD-patrocinador-de-la-Copa-Am\u00e9rica.jpg 768w, https:\/\/bydauto.com.co\/blog\/wp-content\/uploads\/2024\/07\/BYD-patrocinador-de-la-Copa-Am\u00e9rica-300x181.jpg 300w\" sizes=\"(max-width: 767px) 89vw, (max-width: 1000px) 54vw, (max-width: 1071px) 543px, 580px\" \/><\/figure>\n\n\n\n<h2 class=\"wp-block-heading\"><strong>BYD autos anunci\u00f3 oficialmente su asociaci\u00f3n con la Conmebol como patrocinador oficial de la Copa Am\u00e9rica 2024.&nbsp;<\/strong><\/h2>\n\n\n\n<p>Esto la convierte en la primera marca de veh\u00edculos el\u00e9ctricos en patrocinar el prestigioso torneo. BYD autos aprovech\u00f3 la final de la Copa Libertadores 2023, un evento de gran magnitud que captur\u00f3 la atenci\u00f3n de millones de personas en todo el continente, para realizar este anuncio.<\/p>\n\n\n\n<p>Esta alianza tambi\u00e9n facilita el acceso a nuevos mercados en Am\u00e9rica Latina, donde la empresa est\u00e1 en plena expansi\u00f3n. Adem\u00e1s, proporciona una plataforma ideal para fidelizar a sus clientes actuales a trav\u00e9s de experiencias \u00fanicas y emocionantes.<\/p>\n\n\n\n<h3 class=\"wp-block-heading\"><strong>Expectativas y entusiasmo en el mundo del f\u00fatbol<\/strong><\/h3>\n\n\n\n<p>La Copa Am\u00e9rica despierta pasiones y emociones en millones de aficionados de todo el continente. Los cuales se re\u00fanen para celebrar el f\u00fatbol y apoyar a sus selecciones. Este torneo fortalece el sentido de identidad regional y tiene un impacto econ\u00f3mico considerable en las ciudades y pa\u00edses anfitriones. De igual forma, atrae a miles de turistas, genera empleos y promueve el desarrollo de la infraestructura local.<\/p>\n\n\n\n<p><strong>Este patrocinio busca promover la movilidad sostenible en Am\u00e9rica Latina. Asimismo, ofrece a los aficionados la oportunidad de conocer m\u00e1s sobre las acciones sostenibles de BYD.<\/strong><\/p>\n\n\n\n<figure class=\"wp-block-image size-large\"><img loading=\"lazy\" decoding=\"async\" width=\"768\" height=\"464\" src=\"https:\/\/bydauto.com.co\/blog\/wp-content\/uploads\/2024\/07\/BYD-autos-patrocinador-de-la-Copa-Am\u00e9rica.jpg\" alt=\"BYD autos patrocinador de la Copa Am\u00e9rica \" class=\"wp-image-1792\" srcset=\"https:\/\/bydauto.com.co\/blog\/wp-content\/uploads\/2024\/07\/BYD-autos-patrocinador-de-la-Copa-Am\u00e9rica.jpg 768w, https:\/\/bydauto.com.co\/blog\/wp-content\/uploads\/2024\/07\/BYD-autos-patrocinador-de-la-Copa-Am\u00e9rica-300x181.jpg 300w\" sizes=\"(max-width: 767px) 89vw, (max-width: 1000px) 54vw, (max-width: 1071px) 543px, 580px\" \/><\/figure>\n\n\n\n<p>Tambi\u00e9n puede interesarte: <a href=\"https:\/\/bydauto.com.co\/blog\/los-carros-electricos-de-byd-entre-los-finalistas-de-los-world-car-awards-2024\/\">Los carros el\u00e9ctricos de BYD entre los finalistas de los World Car Awards 2024<\/a><\/p>\n\n\n\n<h3 class=\"wp-block-heading\"><strong>BYD autos expande su estrategia para liderar el mercado en Am\u00e9rica Latina<\/strong><\/h3>\n\n\n\n<p>BYD ha implementado una estrategia de expansi\u00f3n s\u00f3lida en Am\u00e9rica Latina, estableciendo operaciones en pa\u00edses clave como Brasil, Chile, Colombia, M\u00e9xico y Uruguay. Gracias a estos esfuerzos, la empresa ha logrado un crecimiento significativo, posicion\u00e1ndose como l\u00edder en el mercado de veh\u00edculos electrificados en regiones como Brasil y Chile.&nbsp;<\/p>\n\n\n\n<p><strong>Con objetivos ambiciosos, BYD autos busca consolidar su liderazgo en el mercado latinoamericano con sus veh\u00edculos el\u00e9ctricos y expandir su presencia en otros segmentos del mercado automotriz.&nbsp;<\/strong><\/p>\n\n\n\n<h3 class=\"wp-block-heading\"><strong>Liderando el camino hacia la sostenibilidad<\/strong><\/h3>\n\n\n\n<p>El patrocinio de eventos deportivos, especialmente en el f\u00fatbol, tiene un impacto significativo en el reconocimiento, visibilidad y reputaci\u00f3n de las marcas. La Copa Am\u00e9rica, con su audiencia global de millones de personas, ofrece una plataforma poderosa para que BYD llegue a nuevos clientes potenciales.&nbsp;<\/p>\n\n\n\n<p>Adem\u00e1s, en un contexto donde la sostenibilidad es una preocupaci\u00f3n global, BYD autos tiene la oportunidad de destacar su responsabilidad con el medio ambiente a trav\u00e9s de iniciativas innovadoras durante su patrocinio. Este enfoque no solo fortalece la marca, sino que tambi\u00e9n refuerza su liderazgo en la fabricaci\u00f3n de veh\u00edculos el\u00e9ctricos y su compromiso con la preservaci\u00f3n ambiental.<\/p>\n\n\n\n<p><br>Contin\u00faa leyendo: <a href=\"https:\/\/bydauto.com.co\/blog\/byd-autos-se-une-al-campeonato-sostenible\/\">La UEFA Euro 2024 tiene un nuevo patrocinador oficial: BYD autos se une al campeonato sostenible<\/a><\/p>\n","protected":false},"excerpt":{"rendered":"<p>BYD autos anunci\u00f3 oficialmente su asociaci\u00f3n con la Conmebol como patrocinador oficial de la Copa Am\u00e9rica 2024.&nbsp; Esto la convierte en la primera marca de veh\u00edculos el\u00e9ctricos en patrocinar el prestigioso torneo. BYD autos aprovech\u00f3 la final de la Copa Libertadores 2023, un evento de gran magnitud que captur\u00f3 la atenci\u00f3n de millones de personas &hellip; <\/p>\n<p class=\"link-more\"><a href=\"https:\/\/bydauto.com.co\/blog\/byd-autos-se-une-a-la-conmebol-copa-america-2024\/\" class=\"more-link\">Seguir leyendo<span class=\"screen-reader-text\"> &#8220;BYD autos se une a la CONMEBOL Copa Am\u00e9rica 2024 como patrocinador oficial&#8221;<\/span><\/a><\/p>\n","protected":false},"author":2,"featured_media":1791,"comment_status":"open","ping_status":"open","sticky":false,"template":"","format":"standard","meta":{"footnotes":""},"categories":[5],"tags":[],"class_list":["post-1789","post","type-post","status-publish","format-standard","has-post-thumbnail","hentry","category-byd-internacional"],"yoast_head":"<!-- This site is optimized with the Yoast SEO plugin v23.6 - https:\/\/yoast.com\/wordpress\/plugins\/seo\/ -->\n<title>BYD autos es patrocinador oficial de la CONMEBOL Copa Am\u00e9rica<\/title>\n<meta name=\"description\" content=\"Con un firme compromiso en promover la movilidad sostenible, BYD autos se convierte en patrocinador de la CONMEBOL Copa Am\u00e9rica 2024\" \/>\n<meta name=\"robots\" content=\"index, follow, max-snippet:-1, max-image-preview:large, max-video-preview:-1\" \/>\n<link rel=\"canonical\" href=\"https:\/\/bydauto.com.co\/blog\/byd-autos-se-une-a-la-conmebol-copa-america-2024\/\" \/>\n<meta property=\"og:locale\" content=\"es_ES\" \/>\n<meta property=\"og:type\" content=\"article\" \/>\n<meta property=\"og:title\" content=\"BYD autos es patrocinador oficial de la CONMEBOL Copa Am\u00e9rica\" \/>\n<meta property=\"og:description\" content=\"Con un firme compromiso en promover la movilidad sostenible, BYD autos se convierte en patrocinador de la CONMEBOL Copa Am\u00e9rica 2024\" \/>\n<meta property=\"og:url\" content=\"https:\/\/bydauto.com.co\/blog\/byd-autos-se-une-a-la-conmebol-copa-america-2024\/\" \/>\n<meta property=\"og:site_name\" content=\"BYD Auto Colombia\" \/>\n<meta property=\"article:publisher\" content=\"https:\/\/www.facebook.com\/BYDAutoColombia\" \/>\n<meta property=\"article:published_time\" content=\"2024-07-02T19:43:53+00:00\" \/>\n<meta property=\"article:modified_time\" content=\"2024-07-02T20:43:29+00:00\" \/>\n<meta property=\"og:image\" content=\"https:\/\/bydauto.com.co\/blog\/wp-content\/uploads\/2024\/07\/BYD-patrocinador-de-la-Copa-Am\u00e9rica-1.jpg\" \/>\n\t<meta property=\"og:image:width\" content=\"768\" \/>\n\t<meta property=\"og:image:height\" content=\"464\" \/>\n\t<meta property=\"og:image:type\" content=\"image\/jpeg\" \/>\n<meta name=\"author\" content=\"Editor\" \/>\n<meta name=\"twitter:label1\" content=\"Escrito por\" \/>\n\t<meta name=\"twitter:data1\" content=\"Editor\" \/>\n\t<meta name=\"twitter:label2\" content=\"Tiempo de lectura\" \/>\n\t<meta name=\"twitter:data2\" content=\"2 minutos\" \/>\n<script type=\"application\/ld+json\" class=\"yoast-schema-graph\">{\"@context\":\"https:\/\/schema.org\",\"@graph\":[{\"@type\":\"Article\",\"@id\":\"https:\/\/bydauto.com.co\/blog\/byd-autos-se-une-a-la-conmebol-copa-america-2024\/#article\",\"isPartOf\":{\"@id\":\"https:\/\/bydauto.com.co\/blog\/byd-autos-se-une-a-la-conmebol-copa-america-2024\/\"},\"author\":{\"name\":\"Editor\",\"@id\":\"https:\/\/bydauto.com.co\/blog\/#\/schema\/person\/0b75a8448b9d269cdbf3fc8db15e1e2b\"},\"headline\":\"BYD autos se une a la CONMEBOL Copa Am\u00e9rica 2024 como patrocinador oficial\",\"datePublished\":\"2024-07-02T19:43:53+00:00\",\"dateModified\":\"2024-07-02T20:43:29+00:00\",\"mainEntityOfPage\":{\"@id\":\"https:\/\/bydauto.com.co\/blog\/byd-autos-se-une-a-la-conmebol-copa-america-2024\/\"},\"wordCount\":488,\"commentCount\":0,\"publisher\":{\"@id\":\"https:\/\/bydauto.com.co\/blog\/#organization\"},\"image\":{\"@id\":\"https:\/\/bydauto.com.co\/blog\/byd-autos-se-une-a-la-conmebol-copa-america-2024\/#primaryimage\"},\"thumbnailUrl\":\"https:\/\/bydauto.com.co\/blog\/wp-content\/uploads\/2024\/07\/BYD-patrocinador-de-la-Copa-Am\u00e9rica-1.jpg\",\"articleSection\":[\"BYD Internacional\"],\"inLanguage\":\"es-CO\",\"potentialAction\":[{\"@type\":\"CommentAction\",\"name\":\"Comment\",\"target\":[\"https:\/\/bydauto.com.co\/blog\/byd-autos-se-une-a-la-conmebol-copa-america-2024\/#respond\"]}]},{\"@type\":\"WebPage\",\"@id\":\"https:\/\/bydauto.com.co\/blog\/byd-autos-se-une-a-la-conmebol-copa-america-2024\/\",\"url\":\"https:\/\/bydauto.com.co\/blog\/byd-autos-se-une-a-la-conmebol-copa-america-2024\/\",\"name\":\"BYD autos es patrocinador oficial de la CONMEBOL Copa Am\u00e9rica\",\"isPartOf\":{\"@id\":\"https:\/\/bydauto.com.co\/blog\/#website\"},\"primaryImageOfPage\":{\"@id\":\"https:\/\/bydauto.com.co\/blog\/byd-autos-se-une-a-la-conmebol-copa-america-2024\/#primaryimage\"},\"image\":{\"@id\":\"https:\/\/bydauto.com.co\/blog\/byd-autos-se-une-a-la-conmebol-copa-america-2024\/#primaryimage\"},\"thumbnailUrl\":\"https:\/\/bydauto.com.co\/blog\/wp-content\/uploads\/2024\/07\/BYD-patrocinador-de-la-Copa-Am\u00e9rica-1.jpg\",\"datePublished\":\"2024-07-02T19:43:53+00:00\",\"dateModified\":\"2024-07-02T20:43:29+00:00\",\"description\":\"Con un firme compromiso en promover la movilidad sostenible, BYD autos se convierte en patrocinador de la CONMEBOL Copa Am\u00e9rica 2024\",\"breadcrumb\":{\"@id\":\"https:\/\/bydauto.com.co\/blog\/byd-autos-se-une-a-la-conmebol-copa-america-2024\/#breadcrumb\"},\"inLanguage\":\"es-CO\",\"potentialAction\":[{\"@type\":\"ReadAction\",\"target\":[\"https:\/\/bydauto.com.co\/blog\/byd-autos-se-une-a-la-conmebol-copa-america-2024\/\"]}]},{\"@type\":\"ImageObject\",\"inLanguage\":\"es-CO\",\"@id\":\"https:\/\/bydauto.com.co\/blog\/byd-autos-se-une-a-la-conmebol-copa-america-2024\/#primaryimage\",\"url\":\"https:\/\/bydauto.com.co\/blog\/wp-content\/uploads\/2024\/07\/BYD-patrocinador-de-la-Copa-Am\u00e9rica-1.jpg\",\"contentUrl\":\"https:\/\/bydauto.com.co\/blog\/wp-content\/uploads\/2024\/07\/BYD-patrocinador-de-la-Copa-Am\u00e9rica-1.jpg\",\"width\":768,\"height\":464,\"caption\":\"BYD autos patrocinador de la Copa Am\u00e9rica\"},{\"@type\":\"BreadcrumbList\",\"@id\":\"https:\/\/bydauto.com.co\/blog\/byd-autos-se-une-a-la-conmebol-copa-america-2024\/#breadcrumb\",\"itemListElement\":[{\"@type\":\"ListItem\",\"position\":1,\"name\":\"Home\",\"item\":\"https:\/\/bydauto.com.co\/blog\/\"},{\"@type\":\"ListItem\",\"position\":2,\"name\":\"BYD autos se une a la CONMEBOL Copa Am\u00e9rica 2024 como patrocinador oficial\"}]},{\"@type\":\"WebSite\",\"@id\":\"https:\/\/bydauto.com.co\/blog\/#website\",\"url\":\"https:\/\/bydauto.com.co\/blog\/\",\"name\":\"BYD Auto Colombia\",\"description\":\"Te damos la bienvenida al blog oficial de BYD Auto Colombia.\",\"publisher\":{\"@id\":\"https:\/\/bydauto.com.co\/blog\/#organization\"},\"potentialAction\":[{\"@type\":\"SearchAction\",\"target\":{\"@type\":\"EntryPoint\",\"urlTemplate\":\"https:\/\/bydauto.com.co\/blog\/?s={search_term_string}\"},\"query-input\":{\"@type\":\"PropertyValueSpecification\",\"valueRequired\":true,\"valueName\":\"search_term_string\"}}],\"inLanguage\":\"es-CO\"},{\"@type\":\"Organization\",\"@id\":\"https:\/\/bydauto.com.co\/blog\/#organization\",\"name\":\"BYD Auto Colombia\",\"url\":\"https:\/\/bydauto.com.co\/blog\/\",\"logo\":{\"@type\":\"ImageObject\",\"inLanguage\":\"es-CO\",\"@id\":\"https:\/\/bydauto.com.co\/blog\/#\/schema\/logo\/image\/\",\"url\":\"https:\/\/bydauto.com.co\/blog\/wp-content\/uploads\/2025\/10\/cropped-logo_oscuro_7862c2d25a.png\",\"contentUrl\":\"https:\/\/bydauto.com.co\/blog\/wp-content\/uploads\/2025\/10\/cropped-logo_oscuro_7862c2d25a.png\",\"width\":1290,\"height\":250,\"caption\":\"BYD Auto Colombia\"},\"image\":{\"@id\":\"https:\/\/bydauto.com.co\/blog\/#\/schema\/logo\/image\/\"},\"sameAs\":[\"https:\/\/www.facebook.com\/BYDAutoColombia\",\"https:\/\/www.instagram.com\/bydautocolombia\/\",\"https:\/\/www.youtube.com\/channel\/UC5T2CarA3VHbF6buuvcWPXA\"]},{\"@type\":\"Person\",\"@id\":\"https:\/\/bydauto.com.co\/blog\/#\/schema\/person\/0b75a8448b9d269cdbf3fc8db15e1e2b\",\"name\":\"Editor\",\"image\":{\"@type\":\"ImageObject\",\"inLanguage\":\"es-CO\",\"@id\":\"https:\/\/bydauto.com.co\/blog\/#\/schema\/person\/image\/\",\"url\":\"https:\/\/secure.gravatar.com\/avatar\/bc676f09e6ed1940147fd5a06cffe208?s=96&d=mm&r=g\",\"contentUrl\":\"https:\/\/secure.gravatar.com\/avatar\/bc676f09e6ed1940147fd5a06cffe208?s=96&d=mm&r=g\",\"caption\":\"Editor\"},\"url\":\"https:\/\/bydauto.com.co\/blog\/author\/editor\/\"}]}<\/script>\n<!-- \/ Yoast SEO plugin. -->","yoast_head_json":{"title":"BYD autos es patrocinador oficial de la CONMEBOL Copa Am\u00e9rica","description":"Con un firme compromiso en promover la movilidad sostenible, BYD autos se convierte en patrocinador de la CONMEBOL Copa Am\u00e9rica 2024","robots":{"index":"index","follow":"follow","max-snippet":"max-snippet:-1","max-image-preview":"max-image-preview:large","max-video-preview":"max-video-preview:-1"},"canonical":"https:\/\/bydauto.com.co\/blog\/byd-autos-se-une-a-la-conmebol-copa-america-2024\/","og_locale":"es_ES","og_type":"article","og_title":"BYD autos es patrocinador oficial de la CONMEBOL Copa Am\u00e9rica","og_description":"Con un firme compromiso en promover la movilidad sostenible, BYD autos se convierte en patrocinador de la CONMEBOL Copa Am\u00e9rica 2024","og_url":"https:\/\/bydauto.com.co\/blog\/byd-autos-se-une-a-la-conmebol-copa-america-2024\/","og_site_name":"BYD Auto Colombia","article_publisher":"https:\/\/www.facebook.com\/BYDAutoColombia","article_published_time":"2024-07-02T19:43:53+00:00","article_modified_time":"2024-07-02T20:43:29+00:00","og_image":[{"width":768,"height":464,"url":"https:\/\/bydauto.com.co\/blog\/wp-content\/uploads\/2024\/07\/BYD-patrocinador-de-la-Copa-Am\u00e9rica-1.jpg","type":"image\/jpeg"}],"author":"Editor","twitter_misc":{"Escrito por":"Editor","Tiempo de lectura":"2 minutos"},"schema":{"@context":"https:\/\/schema.org","@graph":[{"@type":"Article","@id":"https:\/\/bydauto.com.co\/blog\/byd-autos-se-une-a-la-conmebol-copa-america-2024\/#article","isPartOf":{"@id":"https:\/\/bydauto.com.co\/blog\/byd-autos-se-une-a-la-conmebol-copa-america-2024\/"},"author":{"name":"Editor","@id":"https:\/\/bydauto.com.co\/blog\/#\/schema\/person\/0b75a8448b9d269cdbf3fc8db15e1e2b"},"headline":"BYD autos se une a la CONMEBOL Copa Am\u00e9rica 2024 como patrocinador oficial","datePublished":"2024-07-02T19:43:53+00:00","dateModified":"2024-07-02T20:43:29+00:00","mainEntityOfPage":{"@id":"https:\/\/bydauto.com.co\/blog\/byd-autos-se-une-a-la-conmebol-copa-america-2024\/"},"wordCount":488,"commentCount":0,"publisher":{"@id":"https:\/\/bydauto.com.co\/blog\/#organization"},"image":{"@id":"https:\/\/bydauto.com.co\/blog\/byd-autos-se-une-a-la-conmebol-copa-america-2024\/#primaryimage"},"thumbnailUrl":"https:\/\/bydauto.com.co\/blog\/wp-content\/uploads\/2024\/07\/BYD-patrocinador-de-la-Copa-Am\u00e9rica-1.jpg","articleSection":["BYD Internacional"],"inLanguage":"es-CO","potentialAction":[{"@type":"CommentAction","name":"Comment","target":["https:\/\/bydauto.com.co\/blog\/byd-autos-se-une-a-la-conmebol-copa-america-2024\/#respond"]}]},{"@type":"WebPage","@id":"https:\/\/bydauto.com.co\/blog\/byd-autos-se-une-a-la-conmebol-copa-america-2024\/","url":"https:\/\/bydauto.com.co\/blog\/byd-autos-se-une-a-la-conmebol-copa-america-2024\/","name":"BYD autos es patrocinador oficial de la CONMEBOL Copa Am\u00e9rica","isPartOf":{"@id":"https:\/\/bydauto.com.co\/blog\/#website"},"primaryImageOfPage":{"@id":"https:\/\/bydauto.com.co\/blog\/byd-autos-se-une-a-la-conmebol-copa-america-2024\/#primaryimage"},"image":{"@id":"https:\/\/bydauto.com.co\/blog\/byd-autos-se-une-a-la-conmebol-copa-america-2024\/#primaryimage"},"thumbnailUrl":"https:\/\/bydauto.com.co\/blog\/wp-content\/uploads\/2024\/07\/BYD-patrocinador-de-la-Copa-Am\u00e9rica-1.jpg","datePublished":"2024-07-02T19:43:53+00:00","dateModified":"2024-07-02T20:43:29+00:00","description":"Con un firme compromiso en promover la movilidad sostenible, BYD autos se convierte en patrocinador de la CONMEBOL Copa Am\u00e9rica 2024","breadcrumb":{"@id":"https:\/\/bydauto.com.co\/blog\/byd-autos-se-une-a-la-conmebol-copa-america-2024\/#breadcrumb"},"inLanguage":"es-CO","potentialAction":[{"@type":"ReadAction","target":["https:\/\/bydauto.com.co\/blog\/byd-autos-se-une-a-la-conmebol-copa-america-2024\/"]}]},{"@type":"ImageObject","inLanguage":"es-CO","@id":"https:\/\/bydauto.com.co\/blog\/byd-autos-se-une-a-la-conmebol-copa-america-2024\/#primaryimage","url":"https:\/\/bydauto.com.co\/blog\/wp-content\/uploads\/2024\/07\/BYD-patrocinador-de-la-Copa-Am\u00e9rica-1.jpg","contentUrl":"https:\/\/bydauto.com.co\/blog\/wp-content\/uploads\/2024\/07\/BYD-patrocinador-de-la-Copa-Am\u00e9rica-1.jpg","width":768,"height":464,"caption":"BYD autos patrocinador de la Copa Am\u00e9rica"},{"@type":"BreadcrumbList","@id":"https:\/\/bydauto.com.co\/blog\/byd-autos-se-une-a-la-conmebol-copa-america-2024\/#breadcrumb","itemListElement":[{"@type":"ListItem","position":1,"name":"Home","item":"https:\/\/bydauto.com.co\/blog\/"},{"@type":"ListItem","position":2,"name":"BYD autos se une a la CONMEBOL Copa Am\u00e9rica 2024 como patrocinador oficial"}]},{"@type":"WebSite","@id":"https:\/\/bydauto.com.co\/blog\/#website","url":"https:\/\/bydauto.com.co\/blog\/","name":"BYD Auto Colombia","description":"Te damos la bienvenida al blog oficial de BYD Auto Colombia.","publisher":{"@id":"https:\/\/bydauto.com.co\/blog\/#organization"},"potentialAction":[{"@type":"SearchAction","target":{"@type":"EntryPoint","urlTemplate":"https:\/\/bydauto.com.co\/blog\/?s={search_term_string}"},"query-input":{"@type":"PropertyValueSpecification","valueRequired":true,"valueName":"search_term_string"}}],"inLanguage":"es-CO"},{"@type":"Organization","@id":"https:\/\/bydauto.com.co\/blog\/#organization","name":"BYD Auto Colombia","url":"https:\/\/bydauto.com.co\/blog\/","logo":{"@type":"ImageObject","inLanguage":"es-CO","@id":"https:\/\/bydauto.com.co\/blog\/#\/schema\/logo\/image\/","url":"https:\/\/bydauto.com.co\/blog\/wp-content\/uploads\/2025\/10\/cropped-logo_oscuro_7862c2d25a.png","contentUrl":"https:\/\/bydauto.com.co\/blog\/wp-content\/uploads\/2025\/10\/cropped-logo_oscuro_7862c2d25a.png","width":1290,"height":250,"caption":"BYD Auto Colombia"},"image":{"@id":"https:\/\/bydauto.com.co\/blog\/#\/schema\/logo\/image\/"},"sameAs":["https:\/\/www.facebook.com\/BYDAutoColombia","https:\/\/www.instagram.com\/bydautocolombia\/","https:\/\/www.youtube.com\/channel\/UC5T2CarA3VHbF6buuvcWPXA"]},{"@type":"Person","@id":"https:\/\/bydauto.com.co\/blog\/#\/schema\/person\/0b75a8448b9d269cdbf3fc8db15e1e2b","name":"Editor","image":{"@type":"ImageObject","inLanguage":"es-CO","@id":"https:\/\/bydauto.com.co\/blog\/#\/schema\/person\/image\/","url":"https:\/\/secure.gravatar.com\/avatar\/bc676f09e6ed1940147fd5a06cffe208?s=96&d=mm&r=g","contentUrl":"https:\/\/secure.gravatar.com\/avatar\/bc676f09e6ed1940147fd5a06cffe208?s=96&d=mm&r=g","caption":"Editor"},"url":"https:\/\/bydauto.com.co\/blog\/author\/editor\/"}]}},"_links":{"self":[{"href":"https:\/\/bydauto.com.co\/blog\/wp-json\/wp\/v2\/posts\/1789"}],"collection":[{"href":"https:\/\/bydauto.com.co\/blog\/wp-json\/wp\/v2\/posts"}],"about":[{"href":"https:\/\/bydauto.com.co\/blog\/wp-json\/wp\/v2\/types\/post"}],"author":[{"embeddable":true,"href":"https:\/\/bydauto.com.co\/blog\/wp-json\/wp\/v2\/users\/2"}],"replies":[{"embeddable":true,"href":"https:\/\/bydauto.com.co\/blog\/wp-json\/wp\/v2\/comments?post=1789"}],"version-history":[{"count":3,"href":"https:\/\/bydauto.com.co\/blog\/wp-json\/wp\/v2\/posts\/1789\/revisions"}],"predecessor-version":[{"id":1796,"href":"https:\/\/bydauto.com.co\/blog\/wp-json\/wp\/v2\/posts\/1789\/revisions\/1796"}],"wp:featuredmedia":[{"embeddable":true,"href":"https:\/\/bydauto.com.co\/blog\/wp-json\/wp\/v2\/media\/1791"}],"wp:attachment":[{"href":"https:\/\/bydauto.com.co\/blog\/wp-json\/wp\/v2\/media?parent=1789"}],"wp:term":[{"taxonomy":"category","embeddable":true,"href":"https:\/\/bydauto.com.co\/blog\/wp-json\/wp\/v2\/categories?post=1789"},{"taxonomy":"post_tag","embeddable":true,"href":"https:\/\/bydauto.com.co\/blog\/wp-json\/wp\/v2\/tags?post=1789"}],"curies":[{"name":"wp","href":"https:\/\/api.w.org\/{rel}","templated":true}]}}