{"id":1499,"date":"2023-12-13T11:40:55","date_gmt":"2023-12-13T16:40:55","guid":{"rendered":"https:\/\/bydauto.com.co\/blog\/?p=1499"},"modified":"2025-10-17T12:28:29","modified_gmt":"2025-10-17T17:28:29","slug":"conoce-los-nuevos-modelos-de-carros-electricos-e-hibridos-presentados-en-el-salon-del-automovil-de-bogota-2023","status":"publish","type":"post","link":"https:\/\/bydauto.com.co\/blog\/conoce-los-nuevos-modelos-de-carros-electricos-e-hibridos-presentados-en-el-salon-del-automovil-de-bogota-2023\/","title":{"rendered":"Conoce los nuevos modelos de carros el\u00e9ctricos e h\u00edbridos presentados en el Sal\u00f3n del Autom\u00f3vil de Bogot\u00e1 2023"},"content":{"rendered":"\n<figure class=\"wp-block-image size-large\"><img loading=\"lazy\" decoding=\"async\" width=\"768\" height=\"464\" src=\"https:\/\/bydauto.com.co\/blog\/wp-content\/uploads\/2023\/12\/El-sal\u00f3n-del-autom\u00f3vil.jpg\" alt=\"BYD Han en el Sal\u00f3n del Autom\u00f3vil de Bogot\u00e1 2023\" class=\"wp-image-1500\" srcset=\"https:\/\/bydauto.com.co\/blog\/wp-content\/uploads\/2023\/12\/El-sal\u00f3n-del-autom\u00f3vil.jpg 768w, https:\/\/bydauto.com.co\/blog\/wp-content\/uploads\/2023\/12\/El-sal\u00f3n-del-autom\u00f3vil-300x181.jpg 300w\" sizes=\"(max-width: 767px) 89vw, (max-width: 1000px) 54vw, (max-width: 1071px) 543px, 580px\" \/><figcaption class=\"wp-element-caption\">Tomada de: Corferias&nbsp;<\/figcaption><\/figure>\n\n\n\n<h2 class=\"wp-block-heading\"><strong>BYD fabricante y l\u00edder mundial en la producci\u00f3n de autos el\u00e9ctricos<\/strong> <strong>estuvo junto a Motorysa, en el Sal\u00f3n del Autom\u00f3vil de Bogot\u00e1 2023 presentando sus modelos ic\u00f3nicos<\/strong>.<\/h2>\n\n\n\n<p><strong>Este encuentro que se llev\u00f3 a cabo del 3 al 13 de noviembre en Corferias, es la ventana especializada m\u00e1s importante del sector automotriz en Colombia.<\/strong> En el cual, las marcas dan a conocer los \u00faltimos modelos de carros el\u00e9ctricos, su tecnolog\u00eda y el portafolio de productos y servicios.\u00a0<\/p>\n\n\n\n<p>Durante el Sal\u00f3n del Autom\u00f3vil BYD y Motorysa ofrecimos a los asistentes informaci\u00f3n sobre el desarrollo tecnol\u00f3gico de los autos, sostenibilidad e innovaci\u00f3n. As\u00ed, llegamos a nuevos clientes y logramos los objetivos comerciales.&nbsp;<\/p>\n\n\n\n<h3 class=\"wp-block-heading\"><strong>\u00bfCu\u00e1les fueron los modelos de carros el\u00e9ctricos e h\u00edbridos presentados durante este evento?<\/strong>&nbsp;<\/h3>\n\n\n\n<figure class=\"wp-block-image size-large\"><img loading=\"lazy\" decoding=\"async\" width=\"768\" height=\"464\" src=\"https:\/\/bydauto.com.co\/blog\/wp-content\/uploads\/2023\/12\/Nueva-Dolphin-mini-2024.jpg\" alt=\"BYD Dolphin Mini presentado en el Sal\u00f3n del Autom\u00f3vil de Bogot\u00e1 2023\" class=\"wp-image-1503\" srcset=\"https:\/\/bydauto.com.co\/blog\/wp-content\/uploads\/2023\/12\/Nueva-Dolphin-mini-2024.jpg 768w, https:\/\/bydauto.com.co\/blog\/wp-content\/uploads\/2023\/12\/Nueva-Dolphin-mini-2024-300x181.jpg 300w\" sizes=\"(max-width: 767px) 89vw, (max-width: 1000px) 54vw, (max-width: 1071px) 543px, 580px\" \/><\/figure>\n\n\n\n<p>Los veh\u00edculos de nueva energ\u00eda exhibidos en el Sal\u00f3n del Autom\u00f3vil, fueron los modelos m\u00e1s destacados del a\u00f1o, como: Song Plus y Qin Plus. Los cuales, est\u00e1n equipados con el sistema DM-i, una tecnolog\u00eda h\u00edbrida enchufable basada en electricidad que ofrece altas velocidades, ahorro de energ\u00eda y conducci\u00f3n silenciosa.&nbsp;<\/p>\n\n\n\n<p>Te sugerimos leer: <a href=\"https:\/\/bydauto.com.co\/blog\/song-plus-dm-i-el-vehiculo-que-revoluciona-la-eficiencia-energetica\/\" target=\"_blank\" rel=\"noreferrer noopener\">Song Plus DM-i: el veh\u00edculo que acelerar\u00e1 el cambio hacia la electromovilidad.<\/a>&nbsp;<\/p>\n\n\n\n<p>Por otro lado, presentamos los carros el\u00e9ctricos que cuentan con la tecnolog\u00eda e-platform 3.0, como el Yuan Plus y el lujoso autom\u00f3vil Han. Adem\u00e1s, incluimos los modelos inspirados en la est\u00e9tica oce\u00e1nica el BYD Seal y Dolphin.&nbsp;<\/p>\n\n\n\n<p><strong>Este encuentro fue ideal para exhibir por primera vez el nuevo Tang EV, un SUV el\u00e9ctrico premium que tiene autonom\u00eda de hasta 635 km y puede acelerar de 0 a 100 km\/h en 4,4 segundos<\/strong>. Adem\u00e1s, este veh\u00edculo puede responder a las condiciones de las v\u00edas gracias a su tracci\u00f3n el\u00e9ctrica a las cuatro ruedas y el sistema DiSus.&nbsp;<\/p>\n\n\n\n<p><strong>El BYD Dolphin Mini tambi\u00e9n hizo su debut en Colombia, este peque\u00f1o auto el\u00e9ctrico tiene destacadas ventajas de rendimiento, seguridad y rentabilidad.<\/strong> Adicional a esto, cuenta con e-platform 3.0 y ofrece versiones con dos tipos de autonom\u00eda de hasta 300 km y hasta 380 km, ideal para desplazamientos urbanos.&nbsp;<\/p>\n\n\n\n<p><strong>Desde el 2020, Motorysa es la \u00fanica marca autorizada para la distribuci\u00f3n de los veh\u00edculos el\u00e9ctricos e h\u00edbridos de BYD en Colombia.<\/strong> En esta oportunidad el Sal\u00f3n del Autom\u00f3vil de Bogot\u00e1 2023, fue una vitrina que nos permiti\u00f3 alcanzar los objetivos comerciales, e invitar a los conductores a hacer uso de veh\u00edculos con lo \u00faltimo en tecnolog\u00eda para hacer la transici\u00f3n hacia la movilidad sostenible en nuestro pa\u00eds.&nbsp;<\/p>\n\n\n\n<p>Contin\u00faa leyendo: <a href=\"https:\/\/bydauto.com.co\/blog\/byd-sigue-liderando-la-transicion-a-los-vehiculos-electricos\/\" target=\"_blank\" rel=\"noreferrer noopener\">BYD sigue liderando la transici\u00f3n hacia la movilidad el\u00e9ctrica.<\/a>&nbsp;<\/p>\n","protected":false},"excerpt":{"rendered":"<p>BYD fabricante y l\u00edder mundial en la producci\u00f3n de autos el\u00e9ctricos estuvo junto a Motorysa, en el Sal\u00f3n del Autom\u00f3vil de Bogot\u00e1 2023 presentando sus modelos ic\u00f3nicos. Este encuentro que se llev\u00f3 a cabo del 3 al 13 de noviembre en Corferias, es la ventana especializada m\u00e1s importante del sector automotriz en Colombia. En el &hellip; <\/p>\n<p class=\"link-more\"><a href=\"https:\/\/bydauto.com.co\/blog\/conoce-los-nuevos-modelos-de-carros-electricos-e-hibridos-presentados-en-el-salon-del-automovil-de-bogota-2023\/\" class=\"more-link\">Seguir leyendo<span class=\"screen-reader-text\"> &#8220;Conoce los nuevos modelos de carros el\u00e9ctricos e h\u00edbridos presentados en el Sal\u00f3n del Autom\u00f3vil de Bogot\u00e1 2023&#8221;<\/span><\/a><\/p>\n","protected":false},"author":1,"featured_media":1500,"comment_status":"open","ping_status":"open","sticky":false,"template":"","format":"standard","meta":{"footnotes":""},"categories":[4,9],"tags":[],"class_list":["post-1499","post","type-post","status-publish","format-standard","has-post-thumbnail","hentry","category-bydcolombia","category-carros-electricos"],"yoast_head":"<!-- This site is optimized with the Yoast SEO plugin v23.6 - https:\/\/yoast.com\/wordpress\/plugins\/seo\/ -->\n<title>Carros el\u00e9ctricos de BYD en el Sal\u00f3n del Autom\u00f3vil de Bogot\u00e1<\/title>\n<meta name=\"description\" content=\"En este importante encuentro automotriz presentamos los nuevos carros el\u00e9ctricos y modelos h\u00edbridos con lo \u00faltimo en tecnolog\u00eda.\" \/>\n<meta name=\"robots\" content=\"index, follow, max-snippet:-1, max-image-preview:large, max-video-preview:-1\" \/>\n<link rel=\"canonical\" href=\"https:\/\/bydauto.com.co\/blog\/conoce-los-nuevos-modelos-de-carros-electricos-e-hibridos-presentados-en-el-salon-del-automovil-de-bogota-2023\/\" \/>\n<meta property=\"og:locale\" content=\"es_ES\" \/>\n<meta property=\"og:type\" content=\"article\" \/>\n<meta property=\"og:title\" content=\"Carros el\u00e9ctricos de BYD en el Sal\u00f3n del Autom\u00f3vil de Bogot\u00e1\" \/>\n<meta property=\"og:description\" content=\"En este importante encuentro automotriz presentamos los nuevos carros el\u00e9ctricos y modelos h\u00edbridos con lo \u00faltimo en tecnolog\u00eda.\" \/>\n<meta property=\"og:url\" content=\"https:\/\/bydauto.com.co\/blog\/conoce-los-nuevos-modelos-de-carros-electricos-e-hibridos-presentados-en-el-salon-del-automovil-de-bogota-2023\/\" \/>\n<meta property=\"og:site_name\" content=\"BYD Auto Colombia\" \/>\n<meta property=\"article:publisher\" content=\"https:\/\/www.facebook.com\/BYDAutoColombia\" \/>\n<meta property=\"article:published_time\" content=\"2023-12-13T16:40:55+00:00\" \/>\n<meta property=\"article:modified_time\" content=\"2025-10-17T17:28:29+00:00\" \/>\n<meta property=\"og:image\" content=\"https:\/\/bydauto.com.co\/blog\/wp-content\/uploads\/2023\/12\/El-sal\u00f3n-del-autom\u00f3vil.jpg\" \/>\n\t<meta property=\"og:image:width\" content=\"768\" \/>\n\t<meta property=\"og:image:height\" content=\"464\" \/>\n\t<meta property=\"og:image:type\" content=\"image\/jpeg\" \/>\n<meta name=\"author\" content=\"administrador\" \/>\n<meta name=\"twitter:label1\" content=\"Escrito por\" \/>\n\t<meta name=\"twitter:data1\" content=\"administrador\" \/>\n\t<meta name=\"twitter:label2\" content=\"Tiempo de lectura\" \/>\n\t<meta name=\"twitter:data2\" content=\"3 minutos\" \/>\n<script type=\"application\/ld+json\" class=\"yoast-schema-graph\">{\"@context\":\"https:\/\/schema.org\",\"@graph\":[{\"@type\":\"Article\",\"@id\":\"https:\/\/bydauto.com.co\/blog\/conoce-los-nuevos-modelos-de-carros-electricos-e-hibridos-presentados-en-el-salon-del-automovil-de-bogota-2023\/#article\",\"isPartOf\":{\"@id\":\"https:\/\/bydauto.com.co\/blog\/conoce-los-nuevos-modelos-de-carros-electricos-e-hibridos-presentados-en-el-salon-del-automovil-de-bogota-2023\/\"},\"author\":{\"name\":\"administrador\",\"@id\":\"https:\/\/bydauto.com.co\/blog\/#\/schema\/person\/3a63ced3305d10346daa6d29d1072598\"},\"headline\":\"Conoce los nuevos modelos de carros el\u00e9ctricos e h\u00edbridos presentados en el Sal\u00f3n del Autom\u00f3vil de Bogot\u00e1 2023\",\"datePublished\":\"2023-12-13T16:40:55+00:00\",\"dateModified\":\"2025-10-17T17:28:29+00:00\",\"mainEntityOfPage\":{\"@id\":\"https:\/\/bydauto.com.co\/blog\/conoce-los-nuevos-modelos-de-carros-electricos-e-hibridos-presentados-en-el-salon-del-automovil-de-bogota-2023\/\"},\"wordCount\":491,\"commentCount\":0,\"publisher\":{\"@id\":\"https:\/\/bydauto.com.co\/blog\/#organization\"},\"image\":{\"@id\":\"https:\/\/bydauto.com.co\/blog\/conoce-los-nuevos-modelos-de-carros-electricos-e-hibridos-presentados-en-el-salon-del-automovil-de-bogota-2023\/#primaryimage\"},\"thumbnailUrl\":\"https:\/\/bydauto.com.co\/blog\/wp-content\/uploads\/2023\/12\/El-sal\u00f3n-del-autom\u00f3vil.jpg\",\"articleSection\":[\"BYD Colombia\",\"Carros el\u00e9ctricos\"],\"inLanguage\":\"es-CO\",\"potentialAction\":[{\"@type\":\"CommentAction\",\"name\":\"Comment\",\"target\":[\"https:\/\/bydauto.com.co\/blog\/conoce-los-nuevos-modelos-de-carros-electricos-e-hibridos-presentados-en-el-salon-del-automovil-de-bogota-2023\/#respond\"]}]},{\"@type\":\"WebPage\",\"@id\":\"https:\/\/bydauto.com.co\/blog\/conoce-los-nuevos-modelos-de-carros-electricos-e-hibridos-presentados-en-el-salon-del-automovil-de-bogota-2023\/\",\"url\":\"https:\/\/bydauto.com.co\/blog\/conoce-los-nuevos-modelos-de-carros-electricos-e-hibridos-presentados-en-el-salon-del-automovil-de-bogota-2023\/\",\"name\":\"Carros el\u00e9ctricos de BYD en el Sal\u00f3n del Autom\u00f3vil de Bogot\u00e1\",\"isPartOf\":{\"@id\":\"https:\/\/bydauto.com.co\/blog\/#website\"},\"primaryImageOfPage\":{\"@id\":\"https:\/\/bydauto.com.co\/blog\/conoce-los-nuevos-modelos-de-carros-electricos-e-hibridos-presentados-en-el-salon-del-automovil-de-bogota-2023\/#primaryimage\"},\"image\":{\"@id\":\"https:\/\/bydauto.com.co\/blog\/conoce-los-nuevos-modelos-de-carros-electricos-e-hibridos-presentados-en-el-salon-del-automovil-de-bogota-2023\/#primaryimage\"},\"thumbnailUrl\":\"https:\/\/bydauto.com.co\/blog\/wp-content\/uploads\/2023\/12\/El-sal\u00f3n-del-autom\u00f3vil.jpg\",\"datePublished\":\"2023-12-13T16:40:55+00:00\",\"dateModified\":\"2025-10-17T17:28:29+00:00\",\"description\":\"En este importante encuentro automotriz presentamos los nuevos carros el\u00e9ctricos y modelos h\u00edbridos con lo \u00faltimo en tecnolog\u00eda.\",\"breadcrumb\":{\"@id\":\"https:\/\/bydauto.com.co\/blog\/conoce-los-nuevos-modelos-de-carros-electricos-e-hibridos-presentados-en-el-salon-del-automovil-de-bogota-2023\/#breadcrumb\"},\"inLanguage\":\"es-CO\",\"potentialAction\":[{\"@type\":\"ReadAction\",\"target\":[\"https:\/\/bydauto.com.co\/blog\/conoce-los-nuevos-modelos-de-carros-electricos-e-hibridos-presentados-en-el-salon-del-automovil-de-bogota-2023\/\"]}]},{\"@type\":\"ImageObject\",\"inLanguage\":\"es-CO\",\"@id\":\"https:\/\/bydauto.com.co\/blog\/conoce-los-nuevos-modelos-de-carros-electricos-e-hibridos-presentados-en-el-salon-del-automovil-de-bogota-2023\/#primaryimage\",\"url\":\"https:\/\/bydauto.com.co\/blog\/wp-content\/uploads\/2023\/12\/El-sal\u00f3n-del-autom\u00f3vil.jpg\",\"contentUrl\":\"https:\/\/bydauto.com.co\/blog\/wp-content\/uploads\/2023\/12\/El-sal\u00f3n-del-autom\u00f3vil.jpg\",\"width\":768,\"height\":464,\"caption\":\"Tomada de: Corferias\"},{\"@type\":\"BreadcrumbList\",\"@id\":\"https:\/\/bydauto.com.co\/blog\/conoce-los-nuevos-modelos-de-carros-electricos-e-hibridos-presentados-en-el-salon-del-automovil-de-bogota-2023\/#breadcrumb\",\"itemListElement\":[{\"@type\":\"ListItem\",\"position\":1,\"name\":\"Home\",\"item\":\"https:\/\/bydauto.com.co\/blog\/\"},{\"@type\":\"ListItem\",\"position\":2,\"name\":\"Conoce los nuevos modelos de carros el\u00e9ctricos e h\u00edbridos presentados en el Sal\u00f3n del Autom\u00f3vil de Bogot\u00e1 2023\"}]},{\"@type\":\"WebSite\",\"@id\":\"https:\/\/bydauto.com.co\/blog\/#website\",\"url\":\"https:\/\/bydauto.com.co\/blog\/\",\"name\":\"BYD Auto Colombia\",\"description\":\"Te damos la bienvenida al blog oficial de BYD Auto Colombia.\",\"publisher\":{\"@id\":\"https:\/\/bydauto.com.co\/blog\/#organization\"},\"potentialAction\":[{\"@type\":\"SearchAction\",\"target\":{\"@type\":\"EntryPoint\",\"urlTemplate\":\"https:\/\/bydauto.com.co\/blog\/?s={search_term_string}\"},\"query-input\":{\"@type\":\"PropertyValueSpecification\",\"valueRequired\":true,\"valueName\":\"search_term_string\"}}],\"inLanguage\":\"es-CO\"},{\"@type\":\"Organization\",\"@id\":\"https:\/\/bydauto.com.co\/blog\/#organization\",\"name\":\"BYD Auto Colombia\",\"url\":\"https:\/\/bydauto.com.co\/blog\/\",\"logo\":{\"@type\":\"ImageObject\",\"inLanguage\":\"es-CO\",\"@id\":\"https:\/\/bydauto.com.co\/blog\/#\/schema\/logo\/image\/\",\"url\":\"https:\/\/bydauto.com.co\/blog\/wp-content\/uploads\/2025\/10\/cropped-logo_oscuro_7862c2d25a.png\",\"contentUrl\":\"https:\/\/bydauto.com.co\/blog\/wp-content\/uploads\/2025\/10\/cropped-logo_oscuro_7862c2d25a.png\",\"width\":1290,\"height\":250,\"caption\":\"BYD Auto Colombia\"},\"image\":{\"@id\":\"https:\/\/bydauto.com.co\/blog\/#\/schema\/logo\/image\/\"},\"sameAs\":[\"https:\/\/www.facebook.com\/BYDAutoColombia\",\"https:\/\/www.instagram.com\/bydautocolombia\/\",\"https:\/\/www.youtube.com\/channel\/UC5T2CarA3VHbF6buuvcWPXA\"]},{\"@type\":\"Person\",\"@id\":\"https:\/\/bydauto.com.co\/blog\/#\/schema\/person\/3a63ced3305d10346daa6d29d1072598\",\"name\":\"administrador\",\"image\":{\"@type\":\"ImageObject\",\"inLanguage\":\"es-CO\",\"@id\":\"https:\/\/bydauto.com.co\/blog\/#\/schema\/person\/image\/\",\"url\":\"https:\/\/secure.gravatar.com\/avatar\/c767a96769fa40fb563d96364b1b955e?s=96&d=mm&r=g\",\"contentUrl\":\"https:\/\/secure.gravatar.com\/avatar\/c767a96769fa40fb563d96364b1b955e?s=96&d=mm&r=g\",\"caption\":\"administrador\"},\"sameAs\":[\"http:\/\/localhost\/byd\/blog\/wordpress\"],\"url\":\"https:\/\/bydauto.com.co\/blog\/author\/administrador\/\"}]}<\/script>\n<!-- \/ Yoast SEO plugin. -->","yoast_head_json":{"title":"Carros el\u00e9ctricos de BYD en el Sal\u00f3n del Autom\u00f3vil de Bogot\u00e1","description":"En este importante encuentro automotriz presentamos los nuevos carros el\u00e9ctricos y modelos h\u00edbridos con lo \u00faltimo en tecnolog\u00eda.","robots":{"index":"index","follow":"follow","max-snippet":"max-snippet:-1","max-image-preview":"max-image-preview:large","max-video-preview":"max-video-preview:-1"},"canonical":"https:\/\/bydauto.com.co\/blog\/conoce-los-nuevos-modelos-de-carros-electricos-e-hibridos-presentados-en-el-salon-del-automovil-de-bogota-2023\/","og_locale":"es_ES","og_type":"article","og_title":"Carros el\u00e9ctricos de BYD en el Sal\u00f3n del Autom\u00f3vil de Bogot\u00e1","og_description":"En este importante encuentro automotriz presentamos los nuevos carros el\u00e9ctricos y modelos h\u00edbridos con lo \u00faltimo en tecnolog\u00eda.","og_url":"https:\/\/bydauto.com.co\/blog\/conoce-los-nuevos-modelos-de-carros-electricos-e-hibridos-presentados-en-el-salon-del-automovil-de-bogota-2023\/","og_site_name":"BYD Auto Colombia","article_publisher":"https:\/\/www.facebook.com\/BYDAutoColombia","article_published_time":"2023-12-13T16:40:55+00:00","article_modified_time":"2025-10-17T17:28:29+00:00","og_image":[{"width":768,"height":464,"url":"https:\/\/bydauto.com.co\/blog\/wp-content\/uploads\/2023\/12\/El-sal\u00f3n-del-autom\u00f3vil.jpg","type":"image\/jpeg"}],"author":"administrador","twitter_misc":{"Escrito por":"administrador","Tiempo de lectura":"3 minutos"},"schema":{"@context":"https:\/\/schema.org","@graph":[{"@type":"Article","@id":"https:\/\/bydauto.com.co\/blog\/conoce-los-nuevos-modelos-de-carros-electricos-e-hibridos-presentados-en-el-salon-del-automovil-de-bogota-2023\/#article","isPartOf":{"@id":"https:\/\/bydauto.com.co\/blog\/conoce-los-nuevos-modelos-de-carros-electricos-e-hibridos-presentados-en-el-salon-del-automovil-de-bogota-2023\/"},"author":{"name":"administrador","@id":"https:\/\/bydauto.com.co\/blog\/#\/schema\/person\/3a63ced3305d10346daa6d29d1072598"},"headline":"Conoce los nuevos modelos de carros el\u00e9ctricos e h\u00edbridos presentados en el Sal\u00f3n del Autom\u00f3vil de Bogot\u00e1 2023","datePublished":"2023-12-13T16:40:55+00:00","dateModified":"2025-10-17T17:28:29+00:00","mainEntityOfPage":{"@id":"https:\/\/bydauto.com.co\/blog\/conoce-los-nuevos-modelos-de-carros-electricos-e-hibridos-presentados-en-el-salon-del-automovil-de-bogota-2023\/"},"wordCount":491,"commentCount":0,"publisher":{"@id":"https:\/\/bydauto.com.co\/blog\/#organization"},"image":{"@id":"https:\/\/bydauto.com.co\/blog\/conoce-los-nuevos-modelos-de-carros-electricos-e-hibridos-presentados-en-el-salon-del-automovil-de-bogota-2023\/#primaryimage"},"thumbnailUrl":"https:\/\/bydauto.com.co\/blog\/wp-content\/uploads\/2023\/12\/El-sal\u00f3n-del-autom\u00f3vil.jpg","articleSection":["BYD Colombia","Carros el\u00e9ctricos"],"inLanguage":"es-CO","potentialAction":[{"@type":"CommentAction","name":"Comment","target":["https:\/\/bydauto.com.co\/blog\/conoce-los-nuevos-modelos-de-carros-electricos-e-hibridos-presentados-en-el-salon-del-automovil-de-bogota-2023\/#respond"]}]},{"@type":"WebPage","@id":"https:\/\/bydauto.com.co\/blog\/conoce-los-nuevos-modelos-de-carros-electricos-e-hibridos-presentados-en-el-salon-del-automovil-de-bogota-2023\/","url":"https:\/\/bydauto.com.co\/blog\/conoce-los-nuevos-modelos-de-carros-electricos-e-hibridos-presentados-en-el-salon-del-automovil-de-bogota-2023\/","name":"Carros el\u00e9ctricos de BYD en el Sal\u00f3n del Autom\u00f3vil de Bogot\u00e1","isPartOf":{"@id":"https:\/\/bydauto.com.co\/blog\/#website"},"primaryImageOfPage":{"@id":"https:\/\/bydauto.com.co\/blog\/conoce-los-nuevos-modelos-de-carros-electricos-e-hibridos-presentados-en-el-salon-del-automovil-de-bogota-2023\/#primaryimage"},"image":{"@id":"https:\/\/bydauto.com.co\/blog\/conoce-los-nuevos-modelos-de-carros-electricos-e-hibridos-presentados-en-el-salon-del-automovil-de-bogota-2023\/#primaryimage"},"thumbnailUrl":"https:\/\/bydauto.com.co\/blog\/wp-content\/uploads\/2023\/12\/El-sal\u00f3n-del-autom\u00f3vil.jpg","datePublished":"2023-12-13T16:40:55+00:00","dateModified":"2025-10-17T17:28:29+00:00","description":"En este importante encuentro automotriz presentamos los nuevos carros el\u00e9ctricos y modelos h\u00edbridos con lo \u00faltimo en tecnolog\u00eda.","breadcrumb":{"@id":"https:\/\/bydauto.com.co\/blog\/conoce-los-nuevos-modelos-de-carros-electricos-e-hibridos-presentados-en-el-salon-del-automovil-de-bogota-2023\/#breadcrumb"},"inLanguage":"es-CO","potentialAction":[{"@type":"ReadAction","target":["https:\/\/bydauto.com.co\/blog\/conoce-los-nuevos-modelos-de-carros-electricos-e-hibridos-presentados-en-el-salon-del-automovil-de-bogota-2023\/"]}]},{"@type":"ImageObject","inLanguage":"es-CO","@id":"https:\/\/bydauto.com.co\/blog\/conoce-los-nuevos-modelos-de-carros-electricos-e-hibridos-presentados-en-el-salon-del-automovil-de-bogota-2023\/#primaryimage","url":"https:\/\/bydauto.com.co\/blog\/wp-content\/uploads\/2023\/12\/El-sal\u00f3n-del-autom\u00f3vil.jpg","contentUrl":"https:\/\/bydauto.com.co\/blog\/wp-content\/uploads\/2023\/12\/El-sal\u00f3n-del-autom\u00f3vil.jpg","width":768,"height":464,"caption":"Tomada de: Corferias"},{"@type":"BreadcrumbList","@id":"https:\/\/bydauto.com.co\/blog\/conoce-los-nuevos-modelos-de-carros-electricos-e-hibridos-presentados-en-el-salon-del-automovil-de-bogota-2023\/#breadcrumb","itemListElement":[{"@type":"ListItem","position":1,"name":"Home","item":"https:\/\/bydauto.com.co\/blog\/"},{"@type":"ListItem","position":2,"name":"Conoce los nuevos modelos de carros el\u00e9ctricos e h\u00edbridos presentados en el Sal\u00f3n del Autom\u00f3vil de Bogot\u00e1 2023"}]},{"@type":"WebSite","@id":"https:\/\/bydauto.com.co\/blog\/#website","url":"https:\/\/bydauto.com.co\/blog\/","name":"BYD Auto Colombia","description":"Te damos la bienvenida al blog oficial de BYD Auto Colombia.","publisher":{"@id":"https:\/\/bydauto.com.co\/blog\/#organization"},"potentialAction":[{"@type":"SearchAction","target":{"@type":"EntryPoint","urlTemplate":"https:\/\/bydauto.com.co\/blog\/?s={search_term_string}"},"query-input":{"@type":"PropertyValueSpecification","valueRequired":true,"valueName":"search_term_string"}}],"inLanguage":"es-CO"},{"@type":"Organization","@id":"https:\/\/bydauto.com.co\/blog\/#organization","name":"BYD Auto Colombia","url":"https:\/\/bydauto.com.co\/blog\/","logo":{"@type":"ImageObject","inLanguage":"es-CO","@id":"https:\/\/bydauto.com.co\/blog\/#\/schema\/logo\/image\/","url":"https:\/\/bydauto.com.co\/blog\/wp-content\/uploads\/2025\/10\/cropped-logo_oscuro_7862c2d25a.png","contentUrl":"https:\/\/bydauto.com.co\/blog\/wp-content\/uploads\/2025\/10\/cropped-logo_oscuro_7862c2d25a.png","width":1290,"height":250,"caption":"BYD Auto Colombia"},"image":{"@id":"https:\/\/bydauto.com.co\/blog\/#\/schema\/logo\/image\/"},"sameAs":["https:\/\/www.facebook.com\/BYDAutoColombia","https:\/\/www.instagram.com\/bydautocolombia\/","https:\/\/www.youtube.com\/channel\/UC5T2CarA3VHbF6buuvcWPXA"]},{"@type":"Person","@id":"https:\/\/bydauto.com.co\/blog\/#\/schema\/person\/3a63ced3305d10346daa6d29d1072598","name":"administrador","image":{"@type":"ImageObject","inLanguage":"es-CO","@id":"https:\/\/bydauto.com.co\/blog\/#\/schema\/person\/image\/","url":"https:\/\/secure.gravatar.com\/avatar\/c767a96769fa40fb563d96364b1b955e?s=96&d=mm&r=g","contentUrl":"https:\/\/secure.gravatar.com\/avatar\/c767a96769fa40fb563d96364b1b955e?s=96&d=mm&r=g","caption":"administrador"},"sameAs":["http:\/\/localhost\/byd\/blog\/wordpress"],"url":"https:\/\/bydauto.com.co\/blog\/author\/administrador\/"}]}},"_links":{"self":[{"href":"https:\/\/bydauto.com.co\/blog\/wp-json\/wp\/v2\/posts\/1499"}],"collection":[{"href":"https:\/\/bydauto.com.co\/blog\/wp-json\/wp\/v2\/posts"}],"about":[{"href":"https:\/\/bydauto.com.co\/blog\/wp-json\/wp\/v2\/types\/post"}],"author":[{"embeddable":true,"href":"https:\/\/bydauto.com.co\/blog\/wp-json\/wp\/v2\/users\/1"}],"replies":[{"embeddable":true,"href":"https:\/\/bydauto.com.co\/blog\/wp-json\/wp\/v2\/comments?post=1499"}],"version-history":[{"count":4,"href":"https:\/\/bydauto.com.co\/blog\/wp-json\/wp\/v2\/posts\/1499\/revisions"}],"predecessor-version":[{"id":2488,"href":"https:\/\/bydauto.com.co\/blog\/wp-json\/wp\/v2\/posts\/1499\/revisions\/2488"}],"wp:featuredmedia":[{"embeddable":true,"href":"https:\/\/bydauto.com.co\/blog\/wp-json\/wp\/v2\/media\/1500"}],"wp:attachment":[{"href":"https:\/\/bydauto.com.co\/blog\/wp-json\/wp\/v2\/media?parent=1499"}],"wp:term":[{"taxonomy":"category","embeddable":true,"href":"https:\/\/bydauto.com.co\/blog\/wp-json\/wp\/v2\/categories?post=1499"},{"taxonomy":"post_tag","embeddable":true,"href":"https:\/\/bydauto.com.co\/blog\/wp-json\/wp\/v2\/tags?post=1499"}],"curies":[{"name":"wp","href":"https:\/\/api.w.org\/{rel}","templated":true}]}}