{"id":1415,"date":"2023-10-02T09:42:11","date_gmt":"2023-10-02T14:42:11","guid":{"rendered":"https:\/\/bydauto.com.co\/blog\/?p=1415"},"modified":"2023-10-02T09:42:12","modified_gmt":"2023-10-02T14:42:12","slug":"byd-lidera-la-transicion-hacia-el-transporte-ecologico-con-sus-vehiculos-electricos-en-latinoamerica","status":"publish","type":"post","link":"https:\/\/bydauto.com.co\/blog\/byd-lidera-la-transicion-hacia-el-transporte-ecologico-con-sus-vehiculos-electricos-en-latinoamerica\/","title":{"rendered":"BYD lidera la transici\u00f3n hacia el transporte ecol\u00f3gico con sus veh\u00edculos el\u00e9ctricos en Latinoam\u00e9rica"},"content":{"rendered":"\n<figure class=\"wp-block-image size-large\"><img loading=\"lazy\" decoding=\"async\" width=\"768\" height=\"464\" src=\"https:\/\/bydauto.com.co\/blog\/wp-content\/uploads\/2023\/10\/BYD-carros.jpg\" alt=\"Veh\u00edculos exhibidos en el sal\u00f3n del autom\u00f3vil Barcelona 2023\" class=\"wp-image-1416\" srcset=\"https:\/\/bydauto.com.co\/blog\/wp-content\/uploads\/2023\/10\/BYD-carros.jpg 768w, https:\/\/bydauto.com.co\/blog\/wp-content\/uploads\/2023\/10\/BYD-carros-300x181.jpg 300w\" sizes=\"(max-width: 767px) 89vw, (max-width: 1000px) 54vw, (max-width: 1071px) 543px, 580px\" \/><\/figure>\n\n\n\n<h2 class=\"wp-block-heading\"><strong>La marca china sigue comprometida con la innovaci\u00f3n tecnol\u00f3gica y el cuidado del ambiente, por eso, contin\u00faa conquistando los mercados de diferentes pa\u00edses.<\/strong>&nbsp;<\/h2>\n\n\n\n<p>BYD ha identificado el mercado global como una nueva v\u00eda de crecimiento. Y es que, solo en el primer semestre de este a\u00f1o, la marca export\u00f3 m\u00e1s de 74.000 unidades de veh\u00edculos el\u00e9ctricos e h\u00edbridos. Llevando su l\u00ednea a mercados claves como: Jap\u00f3n, Alemania, Tailandia, Australia, Brasil, entre otros.&nbsp;<\/p>\n\n\n\n<p>En la actualidad, estos autos de nueva energ\u00eda est\u00e1n en m\u00e1s de 54 pa\u00edses, llevando toda la tecnolog\u00eda e innovaci\u00f3n en el dise\u00f1o y bater\u00edas de sus modelos, como el HAN EV, TANG E y BYD Dolphin.&nbsp;<\/p>\n\n\n\n<p>Los cuales, cuentan con desarrollos como: DM-i Super Hybrid, e-Platform 3.0, la tecnolog\u00eda CTB (cell-to-body), la plataforma tecnol\u00f3gica e4 y el sistema BYD DiSus Intelligent Body Control System, soluciones integrales que est\u00e1n a la vanguardia de la movilidad ecol\u00f3gica.&nbsp;<\/p>\n\n\n\n<h3 class=\"wp-block-heading\"><strong>\u00bfC\u00f3mo promueve BYD la transici\u00f3n a energ\u00edas limpias con sus veh\u00edculos el\u00e9ctricos en Am\u00e9rica Latina?<\/strong>&nbsp;<\/h3>\n\n\n\n<figure class=\"wp-block-image size-large\"><img loading=\"lazy\" decoding=\"async\" width=\"768\" height=\"464\" src=\"https:\/\/bydauto.com.co\/blog\/wp-content\/uploads\/2023\/10\/BYD-DOLPHIN.jpg\" alt=\"BYD Dolphin presentado en Brasil\" class=\"wp-image-1418\" srcset=\"https:\/\/bydauto.com.co\/blog\/wp-content\/uploads\/2023\/10\/BYD-DOLPHIN.jpg 768w, https:\/\/bydauto.com.co\/blog\/wp-content\/uploads\/2023\/10\/BYD-DOLPHIN-300x181.jpg 300w\" sizes=\"(max-width: 767px) 89vw, (max-width: 1000px) 54vw, (max-width: 1071px) 543px, 580px\" \/><\/figure>\n\n\n\n<p>Durante varios a\u00f1os, la marca ha estado operando en pa\u00edses sudamericanos como Brasil, M\u00e9xico, Chile, entre otros. Ofreciendo soluciones de transporte amigables con el medioambiente para apoyar la transici\u00f3n de la regi\u00f3n hacia el uso y desarrollo de nuevas energ\u00edas.&nbsp;<\/p>\n\n\n\n<p>Adem\u00e1s, ha adoptado diferentes estrategias para llegar con su producto a regiones espec\u00edficas donde, por ejemplo, la infraestructura de recarga a\u00fan estaba en fase de desarrollo. En estos lugares se aplic\u00f3 un plan que abarcaba tanto los BEV como los PHEV.&nbsp;<\/p>\n\n\n\n<p><strong>En marzo de 2022, los modelos DM-i de la empresa hicieron su debut en Am\u00e9rica Latina, con el QIN PLUS DM-i y el SONG PLUS DM-i entrando en el mercado colombiano.<\/strong> Mientras que, en diciembre, bati\u00f3 un r\u00e9cord en volumen de exportaci\u00f3n mensual para estos modelos con la llegada de 1.200 unidades de veh\u00edculos h\u00edbridos a Colombia, siendo el primer auto de marca china que se vende bien en Am\u00e9rica Latina.&nbsp;<\/p>\n\n\n\n<p>Tambi\u00e9n podr\u00eda interesarte: <a href=\"https:\/\/bydauto.com.co\/blog\/llego-a-peru-el-primer-camion-electrico-del-pais\/\" target=\"_blank\" rel=\"noreferrer noopener\">Lleg\u00f3 a Per\u00fa el primer cami\u00f3n el\u00e9ctrico del pa\u00eds.<\/a>&nbsp;<\/p>\n\n\n\n<h3 class=\"wp-block-heading\"><strong>BYD sigue ganando terreno en Am\u00e9rica Latina<\/strong>&nbsp;<\/h3>\n\n\n\n<p>Los esfuerzos de expansi\u00f3n tambi\u00e9n han estado basados en un modelo de ventas que, les permite a los concesionarios tener influencia en los distribuidores locales. Y as\u00ed, conocer las preferencias de los consumidores para exportar los veh\u00edculos el\u00e9ctricos e h\u00edbridos de su preferencia.&nbsp;<\/p>\n\n\n\n<p><strong>Teniendo en cuenta estos estudios de mercado, en junio de 2023, el auto Dolphin se lanz\u00f3 en Brasil y alcanz\u00f3 altas cifras de ventas, con un promedio de 2 unidades vendidas cada 5 minutos el d\u00eda del lanzamiento, y 300 veh\u00edculos en 24 horas.<\/strong>&nbsp;<\/p>\n\n\n\n<p>Adem\u00e1s, en este mismo pa\u00eds, el gigante chino tiene planes de invertir en tres nuevas plantas, creando un s\u00f3lido complejo de producci\u00f3n que permitir\u00e1 la mejora continua de su cadena industrial y satisfacer la creciente demanda de productos que hacen uso de nuevas energ\u00edas.&nbsp;<\/p>\n\n\n\n<p><strong>BYD tiene un equipo de Investigaci\u00f3n y Desarrollo que se dedica a ofrecer soluciones que reducen la dependencia mundial de combustibles f\u00f3siles y minimizan la huella de carbono.<\/strong> De esta manera, contribuye a lograr los objetivos de sostenibilidad planteados por diversos pa\u00edses.&nbsp;<\/p>\n\n\n\n<p>Contin\u00faa leyendo: <a href=\"https:\/\/bydauto.com.co\/blog\/byd-sigue-rompiendo-records-con-los-vehiculos-de-nueva-energia\/\" target=\"_blank\" rel=\"noreferrer noopener\">BYD sigue rompiendo r\u00e9cords con los veh\u00edculos de nueva energ\u00eda.<\/a>&nbsp;<\/p>\n","protected":false},"excerpt":{"rendered":"<p>La marca china sigue comprometida con la innovaci\u00f3n tecnol\u00f3gica y el cuidado del ambiente, por eso, contin\u00faa conquistando los mercados de diferentes pa\u00edses.&nbsp; BYD ha identificado el mercado global como una nueva v\u00eda de crecimiento. Y es que, solo en el primer semestre de este a\u00f1o, la marca export\u00f3 m\u00e1s de 74.000 unidades de veh\u00edculos &hellip; <\/p>\n<p class=\"link-more\"><a href=\"https:\/\/bydauto.com.co\/blog\/byd-lidera-la-transicion-hacia-el-transporte-ecologico-con-sus-vehiculos-electricos-en-latinoamerica\/\" class=\"more-link\">Seguir leyendo<span class=\"screen-reader-text\"> &#8220;BYD lidera la transici\u00f3n hacia el transporte ecol\u00f3gico con sus veh\u00edculos el\u00e9ctricos en Latinoam\u00e9rica&#8221;<\/span><\/a><\/p>\n","protected":false},"author":4,"featured_media":1416,"comment_status":"open","ping_status":"open","sticky":false,"template":"","format":"standard","meta":{"footnotes":""},"categories":[5,9],"tags":[],"class_list":["post-1415","post","type-post","status-publish","format-standard","has-post-thumbnail","hentry","category-byd-internacional","category-carros-electricos"],"yoast_head":"<!-- This site is optimized with the Yoast SEO plugin v23.6 - https:\/\/yoast.com\/wordpress\/plugins\/seo\/ -->\n<title>BYD impulsa la transici\u00f3n del transporte con sus veh\u00edculos el\u00e9ctricos<\/title>\n<meta name=\"description\" content=\"Con la fabricaci\u00f3n de veh\u00edculos el\u00e9ctricos e h\u00edbridos BYD lidera la transici\u00f3n hacia el transporte ecol\u00f3gico en Am\u00e9rica Latina.\" \/>\n<meta name=\"robots\" content=\"index, follow, max-snippet:-1, max-image-preview:large, max-video-preview:-1\" \/>\n<link rel=\"canonical\" href=\"https:\/\/bydauto.com.co\/blog\/byd-lidera-la-transicion-hacia-el-transporte-ecologico-con-sus-vehiculos-electricos-en-latinoamerica\/\" \/>\n<meta property=\"og:locale\" content=\"es_ES\" \/>\n<meta property=\"og:type\" content=\"article\" \/>\n<meta property=\"og:title\" content=\"BYD impulsa la transici\u00f3n del transporte con sus veh\u00edculos el\u00e9ctricos\" \/>\n<meta property=\"og:description\" content=\"Con la fabricaci\u00f3n de veh\u00edculos el\u00e9ctricos e h\u00edbridos BYD lidera la transici\u00f3n hacia el transporte ecol\u00f3gico en Am\u00e9rica Latina.\" \/>\n<meta property=\"og:url\" content=\"https:\/\/bydauto.com.co\/blog\/byd-lidera-la-transicion-hacia-el-transporte-ecologico-con-sus-vehiculos-electricos-en-latinoamerica\/\" \/>\n<meta property=\"og:site_name\" content=\"BYD Auto Colombia\" \/>\n<meta property=\"article:publisher\" content=\"https:\/\/www.facebook.com\/BYDAutoColombia\" \/>\n<meta property=\"article:published_time\" content=\"2023-10-02T14:42:11+00:00\" \/>\n<meta property=\"article:modified_time\" content=\"2023-10-02T14:42:12+00:00\" \/>\n<meta property=\"og:image\" content=\"https:\/\/bydauto.com.co\/blog\/wp-content\/uploads\/2023\/10\/BYD-carros.jpg\" \/>\n\t<meta property=\"og:image:width\" content=\"768\" \/>\n\t<meta property=\"og:image:height\" content=\"464\" \/>\n\t<meta property=\"og:image:type\" content=\"image\/jpeg\" \/>\n<meta name=\"author\" content=\"Daniel Torres\" \/>\n<meta name=\"twitter:label1\" content=\"Escrito por\" \/>\n\t<meta name=\"twitter:data1\" content=\"Daniel Torres\" \/>\n\t<meta name=\"twitter:label2\" content=\"Tiempo de lectura\" \/>\n\t<meta name=\"twitter:data2\" content=\"3 minutos\" \/>\n<script type=\"application\/ld+json\" class=\"yoast-schema-graph\">{\"@context\":\"https:\/\/schema.org\",\"@graph\":[{\"@type\":\"Article\",\"@id\":\"https:\/\/bydauto.com.co\/blog\/byd-lidera-la-transicion-hacia-el-transporte-ecologico-con-sus-vehiculos-electricos-en-latinoamerica\/#article\",\"isPartOf\":{\"@id\":\"https:\/\/bydauto.com.co\/blog\/byd-lidera-la-transicion-hacia-el-transporte-ecologico-con-sus-vehiculos-electricos-en-latinoamerica\/\"},\"author\":{\"name\":\"Daniel Torres\",\"@id\":\"https:\/\/bydauto.com.co\/blog\/#\/schema\/person\/97e38996cd8677f633cf07d20d82096f\"},\"headline\":\"BYD lidera la transici\u00f3n hacia el transporte ecol\u00f3gico con sus veh\u00edculos el\u00e9ctricos en Latinoam\u00e9rica\",\"datePublished\":\"2023-10-02T14:42:11+00:00\",\"dateModified\":\"2023-10-02T14:42:12+00:00\",\"mainEntityOfPage\":{\"@id\":\"https:\/\/bydauto.com.co\/blog\/byd-lidera-la-transicion-hacia-el-transporte-ecologico-con-sus-vehiculos-electricos-en-latinoamerica\/\"},\"wordCount\":613,\"commentCount\":0,\"publisher\":{\"@id\":\"https:\/\/bydauto.com.co\/blog\/#organization\"},\"image\":{\"@id\":\"https:\/\/bydauto.com.co\/blog\/byd-lidera-la-transicion-hacia-el-transporte-ecologico-con-sus-vehiculos-electricos-en-latinoamerica\/#primaryimage\"},\"thumbnailUrl\":\"https:\/\/bydauto.com.co\/blog\/wp-content\/uploads\/2023\/10\/BYD-carros.jpg\",\"articleSection\":[\"BYD Internacional\",\"Carros el\u00e9ctricos\"],\"inLanguage\":\"es-CO\",\"potentialAction\":[{\"@type\":\"CommentAction\",\"name\":\"Comment\",\"target\":[\"https:\/\/bydauto.com.co\/blog\/byd-lidera-la-transicion-hacia-el-transporte-ecologico-con-sus-vehiculos-electricos-en-latinoamerica\/#respond\"]}]},{\"@type\":\"WebPage\",\"@id\":\"https:\/\/bydauto.com.co\/blog\/byd-lidera-la-transicion-hacia-el-transporte-ecologico-con-sus-vehiculos-electricos-en-latinoamerica\/\",\"url\":\"https:\/\/bydauto.com.co\/blog\/byd-lidera-la-transicion-hacia-el-transporte-ecologico-con-sus-vehiculos-electricos-en-latinoamerica\/\",\"name\":\"BYD impulsa la transici\u00f3n del transporte con sus veh\u00edculos el\u00e9ctricos\",\"isPartOf\":{\"@id\":\"https:\/\/bydauto.com.co\/blog\/#website\"},\"primaryImageOfPage\":{\"@id\":\"https:\/\/bydauto.com.co\/blog\/byd-lidera-la-transicion-hacia-el-transporte-ecologico-con-sus-vehiculos-electricos-en-latinoamerica\/#primaryimage\"},\"image\":{\"@id\":\"https:\/\/bydauto.com.co\/blog\/byd-lidera-la-transicion-hacia-el-transporte-ecologico-con-sus-vehiculos-electricos-en-latinoamerica\/#primaryimage\"},\"thumbnailUrl\":\"https:\/\/bydauto.com.co\/blog\/wp-content\/uploads\/2023\/10\/BYD-carros.jpg\",\"datePublished\":\"2023-10-02T14:42:11+00:00\",\"dateModified\":\"2023-10-02T14:42:12+00:00\",\"description\":\"Con la fabricaci\u00f3n de veh\u00edculos el\u00e9ctricos e h\u00edbridos BYD lidera la transici\u00f3n hacia el transporte ecol\u00f3gico en Am\u00e9rica Latina.\",\"breadcrumb\":{\"@id\":\"https:\/\/bydauto.com.co\/blog\/byd-lidera-la-transicion-hacia-el-transporte-ecologico-con-sus-vehiculos-electricos-en-latinoamerica\/#breadcrumb\"},\"inLanguage\":\"es-CO\",\"potentialAction\":[{\"@type\":\"ReadAction\",\"target\":[\"https:\/\/bydauto.com.co\/blog\/byd-lidera-la-transicion-hacia-el-transporte-ecologico-con-sus-vehiculos-electricos-en-latinoamerica\/\"]}]},{\"@type\":\"ImageObject\",\"inLanguage\":\"es-CO\",\"@id\":\"https:\/\/bydauto.com.co\/blog\/byd-lidera-la-transicion-hacia-el-transporte-ecologico-con-sus-vehiculos-electricos-en-latinoamerica\/#primaryimage\",\"url\":\"https:\/\/bydauto.com.co\/blog\/wp-content\/uploads\/2023\/10\/BYD-carros.jpg\",\"contentUrl\":\"https:\/\/bydauto.com.co\/blog\/wp-content\/uploads\/2023\/10\/BYD-carros.jpg\",\"width\":768,\"height\":464,\"caption\":\"Veh\u00edculos exhibidos en el sal\u00f3n del autom\u00f3vil Barcelona 2023\"},{\"@type\":\"BreadcrumbList\",\"@id\":\"https:\/\/bydauto.com.co\/blog\/byd-lidera-la-transicion-hacia-el-transporte-ecologico-con-sus-vehiculos-electricos-en-latinoamerica\/#breadcrumb\",\"itemListElement\":[{\"@type\":\"ListItem\",\"position\":1,\"name\":\"Home\",\"item\":\"https:\/\/bydauto.com.co\/blog\/\"},{\"@type\":\"ListItem\",\"position\":2,\"name\":\"BYD lidera la transici\u00f3n hacia el transporte ecol\u00f3gico con sus veh\u00edculos el\u00e9ctricos en Latinoam\u00e9rica\"}]},{\"@type\":\"WebSite\",\"@id\":\"https:\/\/bydauto.com.co\/blog\/#website\",\"url\":\"https:\/\/bydauto.com.co\/blog\/\",\"name\":\"BYD Auto Colombia\",\"description\":\"Te damos la bienvenida al blog oficial de BYD Auto Colombia.\",\"publisher\":{\"@id\":\"https:\/\/bydauto.com.co\/blog\/#organization\"},\"potentialAction\":[{\"@type\":\"SearchAction\",\"target\":{\"@type\":\"EntryPoint\",\"urlTemplate\":\"https:\/\/bydauto.com.co\/blog\/?s={search_term_string}\"},\"query-input\":{\"@type\":\"PropertyValueSpecification\",\"valueRequired\":true,\"valueName\":\"search_term_string\"}}],\"inLanguage\":\"es-CO\"},{\"@type\":\"Organization\",\"@id\":\"https:\/\/bydauto.com.co\/blog\/#organization\",\"name\":\"BYD Auto Colombia\",\"url\":\"https:\/\/bydauto.com.co\/blog\/\",\"logo\":{\"@type\":\"ImageObject\",\"inLanguage\":\"es-CO\",\"@id\":\"https:\/\/bydauto.com.co\/blog\/#\/schema\/logo\/image\/\",\"url\":\"https:\/\/bydauto.com.co\/blog\/wp-content\/uploads\/2025\/10\/cropped-logo_oscuro_7862c2d25a.png\",\"contentUrl\":\"https:\/\/bydauto.com.co\/blog\/wp-content\/uploads\/2025\/10\/cropped-logo_oscuro_7862c2d25a.png\",\"width\":1290,\"height\":250,\"caption\":\"BYD Auto Colombia\"},\"image\":{\"@id\":\"https:\/\/bydauto.com.co\/blog\/#\/schema\/logo\/image\/\"},\"sameAs\":[\"https:\/\/www.facebook.com\/BYDAutoColombia\",\"https:\/\/www.instagram.com\/bydautocolombia\/\",\"https:\/\/www.youtube.com\/channel\/UC5T2CarA3VHbF6buuvcWPXA\"]},{\"@type\":\"Person\",\"@id\":\"https:\/\/bydauto.com.co\/blog\/#\/schema\/person\/97e38996cd8677f633cf07d20d82096f\",\"name\":\"Daniel Torres\",\"image\":{\"@type\":\"ImageObject\",\"inLanguage\":\"es-CO\",\"@id\":\"https:\/\/bydauto.com.co\/blog\/#\/schema\/person\/image\/\",\"url\":\"https:\/\/secure.gravatar.com\/avatar\/460795ba393c7da1a1279ef49917f11f?s=96&d=mm&r=g\",\"contentUrl\":\"https:\/\/secure.gravatar.com\/avatar\/460795ba393c7da1a1279ef49917f11f?s=96&d=mm&r=g\",\"caption\":\"Daniel Torres\"},\"url\":\"https:\/\/bydauto.com.co\/blog\/author\/egt\/\"}]}<\/script>\n<!-- \/ Yoast SEO plugin. -->","yoast_head_json":{"title":"BYD impulsa la transici\u00f3n del transporte con sus veh\u00edculos el\u00e9ctricos","description":"Con la fabricaci\u00f3n de veh\u00edculos el\u00e9ctricos e h\u00edbridos BYD lidera la transici\u00f3n hacia el transporte ecol\u00f3gico en Am\u00e9rica Latina.","robots":{"index":"index","follow":"follow","max-snippet":"max-snippet:-1","max-image-preview":"max-image-preview:large","max-video-preview":"max-video-preview:-1"},"canonical":"https:\/\/bydauto.com.co\/blog\/byd-lidera-la-transicion-hacia-el-transporte-ecologico-con-sus-vehiculos-electricos-en-latinoamerica\/","og_locale":"es_ES","og_type":"article","og_title":"BYD impulsa la transici\u00f3n del transporte con sus veh\u00edculos el\u00e9ctricos","og_description":"Con la fabricaci\u00f3n de veh\u00edculos el\u00e9ctricos e h\u00edbridos BYD lidera la transici\u00f3n hacia el transporte ecol\u00f3gico en Am\u00e9rica Latina.","og_url":"https:\/\/bydauto.com.co\/blog\/byd-lidera-la-transicion-hacia-el-transporte-ecologico-con-sus-vehiculos-electricos-en-latinoamerica\/","og_site_name":"BYD Auto Colombia","article_publisher":"https:\/\/www.facebook.com\/BYDAutoColombia","article_published_time":"2023-10-02T14:42:11+00:00","article_modified_time":"2023-10-02T14:42:12+00:00","og_image":[{"width":768,"height":464,"url":"https:\/\/bydauto.com.co\/blog\/wp-content\/uploads\/2023\/10\/BYD-carros.jpg","type":"image\/jpeg"}],"author":"Daniel Torres","twitter_misc":{"Escrito por":"Daniel Torres","Tiempo de lectura":"3 minutos"},"schema":{"@context":"https:\/\/schema.org","@graph":[{"@type":"Article","@id":"https:\/\/bydauto.com.co\/blog\/byd-lidera-la-transicion-hacia-el-transporte-ecologico-con-sus-vehiculos-electricos-en-latinoamerica\/#article","isPartOf":{"@id":"https:\/\/bydauto.com.co\/blog\/byd-lidera-la-transicion-hacia-el-transporte-ecologico-con-sus-vehiculos-electricos-en-latinoamerica\/"},"author":{"name":"Daniel Torres","@id":"https:\/\/bydauto.com.co\/blog\/#\/schema\/person\/97e38996cd8677f633cf07d20d82096f"},"headline":"BYD lidera la transici\u00f3n hacia el transporte ecol\u00f3gico con sus veh\u00edculos el\u00e9ctricos en Latinoam\u00e9rica","datePublished":"2023-10-02T14:42:11+00:00","dateModified":"2023-10-02T14:42:12+00:00","mainEntityOfPage":{"@id":"https:\/\/bydauto.com.co\/blog\/byd-lidera-la-transicion-hacia-el-transporte-ecologico-con-sus-vehiculos-electricos-en-latinoamerica\/"},"wordCount":613,"commentCount":0,"publisher":{"@id":"https:\/\/bydauto.com.co\/blog\/#organization"},"image":{"@id":"https:\/\/bydauto.com.co\/blog\/byd-lidera-la-transicion-hacia-el-transporte-ecologico-con-sus-vehiculos-electricos-en-latinoamerica\/#primaryimage"},"thumbnailUrl":"https:\/\/bydauto.com.co\/blog\/wp-content\/uploads\/2023\/10\/BYD-carros.jpg","articleSection":["BYD Internacional","Carros el\u00e9ctricos"],"inLanguage":"es-CO","potentialAction":[{"@type":"CommentAction","name":"Comment","target":["https:\/\/bydauto.com.co\/blog\/byd-lidera-la-transicion-hacia-el-transporte-ecologico-con-sus-vehiculos-electricos-en-latinoamerica\/#respond"]}]},{"@type":"WebPage","@id":"https:\/\/bydauto.com.co\/blog\/byd-lidera-la-transicion-hacia-el-transporte-ecologico-con-sus-vehiculos-electricos-en-latinoamerica\/","url":"https:\/\/bydauto.com.co\/blog\/byd-lidera-la-transicion-hacia-el-transporte-ecologico-con-sus-vehiculos-electricos-en-latinoamerica\/","name":"BYD impulsa la transici\u00f3n del transporte con sus veh\u00edculos el\u00e9ctricos","isPartOf":{"@id":"https:\/\/bydauto.com.co\/blog\/#website"},"primaryImageOfPage":{"@id":"https:\/\/bydauto.com.co\/blog\/byd-lidera-la-transicion-hacia-el-transporte-ecologico-con-sus-vehiculos-electricos-en-latinoamerica\/#primaryimage"},"image":{"@id":"https:\/\/bydauto.com.co\/blog\/byd-lidera-la-transicion-hacia-el-transporte-ecologico-con-sus-vehiculos-electricos-en-latinoamerica\/#primaryimage"},"thumbnailUrl":"https:\/\/bydauto.com.co\/blog\/wp-content\/uploads\/2023\/10\/BYD-carros.jpg","datePublished":"2023-10-02T14:42:11+00:00","dateModified":"2023-10-02T14:42:12+00:00","description":"Con la fabricaci\u00f3n de veh\u00edculos el\u00e9ctricos e h\u00edbridos BYD lidera la transici\u00f3n hacia el transporte ecol\u00f3gico en Am\u00e9rica Latina.","breadcrumb":{"@id":"https:\/\/bydauto.com.co\/blog\/byd-lidera-la-transicion-hacia-el-transporte-ecologico-con-sus-vehiculos-electricos-en-latinoamerica\/#breadcrumb"},"inLanguage":"es-CO","potentialAction":[{"@type":"ReadAction","target":["https:\/\/bydauto.com.co\/blog\/byd-lidera-la-transicion-hacia-el-transporte-ecologico-con-sus-vehiculos-electricos-en-latinoamerica\/"]}]},{"@type":"ImageObject","inLanguage":"es-CO","@id":"https:\/\/bydauto.com.co\/blog\/byd-lidera-la-transicion-hacia-el-transporte-ecologico-con-sus-vehiculos-electricos-en-latinoamerica\/#primaryimage","url":"https:\/\/bydauto.com.co\/blog\/wp-content\/uploads\/2023\/10\/BYD-carros.jpg","contentUrl":"https:\/\/bydauto.com.co\/blog\/wp-content\/uploads\/2023\/10\/BYD-carros.jpg","width":768,"height":464,"caption":"Veh\u00edculos exhibidos en el sal\u00f3n del autom\u00f3vil Barcelona 2023"},{"@type":"BreadcrumbList","@id":"https:\/\/bydauto.com.co\/blog\/byd-lidera-la-transicion-hacia-el-transporte-ecologico-con-sus-vehiculos-electricos-en-latinoamerica\/#breadcrumb","itemListElement":[{"@type":"ListItem","position":1,"name":"Home","item":"https:\/\/bydauto.com.co\/blog\/"},{"@type":"ListItem","position":2,"name":"BYD lidera la transici\u00f3n hacia el transporte ecol\u00f3gico con sus veh\u00edculos el\u00e9ctricos en Latinoam\u00e9rica"}]},{"@type":"WebSite","@id":"https:\/\/bydauto.com.co\/blog\/#website","url":"https:\/\/bydauto.com.co\/blog\/","name":"BYD Auto Colombia","description":"Te damos la bienvenida al blog oficial de BYD Auto Colombia.","publisher":{"@id":"https:\/\/bydauto.com.co\/blog\/#organization"},"potentialAction":[{"@type":"SearchAction","target":{"@type":"EntryPoint","urlTemplate":"https:\/\/bydauto.com.co\/blog\/?s={search_term_string}"},"query-input":{"@type":"PropertyValueSpecification","valueRequired":true,"valueName":"search_term_string"}}],"inLanguage":"es-CO"},{"@type":"Organization","@id":"https:\/\/bydauto.com.co\/blog\/#organization","name":"BYD Auto Colombia","url":"https:\/\/bydauto.com.co\/blog\/","logo":{"@type":"ImageObject","inLanguage":"es-CO","@id":"https:\/\/bydauto.com.co\/blog\/#\/schema\/logo\/image\/","url":"https:\/\/bydauto.com.co\/blog\/wp-content\/uploads\/2025\/10\/cropped-logo_oscuro_7862c2d25a.png","contentUrl":"https:\/\/bydauto.com.co\/blog\/wp-content\/uploads\/2025\/10\/cropped-logo_oscuro_7862c2d25a.png","width":1290,"height":250,"caption":"BYD Auto Colombia"},"image":{"@id":"https:\/\/bydauto.com.co\/blog\/#\/schema\/logo\/image\/"},"sameAs":["https:\/\/www.facebook.com\/BYDAutoColombia","https:\/\/www.instagram.com\/bydautocolombia\/","https:\/\/www.youtube.com\/channel\/UC5T2CarA3VHbF6buuvcWPXA"]},{"@type":"Person","@id":"https:\/\/bydauto.com.co\/blog\/#\/schema\/person\/97e38996cd8677f633cf07d20d82096f","name":"Daniel Torres","image":{"@type":"ImageObject","inLanguage":"es-CO","@id":"https:\/\/bydauto.com.co\/blog\/#\/schema\/person\/image\/","url":"https:\/\/secure.gravatar.com\/avatar\/460795ba393c7da1a1279ef49917f11f?s=96&d=mm&r=g","contentUrl":"https:\/\/secure.gravatar.com\/avatar\/460795ba393c7da1a1279ef49917f11f?s=96&d=mm&r=g","caption":"Daniel Torres"},"url":"https:\/\/bydauto.com.co\/blog\/author\/egt\/"}]}},"_links":{"self":[{"href":"https:\/\/bydauto.com.co\/blog\/wp-json\/wp\/v2\/posts\/1415"}],"collection":[{"href":"https:\/\/bydauto.com.co\/blog\/wp-json\/wp\/v2\/posts"}],"about":[{"href":"https:\/\/bydauto.com.co\/blog\/wp-json\/wp\/v2\/types\/post"}],"author":[{"embeddable":true,"href":"https:\/\/bydauto.com.co\/blog\/wp-json\/wp\/v2\/users\/4"}],"replies":[{"embeddable":true,"href":"https:\/\/bydauto.com.co\/blog\/wp-json\/wp\/v2\/comments?post=1415"}],"version-history":[{"count":2,"href":"https:\/\/bydauto.com.co\/blog\/wp-json\/wp\/v2\/posts\/1415\/revisions"}],"predecessor-version":[{"id":1419,"href":"https:\/\/bydauto.com.co\/blog\/wp-json\/wp\/v2\/posts\/1415\/revisions\/1419"}],"wp:featuredmedia":[{"embeddable":true,"href":"https:\/\/bydauto.com.co\/blog\/wp-json\/wp\/v2\/media\/1416"}],"wp:attachment":[{"href":"https:\/\/bydauto.com.co\/blog\/wp-json\/wp\/v2\/media?parent=1415"}],"wp:term":[{"taxonomy":"category","embeddable":true,"href":"https:\/\/bydauto.com.co\/blog\/wp-json\/wp\/v2\/categories?post=1415"},{"taxonomy":"post_tag","embeddable":true,"href":"https:\/\/bydauto.com.co\/blog\/wp-json\/wp\/v2\/tags?post=1415"}],"curies":[{"name":"wp","href":"https:\/\/api.w.org\/{rel}","templated":true}]}}