{"id":1169,"date":"2023-02-03T08:55:12","date_gmt":"2023-02-03T13:55:12","guid":{"rendered":"https:\/\/bydauto.com.co\/blog\/?p=1169"},"modified":"2023-02-03T08:55:13","modified_gmt":"2023-02-03T13:55:13","slug":"cuales-son-los-cambios-en-el-pico-y-placa-de-bogota-para-este-2023","status":"publish","type":"post","link":"https:\/\/bydauto.com.co\/blog\/cuales-son-los-cambios-en-el-pico-y-placa-de-bogota-para-este-2023\/","title":{"rendered":"Conozca c\u00f3mo funcionar\u00e1 el pico y placa para veh\u00edculos particulares en Bogot\u00e1 este 2023"},"content":{"rendered":"\n<figure class=\"wp-block-image size-large\"><img loading=\"lazy\" decoding=\"async\" width=\"768\" height=\"464\" src=\"https:\/\/bydauto.com.co\/blog\/wp-content\/uploads\/2023\/02\/pico-y-placa-en-bogot\u00e1.jpg\" alt=\"hombre en el interior de su veh\u00edculo\" class=\"wp-image-1170\" srcset=\"https:\/\/bydauto.com.co\/blog\/wp-content\/uploads\/2023\/02\/pico-y-placa-en-bogot\u00e1.jpg 768w, https:\/\/bydauto.com.co\/blog\/wp-content\/uploads\/2023\/02\/pico-y-placa-en-bogot\u00e1-300x181.jpg 300w\" sizes=\"(max-width: 767px) 89vw, (max-width: 1000px) 54vw, (max-width: 1071px) 543px, 580px\" \/><\/figure>\n\n\n\n<h2 class=\"wp-block-heading\"><strong>Con el fin de hacer equitativo el uso del carro, disminuir gases contaminantes y mejorar la movilidad en Bogot\u00e1, desde el pasado 10 de enero las condiciones de pico y placa cambiaron. <\/strong><\/h2>\n\n\n\n<p>Qu\u00e9date con nosotros para conocer detalles sobre la rotaci\u00f3n, horarios y dem\u00e1s aspectos relevantes de esta medida.<\/p>\n\n\n\n<p>A trav\u00e9s del decreto 003, el distrito determin\u00f3 que los <strong>autos cuyas placas terminen en 1,2,3,4 y 5 estar\u00edan en restricci\u00f3n los d\u00edas pares. Por otro lado, aquellas placas terminadas en 6,7,8,9 y 0 tienen restricci\u00f3n los d\u00edas impares. <\/strong>Cabe resaltar que el horario se mantiene, es decir,<strong> inicia a las 6 a.m. y finaliza a las 9 p.m.<\/strong><\/p>\n\n\n\n<p>Recuerda que las sanciones pedag\u00f3gicas finalizaron el pasado 16 de enero. Es decir que, a partir del 17 de enero, ya se imponen en la ciudad comparendos sancionatorios equivalentes a $522.900 a aquellas personas que conducen en el horario que no les corresponde.<\/p>\n\n\n\n<h3 class=\"wp-block-heading\"><strong>Valores 2023 para aplicar a la excepci\u00f3n del pico y placa solidario<\/strong><\/h3>\n\n\n\n<p>Si necesitas eximir tu veh\u00edculo por alguna circunstancia, podr\u00e1s acceder al pico y placa solidario con el cual circular por la ciudad con la periodicidad que mejor se ajuste a tus necesidades. Esta contribuci\u00f3n econ\u00f3mica se destinar\u00e1 al mejoramiento del Sistema Integrado de Transporte P\u00fablico de Bogot\u00e1.<\/p>\n\n\n\n<p>Quienes deseen pagar para circular libremente por la ciudad, contar\u00e1n con varias opciones dependiendo de la periodicidad:<\/p>\n\n\n\n<ul class=\"wp-block-list\"><li>Un d\u00eda: $58.178<\/li><li>Plan mensual: $464.974<\/li><li>Plan anual: $2.325.095<\/li><\/ul>\n\n\n\n<p>Si tienes alg\u00fan problema al solicitarlo, puedes acceder al siguiente enlace para generar el soporte que te permita corroborar tu permiso: <a href=\"https:\/\/www.movilidadbogota.gov.co\/web\/content\/reporte_de_fallas_pico_y_placa_solidario\">Reporte de Fallas Pico y Placa Solidario | Secretar\u00eda Distrital de Movilidad (movilidadbogota.gov.co)<\/a><\/p>\n\n\n\n<p>La Secretar\u00eda de Movilidad anunci\u00f3 que, <strong>en caso de que se modifique la medida, se anunciar\u00e1 con m\u00ednimo diez d\u00edas de anticipaci\u00f3n<\/strong> a la aplicaci\u00f3n de la misma, por eso te invitamos a estar atento a las novedades en materia de movilidad.<\/p>\n\n\n\n<h3 class=\"wp-block-heading\"><strong>Se mantiene la excepci\u00f3n de pico y placa para veh\u00edculos h\u00edbridos y el\u00e9ctricos<\/strong><\/h3>\n\n\n\n<figure class=\"wp-block-image size-large\"><img loading=\"lazy\" decoding=\"async\" width=\"768\" height=\"464\" src=\"https:\/\/bydauto.com.co\/blog\/wp-content\/uploads\/2022\/11\/byd-alcanza-tres-nuevos-vehiculos-electricos-en-salon-del-automovil-paris-1-1.gif\" alt=\"Autos byd rojo, blanco y azul\" class=\"wp-image-1097\"\/><\/figure>\n\n\n\n<p>Cada vez son m\u00e1s los colombianos que transitan hacia la movilidad sostenible y prefieren los autos de nuevas energ\u00edas. Estos veh\u00edculos ofrecen m\u00faltiples ventajas que no solo se orientan al cuidado del medio ambiente, sino que tambi\u00e9n benefician su bolsillo:<\/p>\n\n\n\n<ul class=\"wp-block-list\"><li>Ninguna de las tarifas de impuestos aplicables podr\u00e1 superar el 1% del valor comercial del veh\u00edculo<\/li><li>Descuento del 10% en las primas de los seguros SOAT<\/li><li>Descuento en el valor de la revisi\u00f3n tecno-mec\u00e1nica<\/li><li>Exenci\u00f3n de las medidas de restricci\u00f3n de movilidad vehicular en cualquiera de sus modalidades (pico y placa, d\u00eda sin carro, etc)<\/li><li>Parqueadero preferencial para carros el\u00e9ctricos (M\u00ednimo 2% del total de las plazas de parqueo seg\u00fan el espacio del recinto)<\/li><li>Garant\u00eda de importaci\u00f3n de autopartes y repuestos para los carros el\u00e9ctricos<\/li><\/ul>\n\n\n\n<p>Te invitamos a que te sumerjas en este estilo de vida y conozcas todos los atributos de tener un veh\u00edculo sostenible: <a href=\"https:\/\/bydauto.com.co\/blog\/beneficios-ante-la-ley-colombiana\/\">\u00bfConoces los beneficios tributarios de tener un veh\u00edculo el\u00e9ctrico?<\/a><\/p>\n\n\n\n<p>Conoce <a href=\"https:\/\/bydauto.com.co\/blog\/beneficios-ante-la-ley-colombiana\/\">aqu\u00ed<\/a> la gama de veh\u00edculos de \u00faltima tecnolog\u00eda que BYD tiene para ti.<\/p>\n","protected":false},"excerpt":{"rendered":"<p>Con el fin de hacer equitativo el uso del carro, disminuir gases contaminantes y mejorar la movilidad en Bogot\u00e1, desde el pasado 10 de enero las condiciones de pico y placa cambiaron. Qu\u00e9date con nosotros para conocer detalles sobre la rotaci\u00f3n, horarios y dem\u00e1s aspectos relevantes de esta medida. A trav\u00e9s del decreto 003, el &hellip; <\/p>\n<p class=\"link-more\"><a href=\"https:\/\/bydauto.com.co\/blog\/cuales-son-los-cambios-en-el-pico-y-placa-de-bogota-para-este-2023\/\" class=\"more-link\">Seguir leyendo<span class=\"screen-reader-text\"> &#8220;Conozca c\u00f3mo funcionar\u00e1 el pico y placa para veh\u00edculos particulares en Bogot\u00e1 este 2023&#8221;<\/span><\/a><\/p>\n","protected":false},"author":4,"featured_media":1170,"comment_status":"open","ping_status":"open","sticky":false,"template":"","format":"standard","meta":{"footnotes":""},"categories":[11],"tags":[],"class_list":["post-1169","post","type-post","status-publish","format-standard","has-post-thumbnail","hentry","category-movilidad-sostenible"],"yoast_head":"<!-- This site is optimized with the Yoast SEO plugin v23.6 - https:\/\/yoast.com\/wordpress\/plugins\/seo\/ -->\n<title>\u00bfCu\u00e1les son los cambios en el pico y placa de Bogot\u00e1 para este 2023?<\/title>\n<meta name=\"description\" content=\"Carros de nueva energ\u00eda est\u00e1n exentos de pico y placa. Adem\u00e1s de aportar a la construcci\u00f3n de ciudades sostenibles, cuidan el bolsillo\" \/>\n<meta name=\"robots\" content=\"index, follow, max-snippet:-1, max-image-preview:large, max-video-preview:-1\" \/>\n<link rel=\"canonical\" href=\"https:\/\/bydauto.com.co\/blog\/cuales-son-los-cambios-en-el-pico-y-placa-de-bogota-para-este-2023\/\" \/>\n<meta property=\"og:locale\" content=\"es_ES\" \/>\n<meta property=\"og:type\" content=\"article\" \/>\n<meta property=\"og:title\" content=\"\u00bfCu\u00e1les son los cambios en el pico y placa de Bogot\u00e1 para este 2023?\" \/>\n<meta property=\"og:description\" content=\"Carros de nueva energ\u00eda est\u00e1n exentos de pico y placa. Adem\u00e1s de aportar a la construcci\u00f3n de ciudades sostenibles, cuidan el bolsillo\" \/>\n<meta property=\"og:url\" content=\"https:\/\/bydauto.com.co\/blog\/cuales-son-los-cambios-en-el-pico-y-placa-de-bogota-para-este-2023\/\" \/>\n<meta property=\"og:site_name\" content=\"BYD Auto Colombia\" \/>\n<meta property=\"article:publisher\" content=\"https:\/\/www.facebook.com\/BYDAutoColombia\" \/>\n<meta property=\"article:published_time\" content=\"2023-02-03T13:55:12+00:00\" \/>\n<meta property=\"article:modified_time\" content=\"2023-02-03T13:55:13+00:00\" \/>\n<meta property=\"og:image\" content=\"https:\/\/bydauto.com.co\/blog\/wp-content\/uploads\/2023\/02\/pico-y-placa-en-bogot\u00e1.jpg\" \/>\n\t<meta property=\"og:image:width\" content=\"768\" \/>\n\t<meta property=\"og:image:height\" content=\"464\" \/>\n\t<meta property=\"og:image:type\" content=\"image\/jpeg\" \/>\n<meta name=\"author\" content=\"Daniel Torres\" \/>\n<meta name=\"twitter:label1\" content=\"Escrito por\" \/>\n\t<meta name=\"twitter:data1\" content=\"Daniel Torres\" \/>\n\t<meta name=\"twitter:label2\" content=\"Tiempo de lectura\" \/>\n\t<meta name=\"twitter:data2\" content=\"3 minutos\" \/>\n<script type=\"application\/ld+json\" class=\"yoast-schema-graph\">{\"@context\":\"https:\/\/schema.org\",\"@graph\":[{\"@type\":\"Article\",\"@id\":\"https:\/\/bydauto.com.co\/blog\/cuales-son-los-cambios-en-el-pico-y-placa-de-bogota-para-este-2023\/#article\",\"isPartOf\":{\"@id\":\"https:\/\/bydauto.com.co\/blog\/cuales-son-los-cambios-en-el-pico-y-placa-de-bogota-para-este-2023\/\"},\"author\":{\"name\":\"Daniel Torres\",\"@id\":\"https:\/\/bydauto.com.co\/blog\/#\/schema\/person\/97e38996cd8677f633cf07d20d82096f\"},\"headline\":\"Conozca c\u00f3mo funcionar\u00e1 el pico y placa para veh\u00edculos particulares en Bogot\u00e1 este 2023\",\"datePublished\":\"2023-02-03T13:55:12+00:00\",\"dateModified\":\"2023-02-03T13:55:13+00:00\",\"mainEntityOfPage\":{\"@id\":\"https:\/\/bydauto.com.co\/blog\/cuales-son-los-cambios-en-el-pico-y-placa-de-bogota-para-este-2023\/\"},\"wordCount\":545,\"commentCount\":0,\"publisher\":{\"@id\":\"https:\/\/bydauto.com.co\/blog\/#organization\"},\"image\":{\"@id\":\"https:\/\/bydauto.com.co\/blog\/cuales-son-los-cambios-en-el-pico-y-placa-de-bogota-para-este-2023\/#primaryimage\"},\"thumbnailUrl\":\"https:\/\/bydauto.com.co\/blog\/wp-content\/uploads\/2023\/02\/pico-y-placa-en-bogot\u00e1.jpg\",\"articleSection\":[\"Movilidad sostenible\"],\"inLanguage\":\"es-CO\",\"potentialAction\":[{\"@type\":\"CommentAction\",\"name\":\"Comment\",\"target\":[\"https:\/\/bydauto.com.co\/blog\/cuales-son-los-cambios-en-el-pico-y-placa-de-bogota-para-este-2023\/#respond\"]}]},{\"@type\":\"WebPage\",\"@id\":\"https:\/\/bydauto.com.co\/blog\/cuales-son-los-cambios-en-el-pico-y-placa-de-bogota-para-este-2023\/\",\"url\":\"https:\/\/bydauto.com.co\/blog\/cuales-son-los-cambios-en-el-pico-y-placa-de-bogota-para-este-2023\/\",\"name\":\"\u00bfCu\u00e1les son los cambios en el pico y placa de Bogot\u00e1 para este 2023?\",\"isPartOf\":{\"@id\":\"https:\/\/bydauto.com.co\/blog\/#website\"},\"primaryImageOfPage\":{\"@id\":\"https:\/\/bydauto.com.co\/blog\/cuales-son-los-cambios-en-el-pico-y-placa-de-bogota-para-este-2023\/#primaryimage\"},\"image\":{\"@id\":\"https:\/\/bydauto.com.co\/blog\/cuales-son-los-cambios-en-el-pico-y-placa-de-bogota-para-este-2023\/#primaryimage\"},\"thumbnailUrl\":\"https:\/\/bydauto.com.co\/blog\/wp-content\/uploads\/2023\/02\/pico-y-placa-en-bogot\u00e1.jpg\",\"datePublished\":\"2023-02-03T13:55:12+00:00\",\"dateModified\":\"2023-02-03T13:55:13+00:00\",\"description\":\"Carros de nueva energ\u00eda est\u00e1n exentos de pico y placa. Adem\u00e1s de aportar a la construcci\u00f3n de ciudades sostenibles, cuidan el bolsillo\",\"breadcrumb\":{\"@id\":\"https:\/\/bydauto.com.co\/blog\/cuales-son-los-cambios-en-el-pico-y-placa-de-bogota-para-este-2023\/#breadcrumb\"},\"inLanguage\":\"es-CO\",\"potentialAction\":[{\"@type\":\"ReadAction\",\"target\":[\"https:\/\/bydauto.com.co\/blog\/cuales-son-los-cambios-en-el-pico-y-placa-de-bogota-para-este-2023\/\"]}]},{\"@type\":\"ImageObject\",\"inLanguage\":\"es-CO\",\"@id\":\"https:\/\/bydauto.com.co\/blog\/cuales-son-los-cambios-en-el-pico-y-placa-de-bogota-para-este-2023\/#primaryimage\",\"url\":\"https:\/\/bydauto.com.co\/blog\/wp-content\/uploads\/2023\/02\/pico-y-placa-en-bogot\u00e1.jpg\",\"contentUrl\":\"https:\/\/bydauto.com.co\/blog\/wp-content\/uploads\/2023\/02\/pico-y-placa-en-bogot\u00e1.jpg\",\"width\":768,\"height\":464,\"caption\":\"hombre en el interior de su veh\u00edculo el\u00e9ctrico\"},{\"@type\":\"BreadcrumbList\",\"@id\":\"https:\/\/bydauto.com.co\/blog\/cuales-son-los-cambios-en-el-pico-y-placa-de-bogota-para-este-2023\/#breadcrumb\",\"itemListElement\":[{\"@type\":\"ListItem\",\"position\":1,\"name\":\"Home\",\"item\":\"https:\/\/bydauto.com.co\/blog\/\"},{\"@type\":\"ListItem\",\"position\":2,\"name\":\"Conozca c\u00f3mo funcionar\u00e1 el pico y placa para veh\u00edculos particulares en Bogot\u00e1 este 2023\"}]},{\"@type\":\"WebSite\",\"@id\":\"https:\/\/bydauto.com.co\/blog\/#website\",\"url\":\"https:\/\/bydauto.com.co\/blog\/\",\"name\":\"BYD Auto Colombia\",\"description\":\"Te damos la bienvenida al blog oficial de BYD Auto Colombia.\",\"publisher\":{\"@id\":\"https:\/\/bydauto.com.co\/blog\/#organization\"},\"potentialAction\":[{\"@type\":\"SearchAction\",\"target\":{\"@type\":\"EntryPoint\",\"urlTemplate\":\"https:\/\/bydauto.com.co\/blog\/?s={search_term_string}\"},\"query-input\":{\"@type\":\"PropertyValueSpecification\",\"valueRequired\":true,\"valueName\":\"search_term_string\"}}],\"inLanguage\":\"es-CO\"},{\"@type\":\"Organization\",\"@id\":\"https:\/\/bydauto.com.co\/blog\/#organization\",\"name\":\"BYD Auto Colombia\",\"url\":\"https:\/\/bydauto.com.co\/blog\/\",\"logo\":{\"@type\":\"ImageObject\",\"inLanguage\":\"es-CO\",\"@id\":\"https:\/\/bydauto.com.co\/blog\/#\/schema\/logo\/image\/\",\"url\":\"https:\/\/bydauto.com.co\/blog\/wp-content\/uploads\/2025\/10\/cropped-logo_oscuro_7862c2d25a.png\",\"contentUrl\":\"https:\/\/bydauto.com.co\/blog\/wp-content\/uploads\/2025\/10\/cropped-logo_oscuro_7862c2d25a.png\",\"width\":1290,\"height\":250,\"caption\":\"BYD Auto Colombia\"},\"image\":{\"@id\":\"https:\/\/bydauto.com.co\/blog\/#\/schema\/logo\/image\/\"},\"sameAs\":[\"https:\/\/www.facebook.com\/BYDAutoColombia\",\"https:\/\/www.instagram.com\/bydautocolombia\/\",\"https:\/\/www.youtube.com\/channel\/UC5T2CarA3VHbF6buuvcWPXA\"]},{\"@type\":\"Person\",\"@id\":\"https:\/\/bydauto.com.co\/blog\/#\/schema\/person\/97e38996cd8677f633cf07d20d82096f\",\"name\":\"Daniel Torres\",\"image\":{\"@type\":\"ImageObject\",\"inLanguage\":\"es-CO\",\"@id\":\"https:\/\/bydauto.com.co\/blog\/#\/schema\/person\/image\/\",\"url\":\"https:\/\/secure.gravatar.com\/avatar\/460795ba393c7da1a1279ef49917f11f?s=96&d=mm&r=g\",\"contentUrl\":\"https:\/\/secure.gravatar.com\/avatar\/460795ba393c7da1a1279ef49917f11f?s=96&d=mm&r=g\",\"caption\":\"Daniel Torres\"},\"url\":\"https:\/\/bydauto.com.co\/blog\/author\/egt\/\"}]}<\/script>\n<!-- \/ Yoast SEO plugin. -->","yoast_head_json":{"title":"\u00bfCu\u00e1les son los cambios en el pico y placa de Bogot\u00e1 para este 2023?","description":"Carros de nueva energ\u00eda est\u00e1n exentos de pico y placa. Adem\u00e1s de aportar a la construcci\u00f3n de ciudades sostenibles, cuidan el bolsillo","robots":{"index":"index","follow":"follow","max-snippet":"max-snippet:-1","max-image-preview":"max-image-preview:large","max-video-preview":"max-video-preview:-1"},"canonical":"https:\/\/bydauto.com.co\/blog\/cuales-son-los-cambios-en-el-pico-y-placa-de-bogota-para-este-2023\/","og_locale":"es_ES","og_type":"article","og_title":"\u00bfCu\u00e1les son los cambios en el pico y placa de Bogot\u00e1 para este 2023?","og_description":"Carros de nueva energ\u00eda est\u00e1n exentos de pico y placa. Adem\u00e1s de aportar a la construcci\u00f3n de ciudades sostenibles, cuidan el bolsillo","og_url":"https:\/\/bydauto.com.co\/blog\/cuales-son-los-cambios-en-el-pico-y-placa-de-bogota-para-este-2023\/","og_site_name":"BYD Auto Colombia","article_publisher":"https:\/\/www.facebook.com\/BYDAutoColombia","article_published_time":"2023-02-03T13:55:12+00:00","article_modified_time":"2023-02-03T13:55:13+00:00","og_image":[{"width":768,"height":464,"url":"https:\/\/bydauto.com.co\/blog\/wp-content\/uploads\/2023\/02\/pico-y-placa-en-bogot\u00e1.jpg","type":"image\/jpeg"}],"author":"Daniel Torres","twitter_misc":{"Escrito por":"Daniel Torres","Tiempo de lectura":"3 minutos"},"schema":{"@context":"https:\/\/schema.org","@graph":[{"@type":"Article","@id":"https:\/\/bydauto.com.co\/blog\/cuales-son-los-cambios-en-el-pico-y-placa-de-bogota-para-este-2023\/#article","isPartOf":{"@id":"https:\/\/bydauto.com.co\/blog\/cuales-son-los-cambios-en-el-pico-y-placa-de-bogota-para-este-2023\/"},"author":{"name":"Daniel Torres","@id":"https:\/\/bydauto.com.co\/blog\/#\/schema\/person\/97e38996cd8677f633cf07d20d82096f"},"headline":"Conozca c\u00f3mo funcionar\u00e1 el pico y placa para veh\u00edculos particulares en Bogot\u00e1 este 2023","datePublished":"2023-02-03T13:55:12+00:00","dateModified":"2023-02-03T13:55:13+00:00","mainEntityOfPage":{"@id":"https:\/\/bydauto.com.co\/blog\/cuales-son-los-cambios-en-el-pico-y-placa-de-bogota-para-este-2023\/"},"wordCount":545,"commentCount":0,"publisher":{"@id":"https:\/\/bydauto.com.co\/blog\/#organization"},"image":{"@id":"https:\/\/bydauto.com.co\/blog\/cuales-son-los-cambios-en-el-pico-y-placa-de-bogota-para-este-2023\/#primaryimage"},"thumbnailUrl":"https:\/\/bydauto.com.co\/blog\/wp-content\/uploads\/2023\/02\/pico-y-placa-en-bogot\u00e1.jpg","articleSection":["Movilidad sostenible"],"inLanguage":"es-CO","potentialAction":[{"@type":"CommentAction","name":"Comment","target":["https:\/\/bydauto.com.co\/blog\/cuales-son-los-cambios-en-el-pico-y-placa-de-bogota-para-este-2023\/#respond"]}]},{"@type":"WebPage","@id":"https:\/\/bydauto.com.co\/blog\/cuales-son-los-cambios-en-el-pico-y-placa-de-bogota-para-este-2023\/","url":"https:\/\/bydauto.com.co\/blog\/cuales-son-los-cambios-en-el-pico-y-placa-de-bogota-para-este-2023\/","name":"\u00bfCu\u00e1les son los cambios en el pico y placa de Bogot\u00e1 para este 2023?","isPartOf":{"@id":"https:\/\/bydauto.com.co\/blog\/#website"},"primaryImageOfPage":{"@id":"https:\/\/bydauto.com.co\/blog\/cuales-son-los-cambios-en-el-pico-y-placa-de-bogota-para-este-2023\/#primaryimage"},"image":{"@id":"https:\/\/bydauto.com.co\/blog\/cuales-son-los-cambios-en-el-pico-y-placa-de-bogota-para-este-2023\/#primaryimage"},"thumbnailUrl":"https:\/\/bydauto.com.co\/blog\/wp-content\/uploads\/2023\/02\/pico-y-placa-en-bogot\u00e1.jpg","datePublished":"2023-02-03T13:55:12+00:00","dateModified":"2023-02-03T13:55:13+00:00","description":"Carros de nueva energ\u00eda est\u00e1n exentos de pico y placa. Adem\u00e1s de aportar a la construcci\u00f3n de ciudades sostenibles, cuidan el bolsillo","breadcrumb":{"@id":"https:\/\/bydauto.com.co\/blog\/cuales-son-los-cambios-en-el-pico-y-placa-de-bogota-para-este-2023\/#breadcrumb"},"inLanguage":"es-CO","potentialAction":[{"@type":"ReadAction","target":["https:\/\/bydauto.com.co\/blog\/cuales-son-los-cambios-en-el-pico-y-placa-de-bogota-para-este-2023\/"]}]},{"@type":"ImageObject","inLanguage":"es-CO","@id":"https:\/\/bydauto.com.co\/blog\/cuales-son-los-cambios-en-el-pico-y-placa-de-bogota-para-este-2023\/#primaryimage","url":"https:\/\/bydauto.com.co\/blog\/wp-content\/uploads\/2023\/02\/pico-y-placa-en-bogot\u00e1.jpg","contentUrl":"https:\/\/bydauto.com.co\/blog\/wp-content\/uploads\/2023\/02\/pico-y-placa-en-bogot\u00e1.jpg","width":768,"height":464,"caption":"hombre en el interior de su veh\u00edculo el\u00e9ctrico"},{"@type":"BreadcrumbList","@id":"https:\/\/bydauto.com.co\/blog\/cuales-son-los-cambios-en-el-pico-y-placa-de-bogota-para-este-2023\/#breadcrumb","itemListElement":[{"@type":"ListItem","position":1,"name":"Home","item":"https:\/\/bydauto.com.co\/blog\/"},{"@type":"ListItem","position":2,"name":"Conozca c\u00f3mo funcionar\u00e1 el pico y placa para veh\u00edculos particulares en Bogot\u00e1 este 2023"}]},{"@type":"WebSite","@id":"https:\/\/bydauto.com.co\/blog\/#website","url":"https:\/\/bydauto.com.co\/blog\/","name":"BYD Auto Colombia","description":"Te damos la bienvenida al blog oficial de BYD Auto Colombia.","publisher":{"@id":"https:\/\/bydauto.com.co\/blog\/#organization"},"potentialAction":[{"@type":"SearchAction","target":{"@type":"EntryPoint","urlTemplate":"https:\/\/bydauto.com.co\/blog\/?s={search_term_string}"},"query-input":{"@type":"PropertyValueSpecification","valueRequired":true,"valueName":"search_term_string"}}],"inLanguage":"es-CO"},{"@type":"Organization","@id":"https:\/\/bydauto.com.co\/blog\/#organization","name":"BYD Auto Colombia","url":"https:\/\/bydauto.com.co\/blog\/","logo":{"@type":"ImageObject","inLanguage":"es-CO","@id":"https:\/\/bydauto.com.co\/blog\/#\/schema\/logo\/image\/","url":"https:\/\/bydauto.com.co\/blog\/wp-content\/uploads\/2025\/10\/cropped-logo_oscuro_7862c2d25a.png","contentUrl":"https:\/\/bydauto.com.co\/blog\/wp-content\/uploads\/2025\/10\/cropped-logo_oscuro_7862c2d25a.png","width":1290,"height":250,"caption":"BYD Auto Colombia"},"image":{"@id":"https:\/\/bydauto.com.co\/blog\/#\/schema\/logo\/image\/"},"sameAs":["https:\/\/www.facebook.com\/BYDAutoColombia","https:\/\/www.instagram.com\/bydautocolombia\/","https:\/\/www.youtube.com\/channel\/UC5T2CarA3VHbF6buuvcWPXA"]},{"@type":"Person","@id":"https:\/\/bydauto.com.co\/blog\/#\/schema\/person\/97e38996cd8677f633cf07d20d82096f","name":"Daniel Torres","image":{"@type":"ImageObject","inLanguage":"es-CO","@id":"https:\/\/bydauto.com.co\/blog\/#\/schema\/person\/image\/","url":"https:\/\/secure.gravatar.com\/avatar\/460795ba393c7da1a1279ef49917f11f?s=96&d=mm&r=g","contentUrl":"https:\/\/secure.gravatar.com\/avatar\/460795ba393c7da1a1279ef49917f11f?s=96&d=mm&r=g","caption":"Daniel Torres"},"url":"https:\/\/bydauto.com.co\/blog\/author\/egt\/"}]}},"_links":{"self":[{"href":"https:\/\/bydauto.com.co\/blog\/wp-json\/wp\/v2\/posts\/1169"}],"collection":[{"href":"https:\/\/bydauto.com.co\/blog\/wp-json\/wp\/v2\/posts"}],"about":[{"href":"https:\/\/bydauto.com.co\/blog\/wp-json\/wp\/v2\/types\/post"}],"author":[{"embeddable":true,"href":"https:\/\/bydauto.com.co\/blog\/wp-json\/wp\/v2\/users\/4"}],"replies":[{"embeddable":true,"href":"https:\/\/bydauto.com.co\/blog\/wp-json\/wp\/v2\/comments?post=1169"}],"version-history":[{"count":1,"href":"https:\/\/bydauto.com.co\/blog\/wp-json\/wp\/v2\/posts\/1169\/revisions"}],"predecessor-version":[{"id":1171,"href":"https:\/\/bydauto.com.co\/blog\/wp-json\/wp\/v2\/posts\/1169\/revisions\/1171"}],"wp:featuredmedia":[{"embeddable":true,"href":"https:\/\/bydauto.com.co\/blog\/wp-json\/wp\/v2\/media\/1170"}],"wp:attachment":[{"href":"https:\/\/bydauto.com.co\/blog\/wp-json\/wp\/v2\/media?parent=1169"}],"wp:term":[{"taxonomy":"category","embeddable":true,"href":"https:\/\/bydauto.com.co\/blog\/wp-json\/wp\/v2\/categories?post=1169"},{"taxonomy":"post_tag","embeddable":true,"href":"https:\/\/bydauto.com.co\/blog\/wp-json\/wp\/v2\/tags?post=1169"}],"curies":[{"name":"wp","href":"https:\/\/api.w.org\/{rel}","templated":true}]}}