{"id":1166,"date":"2023-01-31T18:23:02","date_gmt":"2023-01-31T23:23:02","guid":{"rendered":"https:\/\/bydauto.com.co\/blog\/?p=1166"},"modified":"2023-01-31T18:23:04","modified_gmt":"2023-01-31T23:23:04","slug":"byd-tuvo-crecimiento-exponencial-por-su-aporte-a-la-sostenibilidad","status":"publish","type":"post","link":"https:\/\/bydauto.com.co\/blog\/byd-tuvo-crecimiento-exponencial-por-su-aporte-a-la-sostenibilidad\/","title":{"rendered":"Observa el gran porcentaje de crecimiento de BYD como l\u00edder en la fabricaci\u00f3n de veh\u00edculos de nuevas energ\u00edas"},"content":{"rendered":"\n<figure class=\"wp-block-image size-large\"><img loading=\"lazy\" decoding=\"async\" width=\"740\" height=\"416\" src=\"https:\/\/bydauto.com.co\/blog\/wp-content\/uploads\/2022\/08\/vehiculo-byd-cargando.jpg\" alt=\"Veh\u00edculo el\u00e9ctrico BYD cargando\" class=\"wp-image-981\" srcset=\"https:\/\/bydauto.com.co\/blog\/wp-content\/uploads\/2022\/08\/vehiculo-byd-cargando.jpg 740w, https:\/\/bydauto.com.co\/blog\/wp-content\/uploads\/2022\/08\/vehiculo-byd-cargando-300x169.jpg 300w\" sizes=\"(max-width: 706px) 89vw, (max-width: 767px) 82vw, 740px\" \/><\/figure>\n\n\n\n<h3 class=\"wp-block-heading\"><strong>BYD ha demostrado su profundo compromiso en materia de sostenibilidad a nivel mundial pues, precisamente, uno de sus objetivos m\u00e1s ambiciosos es contribuir a enfriar la tierra 1\u00b0C. Por eso, desde abril de 2022, anunci\u00f3 que a partir de la fecha s\u00f3lo producir\u00eda veh\u00edculos el\u00e9ctricos de bater\u00eda e h\u00edbridos enchufables.<\/strong><\/h3>\n\n\n\n<p>Seg\u00fan un informe de Fuentes de Energ\u00eda Alternativa y Combustibles, el 2022 tuvo cifras favorables en materia de sostenibilidad, pues de los 217.833 veh\u00edculos nuevos matriculados hasta octubre de ese a\u00f1o, el 1.3% fueron el\u00e9ctricos. Al respecto, BYD registr\u00f3 el mayor n\u00famero de matr\u00edculas con un 51,1%.<\/p>\n\n\n\n<h3 class=\"wp-block-heading\"><strong>BYD rompe r\u00e9cord en crecimiento<\/strong><\/h3>\n\n\n\n<p>Gracias a su crecimiento hist\u00f3rico en ventas en m\u00e1s de 559% comparado con 2021, <strong>BYD se ha convertido en la marca l\u00edder en veh\u00edculos y buses el\u00e9ctricos<\/strong>. Esto ha<strong> potenciando la transici\u00f3n hacia la electrificaci\u00f3n de los diferentes niveles de transporte a nivel mundial.<\/strong><\/p>\n\n\n\n<p>Actualmente, en su 28 aniversario, confirm\u00f3 que planea continuar su expansi\u00f3n en el mercado colombiano para as\u00ed alcanzar nuevas l\u00edneas de negocio, como la de los &nbsp;camiones y autobuses 100% el\u00e9ctricos para el transporte p\u00fablico.<\/p>\n\n\n\n<p><strong>La compa\u00f1\u00eda china es coherente con aquellos principios que identifican la marca, no solo por la calidad de sus productos, sino tambi\u00e9n por la manera que ejecutan sus procesos<\/strong>. <\/p>\n\n\n\n<p>Su pol\u00edtica de fabricaci\u00f3n verde en la que se reduce el consumo de energ\u00eda, agua, residuos y emisiones contaminantes confirman su apuesta por la construcci\u00f3n de un futuro sostenible como un punto central en su agenda.<\/p>\n\n\n\n<p>Te puede interesar: <a href=\"https:\/\/bydauto.com.co\/blog\/unete-a-byd-para-ayudar-a-enfriar-la-tierra-1-grado-c\/\">\u00danete a BYD para ayudar a enfriar la tierra 1\u00b0C<\/a><\/p>\n\n\n\n<h3 class=\"wp-block-heading\"><strong>\u00bfPor qu\u00e9 su futuro es prometedor?<\/strong><\/h3>\n\n\n\n<figure class=\"wp-block-image size-large\"><img loading=\"lazy\" decoding=\"async\" width=\"768\" height=\"464\" src=\"https:\/\/bydauto.com.co\/blog\/wp-content\/uploads\/2023\/01\/flota-de-buses-byd-bogot\u00e1.jpg\" alt=\"9 buses de la nueva flota el\u00e9ctrica para Bogot\u00e1. Color verde\" class=\"wp-image-1167\" srcset=\"https:\/\/bydauto.com.co\/blog\/wp-content\/uploads\/2023\/01\/flota-de-buses-byd-bogot\u00e1.jpg 768w, https:\/\/bydauto.com.co\/blog\/wp-content\/uploads\/2023\/01\/flota-de-buses-byd-bogot\u00e1-300x181.jpg 300w\" sizes=\"(max-width: 767px) 89vw, (max-width: 1000px) 54vw, (max-width: 1071px) 543px, 580px\" \/><\/figure>\n\n\n\n<p>Este a\u00f1o el gobierno nacional tomar\u00e1 medidas para continuar con la transici\u00f3n hacia opciones de movilidad amigables con el medio ambiente. Estas operar\u00e1n especialmente en camiones de carga pesada, al ser uno de los principales productores de emisiones.<\/p>\n\n\n\n<p>Esta es una oportunidad perfecta para que BYD contin\u00fae aportando su experiencia y trayectoria a la construcci\u00f3n de un mejor planeta. La clave es respetar cualquier forma de vida, incluso la de los mismos seres humanos,  para habitar en condiciones dignas.\u00a0<\/p>\n\n\n\n<p>Te recomendamos: <a href=\"https:\/\/www.enelx.com\/co\/es\/historias\/electrificacion-en-colombia-enel-x\">claves para alcanzar la electrificaci\u00f3n en Colombia<\/a><\/p>\n\n\n\n<h3 class=\"wp-block-heading\"><strong>BYD ratifica su compromiso<\/strong><\/h3>\n\n\n\n<p>Hoy, con m\u00e1s de 1.500 buses el\u00e9ctricos, una flota de taxis, montacargas, camiones y productos innovadores relacionados con la movilidad sostenible y energ\u00edas, se comprometen a continuar promoviendo las tecnolog\u00edas el\u00e9ctricas en el pa\u00eds y el mundo entero.<\/p>\n\n\n\n<p>Su calidad, dise\u00f1o y costo competitivo le brindan cada vez m\u00e1s credibilidad en nuestro pa\u00eds. De hecho, hoy es parte de licitaciones y convocatorias de la capital, como la flota de buses de Transmilenio y otros procesos de tecnolog\u00eda el\u00e9ctrica.<\/p>\n\n\n\n<p>Los retos en materia de sostenibilidad son inmensos. Por eso, cada vez m\u00e1s los gobiernos se esfuerzan por implementar pol\u00edticas que se orienten a la completa electrificaci\u00f3n de la movilidad.<\/p>\n\n\n\n<p>Contin\u00faa leyendo: <a href=\"https:\/\/bydauto.com.co\/blog\/cuanto-ayuda-al-medio-ambiente-de-bogota-la-llegada-de-buses-electricos\/\">\u00bfCu\u00e1nto ayuda al medio ambiente de Bogot\u00e1 la llegada de buses el\u00e9ctricos?<\/a><\/p>\n","protected":false},"excerpt":{"rendered":"<p>BYD ha demostrado su profundo compromiso en materia de sostenibilidad a nivel mundial pues, precisamente, uno de sus objetivos m\u00e1s ambiciosos es contribuir a enfriar la tierra 1\u00b0C. Por eso, desde abril de 2022, anunci\u00f3 que a partir de la fecha s\u00f3lo producir\u00eda veh\u00edculos el\u00e9ctricos de bater\u00eda e h\u00edbridos enchufables. Seg\u00fan un informe de Fuentes &hellip; <\/p>\n<p class=\"link-more\"><a href=\"https:\/\/bydauto.com.co\/blog\/byd-tuvo-crecimiento-exponencial-por-su-aporte-a-la-sostenibilidad\/\" class=\"more-link\">Seguir leyendo<span class=\"screen-reader-text\"> &#8220;Observa el gran porcentaje de crecimiento de BYD como l\u00edder en la fabricaci\u00f3n de veh\u00edculos de nuevas energ\u00edas&#8221;<\/span><\/a><\/p>\n","protected":false},"author":4,"featured_media":981,"comment_status":"open","ping_status":"open","sticky":false,"template":"","format":"standard","meta":{"footnotes":""},"categories":[4,11],"tags":[13],"class_list":["post-1166","post","type-post","status-publish","format-standard","has-post-thumbnail","hentry","category-bydcolombia","category-movilidad-sostenible","tag-movilidad-sostenible"],"yoast_head":"<!-- This site is optimized with the Yoast SEO plugin v23.6 - https:\/\/yoast.com\/wordpress\/plugins\/seo\/ -->\n<title>BYD tuvo un crecimiento exponencial por su aporte a la sostenibilidad<\/title>\n<meta name=\"description\" content=\"Gracias a su crecimiento hist\u00f3rico en ventas en m\u00e1s de 559% comparado con 2021, se ha convertido en la marca l\u00edder en veh\u00edculos el\u00e9ctricos\" \/>\n<meta name=\"robots\" content=\"index, follow, max-snippet:-1, max-image-preview:large, max-video-preview:-1\" \/>\n<link rel=\"canonical\" href=\"https:\/\/bydauto.com.co\/blog\/byd-tuvo-crecimiento-exponencial-por-su-aporte-a-la-sostenibilidad\/\" \/>\n<meta property=\"og:locale\" content=\"es_ES\" \/>\n<meta property=\"og:type\" content=\"article\" \/>\n<meta property=\"og:title\" content=\"BYD tuvo un crecimiento exponencial por su aporte a la sostenibilidad\" \/>\n<meta property=\"og:description\" content=\"Gracias a su crecimiento hist\u00f3rico en ventas en m\u00e1s de 559% comparado con 2021, se ha convertido en la marca l\u00edder en veh\u00edculos el\u00e9ctricos\" \/>\n<meta property=\"og:url\" content=\"https:\/\/bydauto.com.co\/blog\/byd-tuvo-crecimiento-exponencial-por-su-aporte-a-la-sostenibilidad\/\" \/>\n<meta property=\"og:site_name\" content=\"BYD Auto Colombia\" \/>\n<meta property=\"article:publisher\" content=\"https:\/\/www.facebook.com\/BYDAutoColombia\" \/>\n<meta property=\"article:published_time\" content=\"2023-01-31T23:23:02+00:00\" \/>\n<meta property=\"article:modified_time\" content=\"2023-01-31T23:23:04+00:00\" \/>\n<meta property=\"og:image\" content=\"https:\/\/bydauto.com.co\/blog\/wp-content\/uploads\/2022\/08\/vehiculo-byd-cargando.jpg\" \/>\n\t<meta property=\"og:image:width\" content=\"740\" \/>\n\t<meta property=\"og:image:height\" content=\"416\" \/>\n\t<meta property=\"og:image:type\" content=\"image\/jpeg\" \/>\n<meta name=\"author\" content=\"Daniel Torres\" \/>\n<meta name=\"twitter:label1\" content=\"Escrito por\" \/>\n\t<meta name=\"twitter:data1\" content=\"Daniel Torres\" \/>\n\t<meta name=\"twitter:label2\" content=\"Tiempo de lectura\" \/>\n\t<meta name=\"twitter:data2\" content=\"3 minutos\" \/>\n<script type=\"application\/ld+json\" class=\"yoast-schema-graph\">{\"@context\":\"https:\/\/schema.org\",\"@graph\":[{\"@type\":\"Article\",\"@id\":\"https:\/\/bydauto.com.co\/blog\/byd-tuvo-crecimiento-exponencial-por-su-aporte-a-la-sostenibilidad\/#article\",\"isPartOf\":{\"@id\":\"https:\/\/bydauto.com.co\/blog\/byd-tuvo-crecimiento-exponencial-por-su-aporte-a-la-sostenibilidad\/\"},\"author\":{\"name\":\"Daniel Torres\",\"@id\":\"https:\/\/bydauto.com.co\/blog\/#\/schema\/person\/97e38996cd8677f633cf07d20d82096f\"},\"headline\":\"Observa el gran porcentaje de crecimiento de BYD como l\u00edder en la fabricaci\u00f3n de veh\u00edculos de nuevas energ\u00edas\",\"datePublished\":\"2023-01-31T23:23:02+00:00\",\"dateModified\":\"2023-01-31T23:23:04+00:00\",\"mainEntityOfPage\":{\"@id\":\"https:\/\/bydauto.com.co\/blog\/byd-tuvo-crecimiento-exponencial-por-su-aporte-a-la-sostenibilidad\/\"},\"wordCount\":547,\"commentCount\":0,\"publisher\":{\"@id\":\"https:\/\/bydauto.com.co\/blog\/#organization\"},\"image\":{\"@id\":\"https:\/\/bydauto.com.co\/blog\/byd-tuvo-crecimiento-exponencial-por-su-aporte-a-la-sostenibilidad\/#primaryimage\"},\"thumbnailUrl\":\"https:\/\/bydauto.com.co\/blog\/wp-content\/uploads\/2022\/08\/vehiculo-byd-cargando.jpg\",\"keywords\":[\"movilidad sostenible\"],\"articleSection\":[\"BYD Colombia\",\"Movilidad sostenible\"],\"inLanguage\":\"es-CO\",\"potentialAction\":[{\"@type\":\"CommentAction\",\"name\":\"Comment\",\"target\":[\"https:\/\/bydauto.com.co\/blog\/byd-tuvo-crecimiento-exponencial-por-su-aporte-a-la-sostenibilidad\/#respond\"]}]},{\"@type\":\"WebPage\",\"@id\":\"https:\/\/bydauto.com.co\/blog\/byd-tuvo-crecimiento-exponencial-por-su-aporte-a-la-sostenibilidad\/\",\"url\":\"https:\/\/bydauto.com.co\/blog\/byd-tuvo-crecimiento-exponencial-por-su-aporte-a-la-sostenibilidad\/\",\"name\":\"BYD tuvo un crecimiento exponencial por su aporte a la sostenibilidad\",\"isPartOf\":{\"@id\":\"https:\/\/bydauto.com.co\/blog\/#website\"},\"primaryImageOfPage\":{\"@id\":\"https:\/\/bydauto.com.co\/blog\/byd-tuvo-crecimiento-exponencial-por-su-aporte-a-la-sostenibilidad\/#primaryimage\"},\"image\":{\"@id\":\"https:\/\/bydauto.com.co\/blog\/byd-tuvo-crecimiento-exponencial-por-su-aporte-a-la-sostenibilidad\/#primaryimage\"},\"thumbnailUrl\":\"https:\/\/bydauto.com.co\/blog\/wp-content\/uploads\/2022\/08\/vehiculo-byd-cargando.jpg\",\"datePublished\":\"2023-01-31T23:23:02+00:00\",\"dateModified\":\"2023-01-31T23:23:04+00:00\",\"description\":\"Gracias a su crecimiento hist\u00f3rico en ventas en m\u00e1s de 559% comparado con 2021, se ha convertido en la marca l\u00edder en veh\u00edculos el\u00e9ctricos\",\"breadcrumb\":{\"@id\":\"https:\/\/bydauto.com.co\/blog\/byd-tuvo-crecimiento-exponencial-por-su-aporte-a-la-sostenibilidad\/#breadcrumb\"},\"inLanguage\":\"es-CO\",\"potentialAction\":[{\"@type\":\"ReadAction\",\"target\":[\"https:\/\/bydauto.com.co\/blog\/byd-tuvo-crecimiento-exponencial-por-su-aporte-a-la-sostenibilidad\/\"]}]},{\"@type\":\"ImageObject\",\"inLanguage\":\"es-CO\",\"@id\":\"https:\/\/bydauto.com.co\/blog\/byd-tuvo-crecimiento-exponencial-por-su-aporte-a-la-sostenibilidad\/#primaryimage\",\"url\":\"https:\/\/bydauto.com.co\/blog\/wp-content\/uploads\/2022\/08\/vehiculo-byd-cargando.jpg\",\"contentUrl\":\"https:\/\/bydauto.com.co\/blog\/wp-content\/uploads\/2022\/08\/vehiculo-byd-cargando.jpg\",\"width\":740,\"height\":416,\"caption\":\"Veh\u00edculo blanco el\u00e9ctrico BYD cargando\"},{\"@type\":\"BreadcrumbList\",\"@id\":\"https:\/\/bydauto.com.co\/blog\/byd-tuvo-crecimiento-exponencial-por-su-aporte-a-la-sostenibilidad\/#breadcrumb\",\"itemListElement\":[{\"@type\":\"ListItem\",\"position\":1,\"name\":\"Home\",\"item\":\"https:\/\/bydauto.com.co\/blog\/\"},{\"@type\":\"ListItem\",\"position\":2,\"name\":\"Observa el gran porcentaje de crecimiento de BYD como l\u00edder en la fabricaci\u00f3n de veh\u00edculos de nuevas energ\u00edas\"}]},{\"@type\":\"WebSite\",\"@id\":\"https:\/\/bydauto.com.co\/blog\/#website\",\"url\":\"https:\/\/bydauto.com.co\/blog\/\",\"name\":\"BYD Auto Colombia\",\"description\":\"Te damos la bienvenida al blog oficial de BYD Auto Colombia.\",\"publisher\":{\"@id\":\"https:\/\/bydauto.com.co\/blog\/#organization\"},\"potentialAction\":[{\"@type\":\"SearchAction\",\"target\":{\"@type\":\"EntryPoint\",\"urlTemplate\":\"https:\/\/bydauto.com.co\/blog\/?s={search_term_string}\"},\"query-input\":{\"@type\":\"PropertyValueSpecification\",\"valueRequired\":true,\"valueName\":\"search_term_string\"}}],\"inLanguage\":\"es-CO\"},{\"@type\":\"Organization\",\"@id\":\"https:\/\/bydauto.com.co\/blog\/#organization\",\"name\":\"BYD Auto Colombia\",\"url\":\"https:\/\/bydauto.com.co\/blog\/\",\"logo\":{\"@type\":\"ImageObject\",\"inLanguage\":\"es-CO\",\"@id\":\"https:\/\/bydauto.com.co\/blog\/#\/schema\/logo\/image\/\",\"url\":\"https:\/\/bydauto.com.co\/blog\/wp-content\/uploads\/2025\/10\/cropped-logo_oscuro_7862c2d25a.png\",\"contentUrl\":\"https:\/\/bydauto.com.co\/blog\/wp-content\/uploads\/2025\/10\/cropped-logo_oscuro_7862c2d25a.png\",\"width\":1290,\"height\":250,\"caption\":\"BYD Auto Colombia\"},\"image\":{\"@id\":\"https:\/\/bydauto.com.co\/blog\/#\/schema\/logo\/image\/\"},\"sameAs\":[\"https:\/\/www.facebook.com\/BYDAutoColombia\",\"https:\/\/www.instagram.com\/bydautocolombia\/\",\"https:\/\/www.youtube.com\/channel\/UC5T2CarA3VHbF6buuvcWPXA\"]},{\"@type\":\"Person\",\"@id\":\"https:\/\/bydauto.com.co\/blog\/#\/schema\/person\/97e38996cd8677f633cf07d20d82096f\",\"name\":\"Daniel Torres\",\"image\":{\"@type\":\"ImageObject\",\"inLanguage\":\"es-CO\",\"@id\":\"https:\/\/bydauto.com.co\/blog\/#\/schema\/person\/image\/\",\"url\":\"https:\/\/secure.gravatar.com\/avatar\/460795ba393c7da1a1279ef49917f11f?s=96&d=mm&r=g\",\"contentUrl\":\"https:\/\/secure.gravatar.com\/avatar\/460795ba393c7da1a1279ef49917f11f?s=96&d=mm&r=g\",\"caption\":\"Daniel Torres\"},\"url\":\"https:\/\/bydauto.com.co\/blog\/author\/egt\/\"}]}<\/script>\n<!-- \/ Yoast SEO plugin. -->","yoast_head_json":{"title":"BYD tuvo un crecimiento exponencial por su aporte a la sostenibilidad","description":"Gracias a su crecimiento hist\u00f3rico en ventas en m\u00e1s de 559% comparado con 2021, se ha convertido en la marca l\u00edder en veh\u00edculos el\u00e9ctricos","robots":{"index":"index","follow":"follow","max-snippet":"max-snippet:-1","max-image-preview":"max-image-preview:large","max-video-preview":"max-video-preview:-1"},"canonical":"https:\/\/bydauto.com.co\/blog\/byd-tuvo-crecimiento-exponencial-por-su-aporte-a-la-sostenibilidad\/","og_locale":"es_ES","og_type":"article","og_title":"BYD tuvo un crecimiento exponencial por su aporte a la sostenibilidad","og_description":"Gracias a su crecimiento hist\u00f3rico en ventas en m\u00e1s de 559% comparado con 2021, se ha convertido en la marca l\u00edder en veh\u00edculos el\u00e9ctricos","og_url":"https:\/\/bydauto.com.co\/blog\/byd-tuvo-crecimiento-exponencial-por-su-aporte-a-la-sostenibilidad\/","og_site_name":"BYD Auto Colombia","article_publisher":"https:\/\/www.facebook.com\/BYDAutoColombia","article_published_time":"2023-01-31T23:23:02+00:00","article_modified_time":"2023-01-31T23:23:04+00:00","og_image":[{"width":740,"height":416,"url":"https:\/\/bydauto.com.co\/blog\/wp-content\/uploads\/2022\/08\/vehiculo-byd-cargando.jpg","type":"image\/jpeg"}],"author":"Daniel Torres","twitter_misc":{"Escrito por":"Daniel Torres","Tiempo de lectura":"3 minutos"},"schema":{"@context":"https:\/\/schema.org","@graph":[{"@type":"Article","@id":"https:\/\/bydauto.com.co\/blog\/byd-tuvo-crecimiento-exponencial-por-su-aporte-a-la-sostenibilidad\/#article","isPartOf":{"@id":"https:\/\/bydauto.com.co\/blog\/byd-tuvo-crecimiento-exponencial-por-su-aporte-a-la-sostenibilidad\/"},"author":{"name":"Daniel Torres","@id":"https:\/\/bydauto.com.co\/blog\/#\/schema\/person\/97e38996cd8677f633cf07d20d82096f"},"headline":"Observa el gran porcentaje de crecimiento de BYD como l\u00edder en la fabricaci\u00f3n de veh\u00edculos de nuevas energ\u00edas","datePublished":"2023-01-31T23:23:02+00:00","dateModified":"2023-01-31T23:23:04+00:00","mainEntityOfPage":{"@id":"https:\/\/bydauto.com.co\/blog\/byd-tuvo-crecimiento-exponencial-por-su-aporte-a-la-sostenibilidad\/"},"wordCount":547,"commentCount":0,"publisher":{"@id":"https:\/\/bydauto.com.co\/blog\/#organization"},"image":{"@id":"https:\/\/bydauto.com.co\/blog\/byd-tuvo-crecimiento-exponencial-por-su-aporte-a-la-sostenibilidad\/#primaryimage"},"thumbnailUrl":"https:\/\/bydauto.com.co\/blog\/wp-content\/uploads\/2022\/08\/vehiculo-byd-cargando.jpg","keywords":["movilidad sostenible"],"articleSection":["BYD Colombia","Movilidad sostenible"],"inLanguage":"es-CO","potentialAction":[{"@type":"CommentAction","name":"Comment","target":["https:\/\/bydauto.com.co\/blog\/byd-tuvo-crecimiento-exponencial-por-su-aporte-a-la-sostenibilidad\/#respond"]}]},{"@type":"WebPage","@id":"https:\/\/bydauto.com.co\/blog\/byd-tuvo-crecimiento-exponencial-por-su-aporte-a-la-sostenibilidad\/","url":"https:\/\/bydauto.com.co\/blog\/byd-tuvo-crecimiento-exponencial-por-su-aporte-a-la-sostenibilidad\/","name":"BYD tuvo un crecimiento exponencial por su aporte a la sostenibilidad","isPartOf":{"@id":"https:\/\/bydauto.com.co\/blog\/#website"},"primaryImageOfPage":{"@id":"https:\/\/bydauto.com.co\/blog\/byd-tuvo-crecimiento-exponencial-por-su-aporte-a-la-sostenibilidad\/#primaryimage"},"image":{"@id":"https:\/\/bydauto.com.co\/blog\/byd-tuvo-crecimiento-exponencial-por-su-aporte-a-la-sostenibilidad\/#primaryimage"},"thumbnailUrl":"https:\/\/bydauto.com.co\/blog\/wp-content\/uploads\/2022\/08\/vehiculo-byd-cargando.jpg","datePublished":"2023-01-31T23:23:02+00:00","dateModified":"2023-01-31T23:23:04+00:00","description":"Gracias a su crecimiento hist\u00f3rico en ventas en m\u00e1s de 559% comparado con 2021, se ha convertido en la marca l\u00edder en veh\u00edculos el\u00e9ctricos","breadcrumb":{"@id":"https:\/\/bydauto.com.co\/blog\/byd-tuvo-crecimiento-exponencial-por-su-aporte-a-la-sostenibilidad\/#breadcrumb"},"inLanguage":"es-CO","potentialAction":[{"@type":"ReadAction","target":["https:\/\/bydauto.com.co\/blog\/byd-tuvo-crecimiento-exponencial-por-su-aporte-a-la-sostenibilidad\/"]}]},{"@type":"ImageObject","inLanguage":"es-CO","@id":"https:\/\/bydauto.com.co\/blog\/byd-tuvo-crecimiento-exponencial-por-su-aporte-a-la-sostenibilidad\/#primaryimage","url":"https:\/\/bydauto.com.co\/blog\/wp-content\/uploads\/2022\/08\/vehiculo-byd-cargando.jpg","contentUrl":"https:\/\/bydauto.com.co\/blog\/wp-content\/uploads\/2022\/08\/vehiculo-byd-cargando.jpg","width":740,"height":416,"caption":"Veh\u00edculo blanco el\u00e9ctrico BYD cargando"},{"@type":"BreadcrumbList","@id":"https:\/\/bydauto.com.co\/blog\/byd-tuvo-crecimiento-exponencial-por-su-aporte-a-la-sostenibilidad\/#breadcrumb","itemListElement":[{"@type":"ListItem","position":1,"name":"Home","item":"https:\/\/bydauto.com.co\/blog\/"},{"@type":"ListItem","position":2,"name":"Observa el gran porcentaje de crecimiento de BYD como l\u00edder en la fabricaci\u00f3n de veh\u00edculos de nuevas energ\u00edas"}]},{"@type":"WebSite","@id":"https:\/\/bydauto.com.co\/blog\/#website","url":"https:\/\/bydauto.com.co\/blog\/","name":"BYD Auto Colombia","description":"Te damos la bienvenida al blog oficial de BYD Auto Colombia.","publisher":{"@id":"https:\/\/bydauto.com.co\/blog\/#organization"},"potentialAction":[{"@type":"SearchAction","target":{"@type":"EntryPoint","urlTemplate":"https:\/\/bydauto.com.co\/blog\/?s={search_term_string}"},"query-input":{"@type":"PropertyValueSpecification","valueRequired":true,"valueName":"search_term_string"}}],"inLanguage":"es-CO"},{"@type":"Organization","@id":"https:\/\/bydauto.com.co\/blog\/#organization","name":"BYD Auto Colombia","url":"https:\/\/bydauto.com.co\/blog\/","logo":{"@type":"ImageObject","inLanguage":"es-CO","@id":"https:\/\/bydauto.com.co\/blog\/#\/schema\/logo\/image\/","url":"https:\/\/bydauto.com.co\/blog\/wp-content\/uploads\/2025\/10\/cropped-logo_oscuro_7862c2d25a.png","contentUrl":"https:\/\/bydauto.com.co\/blog\/wp-content\/uploads\/2025\/10\/cropped-logo_oscuro_7862c2d25a.png","width":1290,"height":250,"caption":"BYD Auto Colombia"},"image":{"@id":"https:\/\/bydauto.com.co\/blog\/#\/schema\/logo\/image\/"},"sameAs":["https:\/\/www.facebook.com\/BYDAutoColombia","https:\/\/www.instagram.com\/bydautocolombia\/","https:\/\/www.youtube.com\/channel\/UC5T2CarA3VHbF6buuvcWPXA"]},{"@type":"Person","@id":"https:\/\/bydauto.com.co\/blog\/#\/schema\/person\/97e38996cd8677f633cf07d20d82096f","name":"Daniel Torres","image":{"@type":"ImageObject","inLanguage":"es-CO","@id":"https:\/\/bydauto.com.co\/blog\/#\/schema\/person\/image\/","url":"https:\/\/secure.gravatar.com\/avatar\/460795ba393c7da1a1279ef49917f11f?s=96&d=mm&r=g","contentUrl":"https:\/\/secure.gravatar.com\/avatar\/460795ba393c7da1a1279ef49917f11f?s=96&d=mm&r=g","caption":"Daniel Torres"},"url":"https:\/\/bydauto.com.co\/blog\/author\/egt\/"}]}},"_links":{"self":[{"href":"https:\/\/bydauto.com.co\/blog\/wp-json\/wp\/v2\/posts\/1166"}],"collection":[{"href":"https:\/\/bydauto.com.co\/blog\/wp-json\/wp\/v2\/posts"}],"about":[{"href":"https:\/\/bydauto.com.co\/blog\/wp-json\/wp\/v2\/types\/post"}],"author":[{"embeddable":true,"href":"https:\/\/bydauto.com.co\/blog\/wp-json\/wp\/v2\/users\/4"}],"replies":[{"embeddable":true,"href":"https:\/\/bydauto.com.co\/blog\/wp-json\/wp\/v2\/comments?post=1166"}],"version-history":[{"count":2,"href":"https:\/\/bydauto.com.co\/blog\/wp-json\/wp\/v2\/posts\/1166\/revisions"}],"predecessor-version":[{"id":1180,"href":"https:\/\/bydauto.com.co\/blog\/wp-json\/wp\/v2\/posts\/1166\/revisions\/1180"}],"wp:featuredmedia":[{"embeddable":true,"href":"https:\/\/bydauto.com.co\/blog\/wp-json\/wp\/v2\/media\/981"}],"wp:attachment":[{"href":"https:\/\/bydauto.com.co\/blog\/wp-json\/wp\/v2\/media?parent=1166"}],"wp:term":[{"taxonomy":"category","embeddable":true,"href":"https:\/\/bydauto.com.co\/blog\/wp-json\/wp\/v2\/categories?post=1166"},{"taxonomy":"post_tag","embeddable":true,"href":"https:\/\/bydauto.com.co\/blog\/wp-json\/wp\/v2\/tags?post=1166"}],"curies":[{"name":"wp","href":"https:\/\/api.w.org\/{rel}","templated":true}]}}