{"id":1053,"date":"2022-10-05T18:03:26","date_gmt":"2022-10-05T23:03:26","guid":{"rendered":"https:\/\/bydauto.com.co\/blog\/?p=1053"},"modified":"2022-10-05T18:23:33","modified_gmt":"2022-10-05T23:23:33","slug":"byd-reconocido-por-su-liderazgo-sostenible","status":"publish","type":"post","link":"https:\/\/bydauto.com.co\/blog\/byd-reconocido-por-su-liderazgo-sostenible\/","title":{"rendered":"BYD reconocido por su liderazgo sostenible"},"content":{"rendered":"\n<h1 class=\"wp-block-heading\">En la actualidad, BYD es una de las empresas l\u00edder a nivel mundial en el sector de las energ\u00edas renovables gracias a su esfuerzo por implementar tecnolog\u00edas avanzadas que le permiten al pa\u00eds acercarse cada vez m\u00e1s a la movilidad sostenible.<font _mstmutation=\"1\" _msthash=\"1\"><\/h1>\n\n\n\n<figure class=\"wp-block-image size-large\"><img loading=\"lazy\" decoding=\"async\" width=\"768\" height=\"464\" src=\"https:\/\/bydauto.com.co\/blog\/wp-content\/uploads\/2021\/04\/movilidad-verde.jpg\" alt=\"Auto verde para la movilidad sostenible\" class=\"wp-image-415\" srcset=\"https:\/\/bydauto.com.co\/blog\/wp-content\/uploads\/2021\/04\/movilidad-verde.jpg 768w, https:\/\/bydauto.com.co\/blog\/wp-content\/uploads\/2021\/04\/movilidad-verde-300x181.jpg 300w\" sizes=\"(max-width: 767px) 89vw, (max-width: 1000px) 54vw, (max-width: 1071px) 543px, 580px\" \/><\/figure>\n\n\n\n<p>Esta es la oportunidad para cuidar las pocas reservas f\u00f3siles que quedan en nuestro planeta. Cada uno de nosotros podemos contribuir a la movilidad sostenible, por ejemplo, desplaz\u00e1ndonos en medios de transporte que tengan m\u00ednimo impacto ambiental.<\/p>\n\n\n\n<h2 class=\"wp-block-heading\"><strong _msthash=\"26169\" _msttexthash=\"886886\">La sostenibilidad es tarea de todos<\/strong><\/h2>\n\n\n\n<p>En los \u00faltimos a\u00f1os la naturaleza ha pedido a gritos un cambio en los modelos de consumo y de movilidad, pues <strong>cada vez m\u00e1s nos acercamos a un punto de no retorno donde las nefastas consecuencias para el clima y los seres vivos no tendr\u00e1n soluci\u00f3n<\/strong>.<\/p>\n\n\n\n<p>La movilidad sostenible es una necesidad, por eso este fen\u00f3meno debe ser de inter\u00e9s general. Estas y las futuras generaciones est\u00e1n en peligro, no solo por los eventos naturales que se puedan presentar, sino por los graves problemas respiratorios ocasionados por la p\u00e9sima calidad de aire que se respira hoy en d\u00eda en ciudades con alto flujo vehicular.<\/p>\n\n\n\n<p>Es momento de unir esfuerzos: cada individuo puede aportar hacia la transici\u00f3n de la movilidad sostenible revisando y utilizando opciones de transporte menos contaminantes y perjudiciales para la salud humana.&nbsp;&nbsp;<\/p>\n\n\n\n<p>Te puede interesar: <a href=\"https:\/\/www.canalinstitucional.tv\/carro-electrico-vs-carro-gasolina-ventajas\">\u00bfCu\u00e1l es mejor: carro el\u00e9ctrico o de gasolina? Desc\u00fabrelo aqu\u00ed<\/a><\/p>\n\n\n\n<h2 class=\"wp-block-heading\"><strong>El compromiso de BYD con la movilidad sostenible<\/strong><\/h2>\n\n\n\n<p>BYD se ha esforzado durante a\u00f1os por desarrollar veh\u00edculos innovadores que impulsen a los usuarios a dar el salto hacia la movilidad el\u00e9ctrica sostenible. <\/p>\n\n\n\n<p>Por eso, cuenta&nbsp; con un amplio portafolio de veh\u00edculos el\u00e9ctricos y le apunta a que otros medios de transporte se unan m\u00e1s adelante para conformar un ecosistema de movilidad sostenible.<\/p>\n\n\n\n<p>Te recomendamos: <a href=\"https:\/\/bydauto.com.co\/blog\/a-2030-colombia-espera-llegar-a-la-meta-de-600-vehiculos-electricos\/\">Colombia llegar\u00e1 a 600 mil veh\u00edculos el\u00e9ctricos en el 2030<\/a><\/p>\n\n\n\n<h2 class=\"wp-block-heading\"><strong>\u00bfpor qu\u00e9 aportar a la movilidad sostenible?<\/strong><\/h2>\n\n\n\n<figure class=\"wp-block-image size-large\"><img loading=\"lazy\" decoding=\"async\" width=\"768\" height=\"464\" src=\"https:\/\/bydauto.com.co\/blog\/wp-content\/uploads\/2022\/04\/sostenibilidad-motorysa.jpg\" alt=\"Diferentes manos sosteniendo el planeta dibujado en papel\" class=\"wp-image-882\" srcset=\"https:\/\/bydauto.com.co\/blog\/wp-content\/uploads\/2022\/04\/sostenibilidad-motorysa.jpg 768w, https:\/\/bydauto.com.co\/blog\/wp-content\/uploads\/2022\/04\/sostenibilidad-motorysa-300x181.jpg 300w\" sizes=\"(max-width: 767px) 89vw, (max-width: 1000px) 54vw, (max-width: 1071px) 543px, 580px\" \/><\/figure>\n\n\n\n<p>Adem\u00e1s de contribuir a que el planeta tome un rumbo diferente en t\u00e9rminos ambientales, tambi\u00e9n se traduce como una ventaja para los seres humanos. En este sentido, los veh\u00edculos el\u00e9ctricos, en comparaci\u00f3n con aquellos que funcionan con combustibles f\u00f3siles:<\/p>\n\n\n<ul>\n<li>Son menos contaminantes, pues no emiten gases perjudiciales para el ser humano ni para el medio ambiente.<\/li>\n<li>Tienen mayor eficiencia,\u00a0 pues el motor brinda hasta un 95% de su capacidad en comparaci\u00f3n con el 20%-40% que entregan los motores de combusti\u00f3n interna de gasolina o di\u00e9sel.<\/li>\n<li>Mejora la calidad de vida de las personas que podr\u00e1n respirar un aire m\u00e1s puro.<\/li>\n<li>Su motor hace poco ruido sin perder potencia ni velocidad.<\/li>\n<li><strong>Ayudan a ahorrar dinero, pues su\u00a0 motor es un 56% m\u00e1s econ\u00f3mico que el de un carro de gasolina<\/strong> y hasta 54% m\u00e1s barato que uno di\u00e9sel.<\/li>\n<li>Significa un ahorro a largo plazo porque no son necesarios los mantenimientos frecuentes.\u00a0<\/li>\n<li>Alcanza r\u00e1pidamente altas velocidades al no tener caja de cambios y depender exclusivamente de la presi\u00f3n ejercida sobre el pedal.<\/li>\n<\/ul>\n\n\n<p>Contin\u00faa leyendo: <a href=\"https:\/\/bydauto.com.co\/blog\/practicas-clave-para-una-movilidad-sostenible-y-eficiente\/\">Pr\u00e1cticas clave para una movilidad sostenible y eficiente<\/a><\/p>\n","protected":false},"excerpt":{"rendered":"<p>En la actualidad, BYD es una de las empresas l\u00edder a nivel mundial en el sector de las energ\u00edas renovables gracias a su esfuerzo por implementar tecnolog\u00edas avanzadas que le permiten al pa\u00eds acercarse cada vez m\u00e1s a la movilidad sostenible. Esta es la oportunidad para cuidar las pocas reservas f\u00f3siles que quedan en nuestro &hellip; <\/p>\n<p class=\"link-more\"><a href=\"https:\/\/bydauto.com.co\/blog\/byd-reconocido-por-su-liderazgo-sostenible\/\" class=\"more-link\">Seguir leyendo<span class=\"screen-reader-text\"> &#8220;BYD reconocido por su liderazgo sostenible&#8221;<\/span><\/a><\/p>\n","protected":false},"author":4,"featured_media":415,"comment_status":"open","ping_status":"open","sticky":false,"template":"","format":"standard","meta":{"footnotes":""},"categories":[4,11],"tags":[7],"class_list":["post-1053","post","type-post","status-publish","format-standard","has-post-thumbnail","hentry","category-bydcolombia","category-movilidad-sostenible","tag-vehiculos"],"yoast_head":"<!-- This site is optimized with the Yoast SEO plugin v23.6 - https:\/\/yoast.com\/wordpress\/plugins\/seo\/ -->\n<title>BYD, un l\u00edder de la movilidad sostenible en Colombia<\/title>\n<meta name=\"description\" content=\"Cada individuo puede aportar hacia la transici\u00f3n de la movilidad sostenible utilizando opciones de transporte menos contaminantes\" \/>\n<meta name=\"robots\" content=\"index, follow, max-snippet:-1, max-image-preview:large, max-video-preview:-1\" \/>\n<link rel=\"canonical\" href=\"https:\/\/bydauto.com.co\/blog\/byd-reconocido-por-su-liderazgo-sostenible\/\" \/>\n<meta property=\"og:locale\" content=\"es_ES\" \/>\n<meta property=\"og:type\" content=\"article\" \/>\n<meta property=\"og:title\" content=\"BYD, un l\u00edder de la movilidad sostenible en Colombia\" \/>\n<meta property=\"og:description\" content=\"Cada individuo puede aportar hacia la transici\u00f3n de la movilidad sostenible utilizando opciones de transporte menos contaminantes\" \/>\n<meta property=\"og:url\" content=\"https:\/\/bydauto.com.co\/blog\/byd-reconocido-por-su-liderazgo-sostenible\/\" \/>\n<meta property=\"og:site_name\" content=\"BYD Auto Colombia\" \/>\n<meta property=\"article:publisher\" content=\"https:\/\/www.facebook.com\/BYDAutoColombia\" \/>\n<meta property=\"article:published_time\" content=\"2022-10-05T23:03:26+00:00\" \/>\n<meta property=\"article:modified_time\" content=\"2022-10-05T23:23:33+00:00\" \/>\n<meta property=\"og:image\" content=\"https:\/\/bydauto.com.co\/blog\/wp-content\/uploads\/2021\/04\/movilidad-verde.jpg\" \/>\n\t<meta property=\"og:image:width\" content=\"768\" \/>\n\t<meta property=\"og:image:height\" content=\"464\" \/>\n\t<meta property=\"og:image:type\" content=\"image\/jpeg\" \/>\n<meta name=\"author\" content=\"Daniel Torres\" \/>\n<meta name=\"twitter:label1\" content=\"Escrito por\" \/>\n\t<meta name=\"twitter:data1\" content=\"Daniel Torres\" \/>\n\t<meta name=\"twitter:label2\" content=\"Tiempo de lectura\" \/>\n\t<meta name=\"twitter:data2\" content=\"3 minutos\" \/>\n<script type=\"application\/ld+json\" class=\"yoast-schema-graph\">{\"@context\":\"https:\/\/schema.org\",\"@graph\":[{\"@type\":\"Article\",\"@id\":\"https:\/\/bydauto.com.co\/blog\/byd-reconocido-por-su-liderazgo-sostenible\/#article\",\"isPartOf\":{\"@id\":\"https:\/\/bydauto.com.co\/blog\/byd-reconocido-por-su-liderazgo-sostenible\/\"},\"author\":{\"name\":\"Daniel Torres\",\"@id\":\"https:\/\/bydauto.com.co\/blog\/#\/schema\/person\/97e38996cd8677f633cf07d20d82096f\"},\"headline\":\"BYD reconocido por su liderazgo sostenible\",\"datePublished\":\"2022-10-05T23:03:26+00:00\",\"dateModified\":\"2022-10-05T23:23:33+00:00\",\"mainEntityOfPage\":{\"@id\":\"https:\/\/bydauto.com.co\/blog\/byd-reconocido-por-su-liderazgo-sostenible\/\"},\"wordCount\":545,\"commentCount\":0,\"publisher\":{\"@id\":\"https:\/\/bydauto.com.co\/blog\/#organization\"},\"image\":{\"@id\":\"https:\/\/bydauto.com.co\/blog\/byd-reconocido-por-su-liderazgo-sostenible\/#primaryimage\"},\"thumbnailUrl\":\"https:\/\/bydauto.com.co\/blog\/wp-content\/uploads\/2021\/04\/movilidad-verde.jpg\",\"keywords\":[\"veh\u00edculos\"],\"articleSection\":[\"BYD Colombia\",\"Movilidad sostenible\"],\"inLanguage\":\"es-CO\",\"potentialAction\":[{\"@type\":\"CommentAction\",\"name\":\"Comment\",\"target\":[\"https:\/\/bydauto.com.co\/blog\/byd-reconocido-por-su-liderazgo-sostenible\/#respond\"]}]},{\"@type\":\"WebPage\",\"@id\":\"https:\/\/bydauto.com.co\/blog\/byd-reconocido-por-su-liderazgo-sostenible\/\",\"url\":\"https:\/\/bydauto.com.co\/blog\/byd-reconocido-por-su-liderazgo-sostenible\/\",\"name\":\"BYD, un l\u00edder de la movilidad sostenible en Colombia\",\"isPartOf\":{\"@id\":\"https:\/\/bydauto.com.co\/blog\/#website\"},\"primaryImageOfPage\":{\"@id\":\"https:\/\/bydauto.com.co\/blog\/byd-reconocido-por-su-liderazgo-sostenible\/#primaryimage\"},\"image\":{\"@id\":\"https:\/\/bydauto.com.co\/blog\/byd-reconocido-por-su-liderazgo-sostenible\/#primaryimage\"},\"thumbnailUrl\":\"https:\/\/bydauto.com.co\/blog\/wp-content\/uploads\/2021\/04\/movilidad-verde.jpg\",\"datePublished\":\"2022-10-05T23:03:26+00:00\",\"dateModified\":\"2022-10-05T23:23:33+00:00\",\"description\":\"Cada individuo puede aportar hacia la transici\u00f3n de la movilidad sostenible utilizando opciones de transporte menos contaminantes\",\"breadcrumb\":{\"@id\":\"https:\/\/bydauto.com.co\/blog\/byd-reconocido-por-su-liderazgo-sostenible\/#breadcrumb\"},\"inLanguage\":\"es-CO\",\"potentialAction\":[{\"@type\":\"ReadAction\",\"target\":[\"https:\/\/bydauto.com.co\/blog\/byd-reconocido-por-su-liderazgo-sostenible\/\"]}]},{\"@type\":\"ImageObject\",\"inLanguage\":\"es-CO\",\"@id\":\"https:\/\/bydauto.com.co\/blog\/byd-reconocido-por-su-liderazgo-sostenible\/#primaryimage\",\"url\":\"https:\/\/bydauto.com.co\/blog\/wp-content\/uploads\/2021\/04\/movilidad-verde.jpg\",\"contentUrl\":\"https:\/\/bydauto.com.co\/blog\/wp-content\/uploads\/2021\/04\/movilidad-verde.jpg\",\"width\":768,\"height\":464,\"caption\":\"Representaci\u00f3n de la movilidad verde con un auto\"},{\"@type\":\"BreadcrumbList\",\"@id\":\"https:\/\/bydauto.com.co\/blog\/byd-reconocido-por-su-liderazgo-sostenible\/#breadcrumb\",\"itemListElement\":[{\"@type\":\"ListItem\",\"position\":1,\"name\":\"Home\",\"item\":\"https:\/\/bydauto.com.co\/blog\/\"},{\"@type\":\"ListItem\",\"position\":2,\"name\":\"BYD reconocido por su liderazgo sostenible\"}]},{\"@type\":\"WebSite\",\"@id\":\"https:\/\/bydauto.com.co\/blog\/#website\",\"url\":\"https:\/\/bydauto.com.co\/blog\/\",\"name\":\"BYD Auto Colombia\",\"description\":\"Te damos la bienvenida al blog oficial de BYD Auto Colombia.\",\"publisher\":{\"@id\":\"https:\/\/bydauto.com.co\/blog\/#organization\"},\"potentialAction\":[{\"@type\":\"SearchAction\",\"target\":{\"@type\":\"EntryPoint\",\"urlTemplate\":\"https:\/\/bydauto.com.co\/blog\/?s={search_term_string}\"},\"query-input\":{\"@type\":\"PropertyValueSpecification\",\"valueRequired\":true,\"valueName\":\"search_term_string\"}}],\"inLanguage\":\"es-CO\"},{\"@type\":\"Organization\",\"@id\":\"https:\/\/bydauto.com.co\/blog\/#organization\",\"name\":\"BYD Auto Colombia\",\"url\":\"https:\/\/bydauto.com.co\/blog\/\",\"logo\":{\"@type\":\"ImageObject\",\"inLanguage\":\"es-CO\",\"@id\":\"https:\/\/bydauto.com.co\/blog\/#\/schema\/logo\/image\/\",\"url\":\"https:\/\/bydauto.com.co\/blog\/wp-content\/uploads\/2025\/10\/cropped-logo_oscuro_7862c2d25a.png\",\"contentUrl\":\"https:\/\/bydauto.com.co\/blog\/wp-content\/uploads\/2025\/10\/cropped-logo_oscuro_7862c2d25a.png\",\"width\":1290,\"height\":250,\"caption\":\"BYD Auto Colombia\"},\"image\":{\"@id\":\"https:\/\/bydauto.com.co\/blog\/#\/schema\/logo\/image\/\"},\"sameAs\":[\"https:\/\/www.facebook.com\/BYDAutoColombia\",\"https:\/\/www.instagram.com\/bydautocolombia\/\",\"https:\/\/www.youtube.com\/channel\/UC5T2CarA3VHbF6buuvcWPXA\"]},{\"@type\":\"Person\",\"@id\":\"https:\/\/bydauto.com.co\/blog\/#\/schema\/person\/97e38996cd8677f633cf07d20d82096f\",\"name\":\"Daniel Torres\",\"image\":{\"@type\":\"ImageObject\",\"inLanguage\":\"es-CO\",\"@id\":\"https:\/\/bydauto.com.co\/blog\/#\/schema\/person\/image\/\",\"url\":\"https:\/\/secure.gravatar.com\/avatar\/460795ba393c7da1a1279ef49917f11f?s=96&d=mm&r=g\",\"contentUrl\":\"https:\/\/secure.gravatar.com\/avatar\/460795ba393c7da1a1279ef49917f11f?s=96&d=mm&r=g\",\"caption\":\"Daniel Torres\"},\"url\":\"https:\/\/bydauto.com.co\/blog\/author\/egt\/\"}]}<\/script>\n<!-- \/ Yoast SEO plugin. -->","yoast_head_json":{"title":"BYD, un l\u00edder de la movilidad sostenible en Colombia","description":"Cada individuo puede aportar hacia la transici\u00f3n de la movilidad sostenible utilizando opciones de transporte menos contaminantes","robots":{"index":"index","follow":"follow","max-snippet":"max-snippet:-1","max-image-preview":"max-image-preview:large","max-video-preview":"max-video-preview:-1"},"canonical":"https:\/\/bydauto.com.co\/blog\/byd-reconocido-por-su-liderazgo-sostenible\/","og_locale":"es_ES","og_type":"article","og_title":"BYD, un l\u00edder de la movilidad sostenible en Colombia","og_description":"Cada individuo puede aportar hacia la transici\u00f3n de la movilidad sostenible utilizando opciones de transporte menos contaminantes","og_url":"https:\/\/bydauto.com.co\/blog\/byd-reconocido-por-su-liderazgo-sostenible\/","og_site_name":"BYD Auto Colombia","article_publisher":"https:\/\/www.facebook.com\/BYDAutoColombia","article_published_time":"2022-10-05T23:03:26+00:00","article_modified_time":"2022-10-05T23:23:33+00:00","og_image":[{"width":768,"height":464,"url":"https:\/\/bydauto.com.co\/blog\/wp-content\/uploads\/2021\/04\/movilidad-verde.jpg","type":"image\/jpeg"}],"author":"Daniel Torres","twitter_misc":{"Escrito por":"Daniel Torres","Tiempo de lectura":"3 minutos"},"schema":{"@context":"https:\/\/schema.org","@graph":[{"@type":"Article","@id":"https:\/\/bydauto.com.co\/blog\/byd-reconocido-por-su-liderazgo-sostenible\/#article","isPartOf":{"@id":"https:\/\/bydauto.com.co\/blog\/byd-reconocido-por-su-liderazgo-sostenible\/"},"author":{"name":"Daniel Torres","@id":"https:\/\/bydauto.com.co\/blog\/#\/schema\/person\/97e38996cd8677f633cf07d20d82096f"},"headline":"BYD reconocido por su liderazgo sostenible","datePublished":"2022-10-05T23:03:26+00:00","dateModified":"2022-10-05T23:23:33+00:00","mainEntityOfPage":{"@id":"https:\/\/bydauto.com.co\/blog\/byd-reconocido-por-su-liderazgo-sostenible\/"},"wordCount":545,"commentCount":0,"publisher":{"@id":"https:\/\/bydauto.com.co\/blog\/#organization"},"image":{"@id":"https:\/\/bydauto.com.co\/blog\/byd-reconocido-por-su-liderazgo-sostenible\/#primaryimage"},"thumbnailUrl":"https:\/\/bydauto.com.co\/blog\/wp-content\/uploads\/2021\/04\/movilidad-verde.jpg","keywords":["veh\u00edculos"],"articleSection":["BYD Colombia","Movilidad sostenible"],"inLanguage":"es-CO","potentialAction":[{"@type":"CommentAction","name":"Comment","target":["https:\/\/bydauto.com.co\/blog\/byd-reconocido-por-su-liderazgo-sostenible\/#respond"]}]},{"@type":"WebPage","@id":"https:\/\/bydauto.com.co\/blog\/byd-reconocido-por-su-liderazgo-sostenible\/","url":"https:\/\/bydauto.com.co\/blog\/byd-reconocido-por-su-liderazgo-sostenible\/","name":"BYD, un l\u00edder de la movilidad sostenible en Colombia","isPartOf":{"@id":"https:\/\/bydauto.com.co\/blog\/#website"},"primaryImageOfPage":{"@id":"https:\/\/bydauto.com.co\/blog\/byd-reconocido-por-su-liderazgo-sostenible\/#primaryimage"},"image":{"@id":"https:\/\/bydauto.com.co\/blog\/byd-reconocido-por-su-liderazgo-sostenible\/#primaryimage"},"thumbnailUrl":"https:\/\/bydauto.com.co\/blog\/wp-content\/uploads\/2021\/04\/movilidad-verde.jpg","datePublished":"2022-10-05T23:03:26+00:00","dateModified":"2022-10-05T23:23:33+00:00","description":"Cada individuo puede aportar hacia la transici\u00f3n de la movilidad sostenible utilizando opciones de transporte menos contaminantes","breadcrumb":{"@id":"https:\/\/bydauto.com.co\/blog\/byd-reconocido-por-su-liderazgo-sostenible\/#breadcrumb"},"inLanguage":"es-CO","potentialAction":[{"@type":"ReadAction","target":["https:\/\/bydauto.com.co\/blog\/byd-reconocido-por-su-liderazgo-sostenible\/"]}]},{"@type":"ImageObject","inLanguage":"es-CO","@id":"https:\/\/bydauto.com.co\/blog\/byd-reconocido-por-su-liderazgo-sostenible\/#primaryimage","url":"https:\/\/bydauto.com.co\/blog\/wp-content\/uploads\/2021\/04\/movilidad-verde.jpg","contentUrl":"https:\/\/bydauto.com.co\/blog\/wp-content\/uploads\/2021\/04\/movilidad-verde.jpg","width":768,"height":464,"caption":"Representaci\u00f3n de la movilidad verde con un auto"},{"@type":"BreadcrumbList","@id":"https:\/\/bydauto.com.co\/blog\/byd-reconocido-por-su-liderazgo-sostenible\/#breadcrumb","itemListElement":[{"@type":"ListItem","position":1,"name":"Home","item":"https:\/\/bydauto.com.co\/blog\/"},{"@type":"ListItem","position":2,"name":"BYD reconocido por su liderazgo sostenible"}]},{"@type":"WebSite","@id":"https:\/\/bydauto.com.co\/blog\/#website","url":"https:\/\/bydauto.com.co\/blog\/","name":"BYD Auto Colombia","description":"Te damos la bienvenida al blog oficial de BYD Auto Colombia.","publisher":{"@id":"https:\/\/bydauto.com.co\/blog\/#organization"},"potentialAction":[{"@type":"SearchAction","target":{"@type":"EntryPoint","urlTemplate":"https:\/\/bydauto.com.co\/blog\/?s={search_term_string}"},"query-input":{"@type":"PropertyValueSpecification","valueRequired":true,"valueName":"search_term_string"}}],"inLanguage":"es-CO"},{"@type":"Organization","@id":"https:\/\/bydauto.com.co\/blog\/#organization","name":"BYD Auto Colombia","url":"https:\/\/bydauto.com.co\/blog\/","logo":{"@type":"ImageObject","inLanguage":"es-CO","@id":"https:\/\/bydauto.com.co\/blog\/#\/schema\/logo\/image\/","url":"https:\/\/bydauto.com.co\/blog\/wp-content\/uploads\/2025\/10\/cropped-logo_oscuro_7862c2d25a.png","contentUrl":"https:\/\/bydauto.com.co\/blog\/wp-content\/uploads\/2025\/10\/cropped-logo_oscuro_7862c2d25a.png","width":1290,"height":250,"caption":"BYD Auto Colombia"},"image":{"@id":"https:\/\/bydauto.com.co\/blog\/#\/schema\/logo\/image\/"},"sameAs":["https:\/\/www.facebook.com\/BYDAutoColombia","https:\/\/www.instagram.com\/bydautocolombia\/","https:\/\/www.youtube.com\/channel\/UC5T2CarA3VHbF6buuvcWPXA"]},{"@type":"Person","@id":"https:\/\/bydauto.com.co\/blog\/#\/schema\/person\/97e38996cd8677f633cf07d20d82096f","name":"Daniel Torres","image":{"@type":"ImageObject","inLanguage":"es-CO","@id":"https:\/\/bydauto.com.co\/blog\/#\/schema\/person\/image\/","url":"https:\/\/secure.gravatar.com\/avatar\/460795ba393c7da1a1279ef49917f11f?s=96&d=mm&r=g","contentUrl":"https:\/\/secure.gravatar.com\/avatar\/460795ba393c7da1a1279ef49917f11f?s=96&d=mm&r=g","caption":"Daniel Torres"},"url":"https:\/\/bydauto.com.co\/blog\/author\/egt\/"}]}},"_links":{"self":[{"href":"https:\/\/bydauto.com.co\/blog\/wp-json\/wp\/v2\/posts\/1053"}],"collection":[{"href":"https:\/\/bydauto.com.co\/blog\/wp-json\/wp\/v2\/posts"}],"about":[{"href":"https:\/\/bydauto.com.co\/blog\/wp-json\/wp\/v2\/types\/post"}],"author":[{"embeddable":true,"href":"https:\/\/bydauto.com.co\/blog\/wp-json\/wp\/v2\/users\/4"}],"replies":[{"embeddable":true,"href":"https:\/\/bydauto.com.co\/blog\/wp-json\/wp\/v2\/comments?post=1053"}],"version-history":[{"count":4,"href":"https:\/\/bydauto.com.co\/blog\/wp-json\/wp\/v2\/posts\/1053\/revisions"}],"predecessor-version":[{"id":1062,"href":"https:\/\/bydauto.com.co\/blog\/wp-json\/wp\/v2\/posts\/1053\/revisions\/1062"}],"wp:featuredmedia":[{"embeddable":true,"href":"https:\/\/bydauto.com.co\/blog\/wp-json\/wp\/v2\/media\/415"}],"wp:attachment":[{"href":"https:\/\/bydauto.com.co\/blog\/wp-json\/wp\/v2\/media?parent=1053"}],"wp:term":[{"taxonomy":"category","embeddable":true,"href":"https:\/\/bydauto.com.co\/blog\/wp-json\/wp\/v2\/categories?post=1053"},{"taxonomy":"post_tag","embeddable":true,"href":"https:\/\/bydauto.com.co\/blog\/wp-json\/wp\/v2\/tags?post=1053"}],"curies":[{"name":"wp","href":"https:\/\/api.w.org\/{rel}","templated":true}]}}